{"id":56174,"date":"2017-08-11T05:18:32","date_gmt":"2017-08-11T10:18:32","guid":{"rendered":"http:\/\/fraynelson.com\/blog\/?p=56174"},"modified":"2017-08-10T17:19:08","modified_gmt":"2017-08-10T22:19:08","slug":"alimento-20170813","status":"publish","type":"post","link":"https:\/\/fraynelson.com\/blog\/2017\/08\/11\/alimento-20170813\/","title":{"rendered":"ALIMENTO 20170813"},"content":{"rendered":"<div align=\"center\">\n<p><b>[<\/b> <a href=\"https:\/\/fraynelson.com\/blog\/2017\/08\/11\/alimento-20170813\/\" target=\"_blank\" rel=\"noopener\">Ver en la WEB<\/a> <b>] [<\/b> <a href=\"http:\/\/fraynelson.com\/suscripciones.html\" target=\"_blank\" rel=\"noopener\">Suscribirse \/ Darse de baja<\/a> <b>]<\/b><\/p>\n<\/div>\n<p><!--more--><\/p>\n<table border=\"0\" width=\"80%\" cellspacing=\"2\" cellpadding=\"2\" align=\"center\" bgcolor=\"#ffffcc\">\n<tbody>\n<tr>\n<td>\n<div align=\"center\">\n<table border=\"0\" cellspacing=\"0\" cellpadding=\"0\" align=\"center\" bgcolor=\"#ffffff\">\n<tbody>\n<tr>\n<td colspan=\"2\" bgcolor=\"#ffffcc\">\n<div align=\"center\"><img decoding=\"async\" src=\"http:\/\/fraynelson.com\/banco_imagenes\/casita.jpg\" height=\"115\" \/><\/div>\n<\/td>\n<\/tr>\n<tr>\n<td colspan=\"2\" bgcolor=\"#ffffff\" height=\"1\">\n<div align=\"center\"><span style=\"color: #ffffff; font-family: Arial,Helvetica,sans-serif; font-size: xx-small;\"><img decoding=\"async\" src=\"http:\/\/fraynelson.com\/_blnk.gif\" height=\"1\" vspace=\"1\" \/><\/span><\/div>\n<\/td>\n<\/tr>\n<tr>\n<td colspan=\"2\" bgcolor=\"#ffffff\" height=\"1\">\n<div align=\"center\">\n<table border=\"0\" width=\"98%\" cellspacing=\"0\" cellpadding=\"0\" align=\"center\" bgcolor=\"#590b00\">\n<tbody>\n<tr>\n<td width=\"5\" height=\"45\"><\/td>\n<td>\n<div align=\"center\">\n<p><span class=\"resaltado\"><span style=\"color: #ffffcc; font-family: Arial,Helvetica,sans-serif; font-size: medium;\"><strong>Alimento del Alma<\/strong><\/span><strong><br \/>\n<span style=\"color: #ffffcc; font-family: Arial,Helvetica,sans-serif; font-size: small;\">Domingo 13 de agosto de 2017<\/span><\/strong><\/span><br \/>\n<span style=\"color: #ffffcc; font-family: Arial,Helvetica,sans-serif; font-size: xx-small;\"><span class=\"cierre\">Convento de Santo Domingo, Bogot\u00e1, COLOMBIA.<br \/>\nTel. +57 (1) 249-3385<\/span><\/span><\/p>\n<\/div>\n<\/td>\n<td bgcolor=\"#ffcc99\">\n<div align=\"center\"><span style=\"color: #590b00; font-family: Arial,Helvetica,sans-serif; font-size: small;\"><strong>No. 9310<\/strong><\/span><\/div>\n<\/td>\n<\/tr>\n<\/tbody>\n<\/table>\n<\/div>\n<\/td>\n<\/tr>\n<tr>\n<td colspan=\"2\">\n<table border=\"0\" cellspacing=\"2\" cellpadding=\"2\" align=\"center\">\n<tbody>\n<tr>\n<td valign=\"top\" bgcolor=\"#ffffdd\" height=\"2989\">\n<table border=\"0\" width=\"98%\" align=\"center\">\n<tbody>\n<tr>\n<td colspan=\"2\" bgcolor=\"#ffcc99\">\n<div align=\"center\"><span style=\"color: #590b00; font-family: Verdana,Arial,Helvetica,sans-serif; font-size: small;\"><strong>Cada d\u00eda tiene su gracia&#8230;<\/strong><\/span><\/div>\n<\/td>\n<\/tr>\n<tr bgcolor=\"#ffffff\">\n<td>\n<p align=\"center\"><a href=\"http:\/\/is.gd\/fraynelson20170813\" target=\"_blank\" rel=\"noopener\"><img decoding=\"async\" src=\"http:\/\/fraynelson.com\/banco_imagenes\/b_lagracia.png\" border=\"0\" \/><\/a><\/p>\n<\/td>\n<\/tr>\n<tr>\n<td colspan=\"2\" bgcolor=\"#ffcc99\"><\/td>\n<\/tr>\n<\/tbody>\n<\/table>\n<p>&nbsp;<\/p>\n<p align=\"center\"><a href=\"http:\/\/www.vatican.va\" target=\"_blank\" rel=\"noopener\"><img decoding=\"async\" src=\"http:\/\/fraynelson.com\/banco_imagenes\/boletin_izq_013.jpg\" border=\"0\" \/><\/a><\/p>\n<p>&nbsp;<\/p>\n<table border=\"0\" width=\"98%\" align=\"center\">\n<tbody>\n<tr>\n<td colspan=\"2\" bgcolor=\"#ffcc99\">\n<div align=\"center\"><span style=\"color: #590b00; font-family: Verdana,Arial,Helvetica,sans-serif; font-size: small;\"><strong>A\u00fan m\u00e1s contenido,<br \/>\nen FRAYNELSON.COM y FRAYNELSON.NET:<\/strong><\/span><\/div>\n<\/td>\n<\/tr>\n<tr bgcolor=\"#ffffff\">\n<td>\n<div align=\"center\"><span style=\"color: #590b00; font-size: large;\">\u2022<\/span><\/div>\n<\/td>\n<td><a href=\"http:\/\/fraynelson.com\"><span style=\"color: #000066; font-family: Arial,Helvetica,sans-serif; font-size: small;\"><strong>Inicio<\/strong><\/span><\/a><\/td>\n<\/tr>\n<tr bgcolor=\"#ffffff\">\n<td>\n<div align=\"center\"><span style=\"color: #590b00; font-size: large;\">\u2022<\/span><\/div>\n<\/td>\n<td><a href=\"http:\/\/fraynelson.net\"><span style=\"color: #000066; font-family: Arial,Helvetica,sans-serif; font-size: small;\"><strong>AMIGOS EN LA FE<\/strong><\/span><\/a><\/td>\n<\/tr>\n<tr bgcolor=\"#ffffff\">\n<td>\n<div align=\"center\"><span style=\"color: #590b00; font-size: large;\">\u2022<\/span><\/div>\n<\/td>\n<td><a href=\"http:\/\/fraynelson.com\/calendario.php\"><span style=\"color: #000066; font-family: Arial,Helvetica,sans-serif; font-size: small;\"><strong>Calendario<\/strong><\/span><\/a><\/td>\n<\/tr>\n<tr bgcolor=\"#ffffff\">\n<td>\n<div align=\"center\"><span style=\"color: #590b00; font-size: large;\">\u2022<\/span><\/div>\n<\/td>\n<td><a href=\"https:\/\/fraynelson.com\/blog\/categorias\/audio\"><span style=\"color: #000066; font-family: Arial,Helvetica,sans-serif; font-size: small;\"><strong>Predicaci\u00f3n de viva voz<\/strong><\/span><\/a><\/td>\n<\/tr>\n<tr bgcolor=\"#ffffff\">\n<td>\n<div align=\"center\"><span style=\"color: #590b00; font-size: large;\">\u2022<\/span><\/div>\n<\/td>\n<td><a href=\"http:\/\/fraynelson.com\/homilias.html\"><span style=\"color: #000066; font-family: Arial,Helvetica,sans-serif; font-size: small;\"><strong>Homil\u00edas<\/strong><\/span><\/a><\/td>\n<\/tr>\n<tr bgcolor=\"#ffffff\">\n<td>\n<div align=\"center\"><span style=\"color: #590b00; font-size: large;\">\u2022<\/span><\/div>\n<\/td>\n<td><a href=\"http:\/\/fraynelson.com\/preguntas.php\"><span style=\"color: #000066; font-family: Arial,Helvetica,sans-serif; font-size: small;\"><strong>Preguntas y Respuestas<\/strong><\/span><\/a><\/td>\n<\/tr>\n<tr bgcolor=\"#ffffff\">\n<td>\n<div align=\"center\"><span style=\"color: #590b00; font-size: large;\">\u2022<\/span><\/div>\n<\/td>\n<td><a href=\"http:\/\/fraynelson.com\/imprenta.html\"><span style=\"color: #000066; font-family: Arial,Helvetica,sans-serif; font-size: small;\"><strong>Imprenta (PDF)<\/strong><\/span><\/a><\/td>\n<\/tr>\n<tr bgcolor=\"#ffffff\">\n<td>\n<div align=\"center\"><span style=\"color: #590b00; font-size: large;\">\u2022<\/span><\/div>\n<\/td>\n<td><a href=\"http:\/\/fraynelson.com\/wiki2\"><span style=\"color: #000066; font-family: Arial,Helvetica,sans-serif; font-size: small;\"><strong>Wiki (transcripciones)<\/strong><\/span><\/a><\/td>\n<\/tr>\n<tr bgcolor=\"#ffffff\">\n<td>\n<div align=\"center\"><span style=\"color: #590b00; font-size: large;\">\u2022<\/span><\/div>\n<\/td>\n<td><a href=\"https:\/\/fraynelson.com\/blog\"><span style=\"color: #000066; font-family: Arial,Helvetica,sans-serif; font-size: small;\"><strong>Diario (Weblog)<\/strong><\/span><\/a><\/td>\n<\/tr>\n<tr bgcolor=\"#ffffff\">\n<td>\n<div align=\"center\"><span style=\"color: #590b00; font-size: large;\">\u2022<\/span><\/div>\n<\/td>\n<td><a href=\"http:\/\/fraynelson.com\/comunidad\/\"><span style=\"color: #000066; font-family: Arial,Helvetica,sans-serif; font-size: small;\"><strong>Oraci\u00f3n Compartida<\/strong><\/span><\/a><\/td>\n<\/tr>\n<tr bgcolor=\"#ffffff\">\n<td>\n<div align=\"center\"><span style=\"color: #590b00; font-size: large;\">\u2022<\/span><\/div>\n<\/td>\n<td><a href=\"http:\/\/www.htmlgear.tripod.com\/guest\/control.guest?u=fraynelson0&amp;i=1&amp;a=view\"><span style=\"color: #000066; font-family: Arial,Helvetica,sans-serif; font-size: small;\"><strong>Testimonios<\/strong><\/span><\/a><\/td>\n<\/tr>\n<tr bgcolor=\"#ffffff\">\n<td>\n<div align=\"center\"><span style=\"color: #590b00; font-size: large;\">\u2022<\/span><\/div>\n<\/td>\n<td><a href=\"http:\/\/fraynelson.com\/ayuda.html\"><span style=\"color: #000066; font-family: Arial,Helvetica,sans-serif; font-size: small;\"><strong>C\u00f3mo ayudar<\/strong><\/span><\/a><\/td>\n<\/tr>\n<tr bgcolor=\"#ffffff\">\n<td colspan=\"2\" bgcolor=\"#ffcc99\"><\/td>\n<\/tr>\n<\/tbody>\n<\/table>\n<p>&nbsp;<\/p>\n<p align=\"center\"><a href=\"http:\/\/www.opcolombia.org\" target=\"_blank\" rel=\"noopener\"><img decoding=\"async\" src=\"http:\/\/fraynelson.com\/banco_imagenes\/boletin_izq_02.jpg\" border=\"0\" \/><\/a><\/p>\n<p>&nbsp;<\/p>\n<table border=\"0\" width=\"98%\" align=\"center\">\n<tbody>\n<tr>\n<td colspan=\"2\" bgcolor=\"#ffcc99\">\n<div align=\"center\"><span style=\"color: #590b00; font-family: Verdana,Arial,Helvetica,sans-serif; font-size: small;\"><strong>\u00a1 PONTE AL D\u00cdA !<br \/>\nEstas son nuestras series:<\/strong><\/span><\/div>\n<\/td>\n<\/tr>\n<tr bgcolor=\"#ffffff\">\n<td>\n<div align=\"center\"><span style=\"color: #590b00; font-size: large;\">\u2022<\/span><\/div>\n<\/td>\n<td><a href=\"https:\/\/fraynelson.com\/blog\/categorias\/iglesia-catolica\/biblioteca-pontificia\/\"><span style=\"color: #000066; font-family: Arial,Helvetica,sans-serif; font-size: small;\"><strong>Biblioteca Pontificia<\/strong><\/span><\/a><\/td>\n<\/tr>\n<tr bgcolor=\"#ffffff\">\n<td>\n<div align=\"center\"><span style=\"color: #590b00; font-size: large;\">\u2022<\/span><\/div>\n<\/td>\n<td><a href=\"https:\/\/fraynelson.com\/blog\/categorias\/teologia-espiritual\/las-palabras-del-angel\/\"><span style=\"color: #000066; font-family: Arial,Helvetica,sans-serif; font-size: small;\"><strong>Las Palabras del Angel<\/strong><\/span><\/a><\/td>\n<\/tr>\n<tr bgcolor=\"#ffffff\">\n<td>\n<div align=\"center\"><span style=\"color: #590b00; font-size: large;\">\u2022<\/span><\/div>\n<\/td>\n<td><a href=\"https:\/\/fraynelson.com\/blog\/categorias\/teologia-espiritual\/conoce-tu-dios\/\"><span style=\"color: #000066; font-family: Arial,Helvetica,sans-serif; font-size: small;\"><strong>Conoce a tu Dios (P. Jaime Forero, q.e.p.d)<\/strong><\/span><\/a><\/td>\n<\/tr>\n<tr bgcolor=\"#ffffff\">\n<td>\n<div align=\"center\"><span style=\"color: #590b00; font-size: large;\">\u2022<\/span><\/div>\n<\/td>\n<td><a href=\"https:\/\/fraynelson.com\/blog\/?s=ejercicios+perdon\"><span style=\"color: #000066; font-family: Arial,Helvetica,sans-serif; font-size: small;\"><strong>Ejercicios para el Perd\u00f3n (P. Jaime Forero, q.e.p.d)<\/strong><\/span><\/a><\/td>\n<\/tr>\n<tr bgcolor=\"#ffffff\">\n<td>\n<div align=\"center\"><span style=\"color: #590b00; font-size: large;\">\u2022<\/span><\/div>\n<\/td>\n<td><a href=\"http:\/\/fraynelson.com\/preguntas.php\"><span style=\"color: #000066; font-family: Arial,Helvetica,sans-serif; font-size: small;\"><strong>Preguntas &amp; Respuestas<\/strong><\/span><\/a><\/td>\n<\/tr>\n<tr bgcolor=\"#ffffff\">\n<td>\n<div align=\"center\"><span style=\"color: #590b00; font-size: large;\">\u2022<\/span><\/div>\n<\/td>\n<td><a href=\"http:\/\/www.youtube.com\/view_play_list?p=7155E7B865615CCF&amp;hl=es\"><span style=\"color: #000066; font-family: Arial,Helvetica,sans-serif; font-size: small;\"><strong>Videos publicados en el Bolet\u00edn<\/strong><\/span><\/a><\/td>\n<\/tr>\n<tr bgcolor=\"#ffffff\">\n<td>\n<div align=\"center\"><span style=\"color: #590b00; font-size: large;\">\u2022<\/span><\/div>\n<\/td>\n<td><a href=\"http:\/\/www.youtube.com\/view_play_list?p=E680DA141F25BCF5&amp;hl=es\"><span style=\"color: #000066; font-family: Arial,Helvetica,sans-serif; font-size: small;\"><strong>Cantos publicados en el Bolet\u00edn<\/strong><\/span><\/a><\/td>\n<\/tr>\n<tr bgcolor=\"#ffffff\">\n<td>\n<div align=\"center\"><span style=\"color: #590b00; font-size: large;\">\u2022<\/span><\/div>\n<\/td>\n<td><a href=\"http:\/\/fraynelson.com\/ayuda.html\"><span style=\"color: #000066; font-family: Arial,Helvetica,sans-serif; font-size: small;\"><strong>C\u00f3mo ayudar<\/strong><\/span><\/a><\/td>\n<\/tr>\n<tr bgcolor=\"#ffffff\">\n<td colspan=\"2\" bgcolor=\"#ffcc99\"><\/td>\n<\/tr>\n<\/tbody>\n<\/table>\n<p>&nbsp;<\/p>\n<div align=\"center\">\n<p><span class=\"resaltado\"><span style=\"font-family: Arial,Helvetica,sans-serif; font-size: small;\"><strong>Inscribe tu e-mail en:<br \/>\n<span style=\"color: red;\"><a href=\"http:\/\/www.fraynelson.com\">www.fraynelson.com<\/a><\/span><\/strong><\/span><\/span><\/p>\n<p>&nbsp;<\/p>\n<p align=\"center\"><a href=\"http:\/\/fraynelson.com\/ayuda.html\"><img decoding=\"async\" src=\"http:\/\/fraynelson.com\/banco_imagenes\/boletin_izq_03.jpg\" border=\"0\" \/><\/a><\/p>\n<p><span class=\"resaltado\"><span style=\"font-family: Arial,Helvetica,sans-serif; font-size: small;\"><strong>Una canci\u00f3n <em>gratis<\/em><br \/>\npara este d\u00eda:<br \/>\n<a href=\"http:\/\/fraynelson.com\/cantos\/0505_ante_la_luz.rm\"><span style=\"font-size: x-large;\">Ante La Luz<\/span><\/a><\/strong><\/span><\/span><\/p>\n<p>&nbsp;<\/p>\n<\/div>\n<\/td>\n<td valign=\"top\">\n<div align=\"center\">\n<table border=\"0\" width=\"100%\" cellspacing=\"2\" cellpadding=\"0\" bgcolor=\"#ffffff\">\n<tbody>\n<tr>\n<td>\n<div align=\"left\"><span class=\"titulo1\"><span style=\"color: #590b00; font-family: Arial,Helvetica,sans-serif; font-size: small;\"><strong><em>* Para el DOMINGO: Biblioteca Tomista 035 *<\/em><\/strong><\/span><\/span><\/div>\n<\/td>\n<\/tr>\n<\/tbody>\n<\/table>\n<\/div>\n<table border=\"0\" width=\"100%\" cellspacing=\"0\" cellpadding=\"0\" bgcolor=\"#ffcd88\">\n<tbody>\n<tr>\n<td valign=\"center\" width=\"55%\"><a id=\"1\" name=\"1\"><\/a><\/p>\n<div align=\"left\"><a id=\"1\" name=\"1\"><\/a><img loading=\"lazy\" decoding=\"async\" src=\"http:\/\/fraynelson.com\/banco_imagenes\/arrow.gif\" width=\"16\" height=\"15\" \/><a name=\"1\"><\/a><\/div>\n<\/td>\n<td>\n<div align=\"right\"><span class=\"titulo1\"><span style=\"color: #590b00; font-family: Arial,Helvetica,sans-serif; font-size: x-large;\">\u00bfEl don de entendimiento es solamente especulativo o tiene aplicaciones en la vida concreta?<\/span><\/span><\/div>\n<\/td>\n<\/tr>\n<tr>\n<td colspan=\"2\" valign=\"bottom\" bgcolor=\"#ffffcc\"><img loading=\"lazy\" decoding=\"async\" src=\"http:\/\/fraynelson.com\/banco_imagenes\/transparente.gif\" width=\"8\" height=\"8\" \/><\/td>\n<\/tr>\n<tr>\n<td colspan=\"2\" valign=\"top\" bgcolor=\"#ffffcc\">\n<div align=\"justify\">\n<p><span style=\"color: #000000; font-family: Arial,Helvetica,sans-serif; font-size: small;\">Como ya hemos dicho (a.2), el don de entendimiento no versa solamente sobre las cosas que de forma directa y principal incumben a la fe, sino tambi\u00e9n a todo cuanto est\u00e1 ordenado a ella. Ahora bien, las acciones humanas tienen alguna relaci\u00f3n con la fe, puesto que, como afirma el Ap\u00f3stol, la fe act\u00faa por la caridad (Gal 5,6). Por lo tanto, el don de entendimiento abarca tambi\u00e9n lo particular operable. Sobre esto no act\u00faa de manera principal, sino en cuanto que en nuestro obrar actuamos, seg\u00fan San Agust\u00edn en XII De Trin., por las razones eternas a las que se adhiere la raz\u00f3n superior contempl\u00e1ndolas y consult\u00e1ndolas. La perfecci\u00f3n de esta raz\u00f3n superior es obra del don de entendimiento. (<em>S. Th., II-II, q.8, a.3, resp.<\/em>)<\/span><\/p>\n<hr \/>\n<p>[Estos fragmentos han sido tomados de la <em>Suma Teol\u00f3gica<\/em> de Santo Tom\u00e1s, en la segunda secci\u00f3n de la segunda parte. Pueden leerse en orden los fragmentos publicados haciendo clic <a href=\"https:\/\/fraynelson.com\/blog\/categorias\/santo_tomas\/suma-teologica-fragmentos\/?order=ASC\">aqu\u00ed<\/a>.]<\/p>\n<p><span style=\"color: #000000; font-family: Arial,Helvetica,sans-serif; font-size: small;\"><strong>Fr. Nelson M.<br \/>\namigos@fraynelson.com<\/strong><\/span><\/p>\n<\/div>\n<\/td>\n<\/tr>\n<tr bgcolor=\"#ffffcc\">\n<td colspan=\"2\" valign=\"bottom\"><img loading=\"lazy\" decoding=\"async\" src=\"http:\/\/fraynelson.com\/banco_imagenes\/transparente.gif\" width=\"8\" height=\"8\" \/><a class=\"linksmenu\" href=\"http:\/\/fraynelson.com\/sistema\/boletin\/mactboletin3.php#a\"><span style=\"color: #000066; font-family: Arial,Helvetica,sans-serif; font-size: xx-small;\"><strong>[arriba]<\/strong><\/span><\/a><\/td>\n<\/tr>\n<\/tbody>\n<\/table>\n<table border=\"0\" width=\"100%\" cellspacing=\"0\" cellpadding=\"0\" bgcolor=\"#ffcd88\">\n<tbody>\n<tr>\n<td valign=\"center\" width=\"55%\"><a id=\"2\" name=\"2\"><\/a><\/p>\n<div align=\"left\"><a id=\"2\" name=\"2\"><\/a><img loading=\"lazy\" decoding=\"async\" src=\"http:\/\/fraynelson.com\/banco_imagenes\/arrow.gif\" width=\"16\" height=\"15\" \/><\/div>\n<\/td>\n<td>\n<div align=\"right\"><span class=\"titulo1\"><span style=\"color: #590b00; font-family: Arial,Helvetica,sans-serif; font-size: medium;\"><strong>La Foto de Hoy<\/strong><\/span><\/span><\/div>\n<\/td>\n<\/tr>\n<tr>\n<td colspan=\"2\" valign=\"bottom\" bgcolor=\"#ffffcc\"><img loading=\"lazy\" decoding=\"async\" src=\"http:\/\/fraynelson.com\/banco_imagenes\/transparente.gif\" width=\"8\" height=\"8\" \/><\/td>\n<\/tr>\n<tr>\n<td colspan=\"2\" valign=\"top\" bgcolor=\"#ffffcc\">\n<div align=\"center\">\n<p><span style=\"color: #000000; font-family: Arial,Helvetica,sans-serif; font-size: xx-small;\"><a href=\"http:\/\/fraynelson.com\/fotodeldia.php\"><img decoding=\"async\" src=\"http:\/\/fraynelson.com\/banco_imagenes\/diario\/20170813.jpg\" width=\"320\" border=\"0\" \/><\/a><br \/>\n<em>Bicicletas del futuro&#8230; dicen ellos.<\/em><\/span><\/p>\n<\/div>\n<\/td>\n<\/tr>\n<tr bgcolor=\"#ffffcc\">\n<td colspan=\"2\" valign=\"bottom\"><img loading=\"lazy\" decoding=\"async\" src=\"http:\/\/fraynelson.com\/banco_imagenes\/transparente.gif\" width=\"8\" height=\"8\" \/><a class=\"linksmenu\" href=\"http:\/\/fraynelson.com\/sistema\/boletin\/mactboletin3.php#a\"><span style=\"color: #000066; font-family: Arial,Helvetica,sans-serif; font-size: xx-small;\"><strong>[arriba]<\/strong><\/span><\/a><\/td>\n<\/tr>\n<\/tbody>\n<\/table>\n<table border=\"0\" width=\"100%\" cellspacing=\"0\" cellpadding=\"0\" bgcolor=\"#ffcd88\">\n<tbody>\n<tr>\n<td valign=\"center\" width=\"55%\"><a id=\"3a\" name=\"3a\"><\/a><\/p>\n<div align=\"left\"><a id=\"3a\" name=\"3a\"><\/a><img loading=\"lazy\" decoding=\"async\" src=\"http:\/\/fraynelson.com\/banco_imagenes\/arrow.gif\" width=\"16\" height=\"15\" \/><\/div>\n<\/td>\n<td>\n<div align=\"right\"><span class=\"titulo1\"><span style=\"color: #590b00; font-family: Arial,Helvetica,sans-serif; font-size: medium;\"><strong>Santo del D\u00eda<\/strong><\/span><\/span><\/div>\n<\/td>\n<\/tr>\n<tr>\n<td colspan=\"2\" valign=\"bottom\" bgcolor=\"#ffffcc\"><img loading=\"lazy\" decoding=\"async\" src=\"http:\/\/fraynelson.com\/banco_imagenes\/transparente.gif\" width=\"8\" height=\"8\" \/><\/td>\n<\/tr>\n<tr>\n<td colspan=\"2\" valign=\"top\" bgcolor=\"#ffffcc\">\n<div align=\"left\">\n<p><span style=\"color: #000000; font-family: Arial,Helvetica,sans-serif; font-size: small;\"><b>San Estanislao de Kostka, Seminarista<\/b>.- <\/span><\/p>\n<p><span style=\"color: #000000; font-family: Arial,Helvetica,sans-serif; font-size: small;\">Era hijo de un rico senador de Polonia y naci\u00f3 en el a\u00f1o de 1550. A los 14 a\u00f1os fue admitido en un Colegio Jesuita, donde se educ\u00f3.<\/span><\/p>\n<p>Durante esta misma \u00e9poca, su padre lo hosped\u00f3 en la casa de un calvinista protestante, el cual trataba mal a los cat\u00f3licos que eran fervorosos.<\/p>\n<p>Tambi\u00e9n sufr\u00eda mucho por su hermano mayor, Pablo, quien viv\u00eda mundanamente, todo lo contrario que Estanislao, quien desde muy joven fue recogido y piadoso.<\/p>\n<p>Todo esto fue formando su personalidad y lo fue desprendiendo del mundo, donde la gente muchas veces no sabe hacer felices a los dem\u00e1s.<\/p>\n<p>Ante la negativa de su padre de responder a la vocaci\u00f3n de sacerdote, Estanislao decidi\u00f3 huir. Quiso hacerse jesuita en su pa\u00eds, pero los padres de esa Comunidad no lo aceptaron por no ganarse de enemigo a su pap\u00e1.<\/p>\n<p>Entonces, emprendi\u00f3 una caminata de 500 kil\u00f3metros, primero a Alemania, donde fue recibido amablemente por el Superior regional de los Jesuitas, San Pedro Canisio, y luego hasta Roma, donde el Superior general, San Francisco de Borja, lo acogi\u00f3 con especial afecto.<\/p>\n<p>Al principio se dedic\u00f3 a oficios humildes y dom\u00e9sticos, tarea que hizo con muy buena voluntad y alegr\u00eda, a pesar de que por venir de familia adinerada, no estaba habituado a este tipo de trabajos. Fue admitido en el Noviciado, donde pas\u00f3 s\u00f3lo nueve meses.<\/p>\n<p>Su amor a Jes\u00fas Sacramentado era tan fuerte, que cuando entraba al templo, su rostro se enrojec\u00eda y resplandec\u00eda. Durante la Misa, o despu\u00e9s de comulgar, era frecuentemente arrebatado en \u00e9xtasis, sin darse cuenta de lo que suced\u00eda a su alrededor.<\/p>\n<p>El 15 de agosto de 1568, cuando s\u00f3lo ten\u00eda 18 a\u00f1os, falleci\u00f3. Poco despu\u00e9s, su hermano Pablo lleg\u00f3 a Polonia para llev\u00e1rselo por la fuerza, y se encontr\u00f3 con la noticia de que Estanislao hab\u00eda muerto. A ra\u00edz de esto, Pablo se convirti\u00f3 en un fervoroso creyente y asisti\u00f3 a la beatificaci\u00f3n de su hermano.<\/p>\n<p>Por intercesi\u00f3n de San Estanislao, se obtuvieron numerosos milagros. El Santo Padre lo canoniz\u00f3 y lo declar\u00f3 Patrono de los novicios y de los que se preparan al sacerdocio.<\/p>\n<\/div>\n<\/td>\n<\/tr>\n<tr bgcolor=\"#ffffcc\">\n<td colspan=\"2\" valign=\"bottom\"><img loading=\"lazy\" decoding=\"async\" src=\"http:\/\/fraynelson.com\/banco_imagenes\/transparente.gif\" width=\"8\" height=\"8\" \/><a class=\"linksmenu\" href=\"http:\/\/fraynelson.com\/sistema\/boletin\/mactboletin3.php#a\"><span style=\"color: #000066; font-family: Arial,Helvetica,sans-serif; font-size: xx-small;\"><strong>[arriba]<\/strong><\/span><\/a><\/td>\n<\/tr>\n<\/tbody>\n<\/table>\n<table border=\"0\" width=\"100%\" cellspacing=\"0\" cellpadding=\"0\" bgcolor=\"#ffcd88\">\n<tbody>\n<tr>\n<td valign=\"center\" width=\"55%\"><a id=\"3b\" name=\"3b\"><\/a><\/p>\n<div align=\"left\"><a id=\"3b\" name=\"3b\"><\/a><img loading=\"lazy\" decoding=\"async\" src=\"http:\/\/fraynelson.com\/banco_imagenes\/arrow.gif\" width=\"16\" height=\"15\" \/><\/div>\n<\/td>\n<td>\n<div align=\"right\"><span class=\"titulo1\"><span style=\"color: #590b00; font-family: Arial,Helvetica,sans-serif; font-size: medium;\"><strong>Cumplea\u00f1os<\/strong><\/span><\/span><\/div>\n<\/td>\n<\/tr>\n<tr>\n<td colspan=\"2\" valign=\"bottom\" bgcolor=\"#ffffcc\"><img loading=\"lazy\" decoding=\"async\" src=\"http:\/\/fraynelson.com\/banco_imagenes\/transparente.gif\" width=\"8\" height=\"8\" \/><\/td>\n<\/tr>\n<tr>\n<td colspan=\"2\" valign=\"top\" bgcolor=\"#ffffcc\">\n<div align=\"left\">\n<p><span style=\"color: #000000; font-family: Arial,Helvetica,sans-serif; font-size: small;\"><img decoding=\"async\" src=\"http:\/\/fraynelson.com\/banco_imagenes\/cumple.gif\" border=\"0\" \/> <b>Jeffrey Platts <\/b>.- Washington DC, USA<\/span><\/p>\n<p><span style=\"color: #000000; font-family: Arial,Helvetica,sans-serif; font-size: small;\"><img decoding=\"async\" src=\"http:\/\/fraynelson.com\/banco_imagenes\/cumple.gif\" border=\"0\" \/> <b>Martha Emilia Olarte Mej\u00eda<\/b>.- Bogot\u00e1, Colombia <\/span><\/p>\n<p><span style=\"color: #000000; font-family: Arial,Helvetica,sans-serif; font-size: small;\"><img decoding=\"async\" src=\"http:\/\/fraynelson.com\/banco_imagenes\/cumple.gif\" border=\"0\" \/> <b>Daniel Bernal<\/b>.- Bogot\u00e0, Colombia <\/span><\/p>\n<p><span style=\"color: #000000; font-family: Arial,Helvetica,sans-serif; font-size: small;\"><img decoding=\"async\" src=\"http:\/\/fraynelson.com\/banco_imagenes\/cumple.gif\" border=\"0\" \/> <b>Luis Ferm\u00edn Ortiz Zarate<\/b>.- Bogot\u00e1, Colombia (1956) &#8211; Aunque estemos separados, pido a papito Dios, a la virgencita y al Esp\u00edritu Santo que lo bendiga inmensamente, le conceda sabidur\u00eda, inteligencia y discernimiento. lo perdono por todo el da\u00f1o que nos causo e igualmente que a trav\u00e9s de mi se\u00f1or Jes\u00fas me perdone si tuve en algo culpa tambi\u00e9n.Dios te amo much\u00edsimo&#8230; Cenaida<\/span><\/p>\n<p><span style=\"color: #000000; font-family: Arial,Helvetica,sans-serif; font-size: small;\"><img decoding=\"async\" src=\"http:\/\/fraynelson.com\/banco_imagenes\/cumple.gif\" border=\"0\" \/> <b>Carolina Florencia Cantore<\/b>.- Buenos Aires, Argentina (1982)<\/span><\/p>\n<p><span style=\"color: #000000; font-family: Arial,Helvetica,sans-serif; font-size: small;\"><img decoding=\"async\" src=\"http:\/\/fraynelson.com\/banco_imagenes\/cumple.gif\" border=\"0\" \/> <b>Andrea Wesley Puentes<\/b>.- Bogot\u00e1, Colombia &#8211; Hijita preciosa, que Dios, la Virgen y todos los angelitos cuiden de ti hoy y siempre. Que todos tus sue\u00f1os se realicen&#8230; eres una buena hija, madre, y esposa. felizzz cumplea\u00f1os&#8230; besos y abrazos tu madre que te ama&#8230; Dios te bendiga<\/span><\/p>\n<p><span style=\"color: #000000; font-family: Arial,Helvetica,sans-serif; font-size: small;\"><img decoding=\"async\" src=\"http:\/\/fraynelson.com\/banco_imagenes\/cumple.gif\" border=\"0\" \/> <b>Carmen Rosa de Puentes<\/b>.- Bogot\u00e1, Colombia &#8211; Mamita, mi viejita preciosa, hoy estar\u00edas cumplendo a\u00f1os, pero Dios quiso que los cumplieras junto a \u00c9l, siempre estabamos contigo, pero sabemos que tambi\u00e9n hoy desde el cielo estas sonriendonos y dandonos tu bendici\u00f3n&#8230; Descansa en paz de tus hijos, nietos,y bisnietos.<\/span><\/p>\n<p><span style=\"color: #000000; font-family: Arial,Helvetica,sans-serif; font-size: small;\">[<a href=\"http:\/\/fraynelson.com\/calendario.php\">A\u00f1ade otro cumplea\u00f1os<\/a>]<\/span><\/p>\n<\/div>\n<\/td>\n<\/tr>\n<tr bgcolor=\"#ffffcc\">\n<td colspan=\"2\" valign=\"bottom\"><img loading=\"lazy\" decoding=\"async\" src=\"http:\/\/fraynelson.com\/banco_imagenes\/transparente.gif\" width=\"8\" height=\"8\" \/><a class=\"linksmenu\" href=\"http:\/\/fraynelson.com\/sistema\/boletin\/mactboletin3.php#a\"><span style=\"color: #000066; font-family: Arial,Helvetica,sans-serif; font-size: xx-small;\"><strong>[arriba]<\/strong><\/span><\/a><\/td>\n<\/tr>\n<\/tbody>\n<\/table>\n<table border=\"0\" width=\"100%\" cellspacing=\"0\" cellpadding=\"0\" bgcolor=\"#ffcd88\">\n<tbody>\n<tr>\n<td valign=\"center\" width=\"55%\"><a id=\"3c\" name=\"3c\"><\/a><\/p>\n<div align=\"left\"><a id=\"3c\" name=\"3c\"><\/a><img loading=\"lazy\" decoding=\"async\" src=\"http:\/\/fraynelson.com\/banco_imagenes\/arrow.gif\" width=\"16\" height=\"15\" \/><\/div>\n<\/td>\n<td>\n<div align=\"right\"><span class=\"titulo1\"><span style=\"color: #590b00; font-family: Arial,Helvetica,sans-serif; font-size: medium;\"><strong>Bautismos<\/strong><\/span><\/span><\/div>\n<\/td>\n<\/tr>\n<tr>\n<td colspan=\"2\" valign=\"bottom\" bgcolor=\"#ffffcc\"><img loading=\"lazy\" decoding=\"async\" src=\"http:\/\/fraynelson.com\/banco_imagenes\/transparente.gif\" width=\"8\" height=\"8\" \/><\/td>\n<\/tr>\n<tr>\n<td colspan=\"2\" valign=\"top\" bgcolor=\"#ffffcc\">\n<div align=\"left\">\n<p><span style=\"color: #000000; font-family: Arial,Helvetica,sans-serif; font-size: small;\">[<a href=\"http:\/\/fraynelson.com\/calendario.php\">A\u00f1ade otro aniversario de bautismo<\/a>]<\/span><\/p>\n<\/div>\n<\/td>\n<\/tr>\n<tr bgcolor=\"#ffffcc\">\n<td colspan=\"2\" valign=\"bottom\"><img loading=\"lazy\" decoding=\"async\" src=\"http:\/\/fraynelson.com\/banco_imagenes\/transparente.gif\" width=\"8\" height=\"8\" \/><a class=\"linksmenu\" href=\"http:\/\/fraynelson.com\/sistema\/boletin\/mactboletin3.php#a\"><span style=\"color: #000066; font-family: Arial,Helvetica,sans-serif; font-size: xx-small;\"><strong>[arriba]<\/strong><\/span><\/a><\/td>\n<\/tr>\n<\/tbody>\n<\/table>\n<table border=\"0\" width=\"100%\" cellspacing=\"0\" cellpadding=\"0\" bgcolor=\"#ffcd88\">\n<tbody>\n<tr>\n<td valign=\"center\" width=\"55%\"><a id=\"3d\" name=\"3d\"><\/a><\/p>\n<div align=\"left\"><a id=\"3d\" name=\"3d\"><\/a><img loading=\"lazy\" decoding=\"async\" src=\"http:\/\/fraynelson.com\/banco_imagenes\/arrow.gif\" width=\"16\" height=\"15\" \/><\/div>\n<\/td>\n<td>\n<div align=\"right\"><span class=\"titulo1\"><span style=\"color: #590b00; font-family: Arial,Helvetica,sans-serif; font-size: medium;\"><strong>Aniversario de Ordenaci\u00f3n Sacerdotal<\/strong><\/span><\/span><\/div>\n<\/td>\n<\/tr>\n<tr>\n<td colspan=\"2\" valign=\"bottom\" bgcolor=\"#ffffcc\"><img loading=\"lazy\" decoding=\"async\" src=\"http:\/\/fraynelson.com\/banco_imagenes\/transparente.gif\" width=\"8\" height=\"8\" \/><\/td>\n<\/tr>\n<tr>\n<td colspan=\"2\" valign=\"top\" bgcolor=\"#ffffcc\">\n<div align=\"left\">\n<p><span style=\"color: #000000; font-family: Arial,Helvetica,sans-serif; font-size: small;\">[<a href=\"http:\/\/fraynelson.com\/calendario.php\">A\u00f1ade otro aniversario de ordenaci\u00f3n<\/a>]<\/span><\/p>\n<\/div>\n<\/td>\n<\/tr>\n<tr bgcolor=\"#ffffcc\">\n<td colspan=\"2\" valign=\"bottom\"><img loading=\"lazy\" decoding=\"async\" src=\"http:\/\/fraynelson.com\/banco_imagenes\/transparente.gif\" width=\"8\" height=\"8\" \/><a class=\"linksmenu\" href=\"http:\/\/fraynelson.com\/sistema\/boletin\/mactboletin3.php#a\"><span style=\"color: #000066; font-family: Arial,Helvetica,sans-serif; font-size: xx-small;\"><strong>[arriba]<\/strong><\/span><\/a><\/td>\n<\/tr>\n<\/tbody>\n<\/table>\n<table border=\"0\" width=\"100%\" cellspacing=\"0\" cellpadding=\"0\" bgcolor=\"#ffcd88\">\n<tbody>\n<tr>\n<td valign=\"center\" width=\"55%\"><a id=\"3e\" name=\"3e\"><\/a><\/p>\n<div align=\"left\"><a id=\"3e\" name=\"3e\"><\/a><img loading=\"lazy\" decoding=\"async\" src=\"http:\/\/fraynelson.com\/banco_imagenes\/arrow.gif\" width=\"16\" height=\"15\" \/><\/div>\n<\/td>\n<td>\n<div align=\"right\"><span class=\"titulo1\"><span style=\"color: #590b00; font-family: Arial,Helvetica,sans-serif; font-size: medium;\"><strong>Aniversario de Matrimonio<\/strong><\/span><\/span><\/div>\n<\/td>\n<\/tr>\n<tr>\n<td colspan=\"2\" valign=\"bottom\" bgcolor=\"#ffffcc\"><img loading=\"lazy\" decoding=\"async\" src=\"http:\/\/fraynelson.com\/banco_imagenes\/transparente.gif\" width=\"8\" height=\"8\" \/><\/td>\n<\/tr>\n<tr>\n<td colspan=\"2\" valign=\"top\" bgcolor=\"#ffffcc\">\n<div align=\"left\">\n<p><span style=\"color: #000000; font-family: Arial,Helvetica,sans-serif; font-size: small;\"><img decoding=\"async\" src=\"http:\/\/fraynelson.com\/banco_imagenes\/matri.gif\" border=\"0\" \/> <b>Jairo Camargo y Luz Marina Castellanos<\/b>.- Frederick, Estados Unidos (1983) &#8211; Alabado sea Dios por su infinta amor para con nosotros. Alabado sea Jesucristo, Rey de Reyes!!! Gracias Se\u00f1or por haber compartido con nosotros durante estos a\u00f1os de hermoso matrimonio!<\/span><\/p>\n<p><span style=\"color: #000000; font-family: Arial,Helvetica,sans-serif; font-size: small;\">[<a href=\"http:\/\/fraynelson.com\/calendario.php\">A\u00f1ade otro aniversario de matrimonio<\/a>]<\/span><\/p>\n<\/div>\n<\/td>\n<\/tr>\n<tr bgcolor=\"#ffffcc\">\n<td colspan=\"2\" valign=\"bottom\"><img loading=\"lazy\" decoding=\"async\" src=\"http:\/\/fraynelson.com\/banco_imagenes\/transparente.gif\" width=\"8\" height=\"8\" \/><a class=\"linksmenu\" href=\"http:\/\/fraynelson.com\/sistema\/boletin\/mactboletin3.php#a\"><span style=\"color: #000066; font-family: Arial,Helvetica,sans-serif; font-size: xx-small;\"><strong>[arriba]<\/strong><\/span><\/a><\/td>\n<\/tr>\n<\/tbody>\n<\/table>\n<table border=\"0\" width=\"100%\" cellspacing=\"0\" cellpadding=\"0\" bgcolor=\"#ffcd88\">\n<tbody>\n<tr>\n<td valign=\"center\" width=\"55%\"><a id=\"3f\" name=\"3f\"><\/a><\/p>\n<div align=\"left\"><a id=\"3f\" name=\"3f\"><\/a><img loading=\"lazy\" decoding=\"async\" src=\"http:\/\/fraynelson.com\/banco_imagenes\/arrow.gif\" width=\"16\" height=\"15\" \/><\/div>\n<\/td>\n<td>\n<div align=\"right\"><span class=\"titulo1\"><span style=\"color: #590b00; font-family: Arial,Helvetica,sans-serif; font-size: medium;\"><strong>Grupos, Comunidades, Congregaciones&#8230;<\/strong><\/span><\/span><\/div>\n<\/td>\n<\/tr>\n<tr>\n<td colspan=\"2\" valign=\"bottom\" bgcolor=\"#ffffcc\"><img loading=\"lazy\" decoding=\"async\" src=\"http:\/\/fraynelson.com\/banco_imagenes\/transparente.gif\" width=\"8\" height=\"8\" \/><\/td>\n<\/tr>\n<tr>\n<td colspan=\"2\" valign=\"top\" bgcolor=\"#ffffcc\">\n<div align=\"left\">\n<p><span style=\"color: #000000; font-family: Arial,Helvetica,sans-serif; font-size: small;\">[<a href=\"http:\/\/fraynelson.com\/calendario.php\">A\u00f1ade otro aniversario de un grupo<\/a>]<\/span><\/p>\n<\/div>\n<\/td>\n<\/tr>\n<tr bgcolor=\"#ffffcc\">\n<td colspan=\"2\" valign=\"bottom\"><img loading=\"lazy\" decoding=\"async\" src=\"http:\/\/fraynelson.com\/banco_imagenes\/transparente.gif\" width=\"8\" height=\"8\" \/><a class=\"linksmenu\" href=\"http:\/\/fraynelson.com\/sistema\/boletin\/mactboletin3.php#a\"><span style=\"color: #000066; font-family: Arial,Helvetica,sans-serif; font-size: xx-small;\"><strong>[arriba]<\/strong><\/span><\/a><\/td>\n<\/tr>\n<\/tbody>\n<\/table>\n<table border=\"0\" width=\"100%\" cellspacing=\"0\" cellpadding=\"0\" bgcolor=\"#ffcd88\">\n<tbody>\n<tr>\n<td valign=\"center\" width=\"55%\"><a id=\"3g\" name=\"3g\"><\/a><\/p>\n<div align=\"left\"><a id=\"3g\" name=\"3g\"><\/a><img loading=\"lazy\" decoding=\"async\" src=\"http:\/\/fraynelson.com\/banco_imagenes\/arrow.gif\" width=\"16\" height=\"15\" \/><\/div>\n<\/td>\n<td>\n<div align=\"right\"><span class=\"titulo1\"><span style=\"color: #590b00; font-family: Arial,Helvetica,sans-serif; font-size: medium;\"><strong>Evangelizaci\u00f3n Viva para hoy y los pr\u00f3ximos d\u00edas<\/strong><\/span><\/span><\/div>\n<\/td>\n<\/tr>\n<tr>\n<td colspan=\"2\" valign=\"bottom\" bgcolor=\"#ffffcc\"><img loading=\"lazy\" decoding=\"async\" src=\"http:\/\/fraynelson.com\/banco_imagenes\/transparente.gif\" width=\"8\" height=\"8\" \/><\/td>\n<\/tr>\n<tr>\n<td colspan=\"2\" valign=\"top\" bgcolor=\"#ffffcc\">\n<div align=\"left\">\n<p><span style=\"color: #000000; font-family: Arial,Helvetica,sans-serif; font-size: small;\">[<a href=\"http:\/\/fraynelson.com\/calendario.php\">A\u00f1ade otro evento de evangelizaci\u00f3n<\/a>: Son bienvenidas fechas futuras, por ejemplo si deseas dar a conocer alg\u00fan congreso, concierto, retiro, o similares]<\/span><\/p>\n<\/div>\n<\/td>\n<\/tr>\n<tr bgcolor=\"#ffffcc\">\n<td colspan=\"2\" valign=\"bottom\"><img loading=\"lazy\" decoding=\"async\" src=\"http:\/\/fraynelson.com\/banco_imagenes\/transparente.gif\" width=\"8\" height=\"8\" \/><a class=\"linksmenu\" href=\"http:\/\/fraynelson.com\/sistema\/boletin\/mactboletin3.php#a\"><span style=\"color: #000066; font-family: Arial,Helvetica,sans-serif; font-size: xx-small;\"><strong>[arriba]<\/strong><\/span><\/a><\/td>\n<\/tr>\n<\/tbody>\n<\/table>\n<table border=\"0\" width=\"100%\" cellspacing=\"0\" cellpadding=\"0\" bgcolor=\"#ffcd88\">\n<tbody>\n<tr>\n<td valign=\"center\" width=\"55%\"><a id=\"3h\" name=\"3h\"><\/a><\/p>\n<div align=\"left\"><a id=\"3h\" name=\"3h\"><\/a><img loading=\"lazy\" decoding=\"async\" src=\"http:\/\/fraynelson.com\/banco_imagenes\/arrow.gif\" width=\"16\" height=\"15\" \/><\/div>\n<\/td>\n<td>\n<div align=\"right\"><span class=\"titulo1\"><span style=\"color: #590b00; font-family: Arial,Helvetica,sans-serif; font-size: medium;\"><strong>Otras fechas importantes para ti<\/strong><\/span><\/span><\/div>\n<\/td>\n<\/tr>\n<tr>\n<td colspan=\"2\" valign=\"bottom\" bgcolor=\"#ffffcc\"><img loading=\"lazy\" decoding=\"async\" src=\"http:\/\/fraynelson.com\/banco_imagenes\/transparente.gif\" width=\"8\" height=\"8\" \/><\/td>\n<\/tr>\n<tr>\n<td colspan=\"2\" valign=\"top\" bgcolor=\"#ffffcc\">\n<div align=\"left\">\n<p><span style=\"color: #000000; font-family: Arial,Helvetica,sans-serif; font-size: small;\">[<a href=\"http:\/\/fraynelson.com\/calendario.php\">A\u00f1ade otros aniversarios de personas o parejas<\/a>]<\/span><\/p>\n<\/div>\n<\/td>\n<\/tr>\n<tr bgcolor=\"#ffffcc\">\n<td colspan=\"2\" valign=\"bottom\"><img loading=\"lazy\" decoding=\"async\" src=\"http:\/\/fraynelson.com\/banco_imagenes\/transparente.gif\" width=\"8\" height=\"8\" \/><a class=\"linksmenu\" href=\"http:\/\/fraynelson.com\/sistema\/boletin\/mactboletin3.php#a\"><span style=\"color: #000066; font-family: Arial,Helvetica,sans-serif; font-size: xx-small;\"><strong>[arriba]<\/strong><\/span><\/a><\/td>\n<\/tr>\n<\/tbody>\n<\/table>\n<table border=\"0\" width=\"100%\" cellspacing=\"0\" cellpadding=\"0\" bgcolor=\"#ffcd88\">\n<tbody>\n<tr>\n<td valign=\"center\" width=\"55%\"><a id=\"3i\" name=\"3i\"><\/a><\/p>\n<div align=\"left\"><a id=\"3i\" name=\"3i\"><\/a><img loading=\"lazy\" decoding=\"async\" src=\"http:\/\/fraynelson.com\/banco_imagenes\/arrow.gif\" width=\"16\" height=\"15\" \/><\/div>\n<\/td>\n<td>\n<div align=\"right\"><span class=\"titulo1\"><span style=\"color: #590b00; font-family: Arial,Helvetica,sans-serif; font-size: medium;\"><strong>Fallecieron en un d\u00eda como hoy&#8230;<\/strong><\/span><\/span><\/div>\n<\/td>\n<\/tr>\n<tr>\n<td colspan=\"2\" valign=\"bottom\" bgcolor=\"#ffffcc\"><img loading=\"lazy\" decoding=\"async\" src=\"http:\/\/fraynelson.com\/banco_imagenes\/transparente.gif\" width=\"8\" height=\"8\" \/><\/td>\n<\/tr>\n<tr>\n<td colspan=\"2\" valign=\"top\" bgcolor=\"#ffffcc\">\n<div align=\"left\">\n<p><span style=\"color: #000000; font-family: Arial,Helvetica,sans-serif; font-size: small;\"><img decoding=\"async\" src=\"http:\/\/fraynelson.com\/banco_imagenes\/difuntos.gif\" border=\"0\" \/> <b>Jaime Humberto Medina Medina<\/b>.- Bello, Colombia &#8211; Te encuentras en el reino de Dios y en nuestros corazones <\/span><\/p>\n<p><span style=\"color: #000000; font-family: Arial,Helvetica,sans-serif; font-size: small;\"><img decoding=\"async\" src=\"http:\/\/fraynelson.com\/banco_imagenes\/difuntos.gif\" border=\"0\" \/> <b>Miguel Bazan Ortiz y Gabriela Bazan<\/b>.- Morelia, Mich. M\u00e9xico &#8211; Lo que puedo decirles a las personas que est\u00e1n sufriendo en este momento por p\u00e9rdida de un familiar o parientes, que le pidan mucha resignaci\u00f3n y mucho entendimiento para poder entender la gran p\u00e9rdida. Yo no tengo a mi pap\u00e1 y mi mam\u00e1. A mi mam\u00e1 la perd\u00ed hace un a\u00f1o y a mi pap\u00e1 hace m\u00e1s de 20 a\u00f1os y le pido mucho a mi Dios que me de resignaci\u00f3n. Bueno, yo los felicito porque su p\u00e1gina est\u00e1 muy completa, me gusta mucho y muchas felicitaciones, que Dios los bendiga a todos los que participan en esta p\u00e1gina. Que est\u00e9n bien son mis mejores deseos. Hasta Luego. Maria Alma. <\/span><\/p>\n<p><span style=\"color: #000000; font-family: Arial,Helvetica,sans-serif; font-size: small;\">[<a href=\"http:\/\/fraynelson.com\/calendario.php\">A\u00f1ade el nombre de personas fallecidas por las que quieres que oremos<\/a>]<\/span><\/p>\n<\/div>\n<\/td>\n<\/tr>\n<tr bgcolor=\"#ffffcc\">\n<td colspan=\"2\" valign=\"bottom\"><img loading=\"lazy\" decoding=\"async\" src=\"http:\/\/fraynelson.com\/banco_imagenes\/transparente.gif\" width=\"8\" height=\"8\" \/><a class=\"linksmenu\" href=\"http:\/\/fraynelson.com\/sistema\/boletin\/mactboletin3.php#a\"><span style=\"color: #000066; font-family: Arial,Helvetica,sans-serif; font-size: xx-small;\"><strong>[arriba]<\/strong><\/span><\/a><\/td>\n<\/tr>\n<\/tbody>\n<\/table>\n<table border=\"0\" width=\"100%\" cellspacing=\"0\" cellpadding=\"0\" bgcolor=\"#ffcd88\">\n<tbody>\n<tr>\n<td valign=\"center\" width=\"55%\"><a id=\"4\" name=\"4\"><\/a><\/p>\n<div align=\"left\"><a id=\"4\" name=\"4\"><\/a><img loading=\"lazy\" decoding=\"async\" src=\"http:\/\/fraynelson.com\/banco_imagenes\/arrow.gif\" width=\"16\" height=\"15\" \/><\/div>\n<\/td>\n<td>\n<div align=\"right\"><span class=\"titulo1\"><span style=\"color: #590b00; font-family: Arial,Helvetica,sans-serif; font-size: medium;\"><strong>Enlace recomendado para este d\u00eda<\/strong><\/span><\/span><\/div>\n<\/td>\n<\/tr>\n<tr>\n<td colspan=\"2\" valign=\"bottom\" bgcolor=\"#ffffcc\"><img loading=\"lazy\" decoding=\"async\" src=\"http:\/\/fraynelson.com\/banco_imagenes\/transparente.gif\" width=\"8\" height=\"8\" \/><\/td>\n<\/tr>\n<tr>\n<td colspan=\"2\" valign=\"top\" bgcolor=\"#ffffcc\">\n<div align=\"center\">\n<p><span style=\"color: #000000; font-family: Arial,Helvetica,sans-serif; font-size: xx-small;\"><b>Ex satanista confiesa: Hicimos abortos como parte del culto al diablo<\/b><\/span><\/p>\n<p><center><span style=\"color: #000000; font-family: Arial,Helvetica,sans-serif; font-size: xx-small;\"><a href=\"https:\/\/www.evernote.com\/shard\/s254\/sh\/3cc4b6da-2a1d-43f4-a192-95427dd72a37\/36ea2c7d14b9a3bb29d8059903c56bc9\" target=\"_blank\" rel=\"noopener\"><img decoding=\"async\" src=\"http:\/\/fraynelson.com\/banco_imagenes\/recomendados\/20170813.jpg\" alt=\"\" width=\"320\" border=\"0\" \/><\/a><\/span><\/p>\n<div align=\"left\">\n<p><em>&#8220;A trav\u00e9s de la Medalla Milagrosa, Zachary experiment\u00f3 una paz que supera cualquier comprensi\u00f3n. Comenz\u00f3 a ir a la iglesia de San Francisco Javier y en mayo de 2008 (el mes de Mar\u00eda) entr\u00f3 oficialmente en la Iglesia cat\u00f3lica. Actualmente vive en Florida con su esposa&#8230;&#8221; Haz click <a href=\"https:\/\/www.evernote.com\/shard\/s254\/sh\/3cc4b6da-2a1d-43f4-a192-95427dd72a37\/36ea2c7d14b9a3bb29d8059903c56bc9\" target=\"_blank\" rel=\"noopener\">AQU\u00cd<\/a>.<\/em><\/p>\n<\/div>\n<p><\/center><\/div>\n<\/td>\n<\/tr>\n<tr bgcolor=\"#ffffcc\">\n<td colspan=\"2\" valign=\"bottom\"><img loading=\"lazy\" decoding=\"async\" src=\"http:\/\/fraynelson.com\/banco_imagenes\/transparente.gif\" width=\"8\" height=\"8\" \/><a class=\"linksmenu\" href=\"http:\/\/fraynelson.com\/sistema\/boletin\/mactboletin3.php#a\"><span style=\"color: #000066; font-family: Arial,Helvetica,sans-serif; font-size: xx-small;\"><strong>[arriba]<\/strong><\/span><\/a><\/td>\n<\/tr>\n<\/tbody>\n<\/table>\n<table border=\"0\" width=\"100%\" cellspacing=\"0\" cellpadding=\"0\" bgcolor=\"#ffcd88\">\n<tbody>\n<tr>\n<td valign=\"center\" width=\"55%\"><a id=\"5\" name=\"5\"><\/a><\/p>\n<div align=\"left\"><a id=\"5\" name=\"5\"><\/a><img loading=\"lazy\" decoding=\"async\" src=\"http:\/\/fraynelson.com\/banco_imagenes\/arrow.gif\" width=\"16\" height=\"15\" \/><\/div>\n<\/td>\n<td>\n<div align=\"right\"><span class=\"titulo1\"><span style=\"color: #590b00; font-family: Arial,Helvetica,sans-serif; font-size: medium;\"><strong>Un poco de <span style=\"color: red;\"><em>Humor&#8230;<\/em><\/span><\/strong><\/span><\/span><\/div>\n<\/td>\n<\/tr>\n<tr>\n<td colspan=\"2\" valign=\"bottom\" bgcolor=\"#ffffcc\"><img loading=\"lazy\" decoding=\"async\" src=\"http:\/\/fraynelson.com\/banco_imagenes\/transparente.gif\" width=\"8\" height=\"8\" \/><\/td>\n<\/tr>\n<tr>\n<td colspan=\"2\" valign=\"top\" bgcolor=\"#ffffcc\">\n<div align=\"center\">\n<p><span style=\"color: #000000; font-family: Arial,Helvetica,sans-serif; font-size: xx-small;\"><b>Declaraci\u00f3n en la comisar\u00eda<\/b><\/span><\/p>\n<div align=\"left\">\n<p><span style=\"color: #000000; font-family: Arial,Helvetica,sans-serif; font-size: xx-small;\">&#8220;Llevaba cuarenta a\u00f1os conduciendo cuando me dorm\u00ed al volante y tuve un accidente.&#8221;<\/span><\/p>\n<\/div>\n<\/div>\n<\/td>\n<\/tr>\n<tr bgcolor=\"#ffffcc\">\n<td colspan=\"2\" valign=\"bottom\"><img loading=\"lazy\" decoding=\"async\" src=\"http:\/\/fraynelson.com\/banco_imagenes\/transparente.gif\" width=\"8\" height=\"8\" \/><a class=\"linksmenu\" href=\"http:\/\/fraynelson.com\/sistema\/boletin\/mactboletin3.php#a\"><span style=\"color: #000066; font-family: Arial,Helvetica,sans-serif; font-size: xx-small;\"><strong>[arriba]<\/strong><\/span><\/a><\/td>\n<\/tr>\n<\/tbody>\n<\/table>\n<hr \/>\n<hr \/>\n<p><center><\/p>\n<h2>Palabra de Dios<br \/>\npara alimentar tu d\u00eda<\/h2>\n<p><\/center><\/p>\n<hr \/>\n<table border=\"0\" width=\"100%\" cellspacing=\"0\" cellpadding=\"0\" bgcolor=\"#ffcd88\">\n<tbody>\n<tr>\n<td colspan=\"2\" valign=\"top\" bgcolor=\"#ffffff\">\n<div align=\"center\">\n<p><span style=\"color: #000000; font-family: Arial,Helvetica,sans-serif; font-size: small;\">Ciclo A, Tiempo Ordinario,<br \/>\nDomingo de la Semana No. 19<\/span><\/p>\n<\/div>\n<\/td>\n<\/tr>\n<\/tbody>\n<\/table>\n<hr \/>\n<table border=\"0\" width=\"100%\" cellspacing=\"0\" cellpadding=\"0\" bgcolor=\"#ffcd88\">\n<tbody>\n<tr>\n<td valign=\"center\" width=\"55%\"><a id=\"6\" name=\"6\"><\/a><\/p>\n<div align=\"left\"><a id=\"6\" name=\"6\"><\/a><img loading=\"lazy\" decoding=\"async\" src=\"http:\/\/fraynelson.com\/banco_imagenes\/arrow.gif\" width=\"16\" height=\"15\" \/><\/div>\n<\/td>\n<td>\n<div align=\"right\"><span class=\"titulo1\"><span style=\"color: #590b00; font-family: Arial,Helvetica,sans-serif; font-size: medium;\"><strong>Lecturas de la S. Biblia<\/strong><\/span><\/span><\/div>\n<\/td>\n<\/tr>\n<tr>\n<td colspan=\"2\" valign=\"bottom\" bgcolor=\"#ffffcc\"><img loading=\"lazy\" decoding=\"async\" src=\"http:\/\/fraynelson.com\/banco_imagenes\/transparente.gif\" width=\"8\" height=\"8\" \/><\/td>\n<\/tr>\n<tr>\n<td colspan=\"2\" valign=\"top\" bgcolor=\"#ffffcc\">\n<div align=\"justify\">\n<p><span style=\"color: #000000; font-family: Arial,Helvetica,sans-serif; font-size: small;\"><b>Temas de las lecturas: <\/b>Ponte de pie en el monte ante el Se\u00f1or * Mu\u00e9stranos, Se\u00f1or, tu misericordia y danos tu salvaci\u00f3n. * Quisiera ser un proscrito por el bien de mis hermanos * M\u00e1ndame ir hacia ti andando sobre el agua<\/span><\/p>\n<p><span style=\"color: #000000; font-family: Arial,Helvetica,sans-serif; font-size: small;\"><b>Textos para este d\u00eda: <\/b><\/span><\/p>\n<p><span style=\"color: #000000; font-family: Arial,Helvetica,sans-serif; font-size: small;\"><b>1 Reyes 19,9a.11-13a<\/b>: <\/span><\/p>\n<p><span style=\"color: #000000; font-family: Arial,Helvetica,sans-serif; font-size: small;\">En aquellos d\u00edas, cuando El\u00edas lleg\u00f3 al Horeb, el monte de Dios, se meti\u00f3 en una cueva donde pas\u00f3 la noche. El Se\u00f1or le dijo: &#8220;Sal y ponte de pie en el monte ante el Se\u00f1or. \u00a1El Se\u00f1or va a pasar!&#8221; Vino un hurac\u00e1n tan violento que descuajaba los montes y hac\u00eda trizas las pe\u00f1as delante del Se\u00f1or; pero el Se\u00f1or no estaba en el viento. Despu\u00e9s del viento, vino un terremoto; pero el Se\u00f1or no estaba en el terremoto. Despu\u00e9s del terremoto, vino un fuego; pero el Se\u00f1or no estaba en el fuego. Despu\u00e9s del fuego, se oy\u00f3 una brisa tenue; al sentirla, El\u00edas se tap\u00f3 el rostro con el manto, sali\u00f3 afuera y se puso en pie a la entrada de la cueva.<\/span><\/p>\n<p><span style=\"color: #000000; font-family: Arial,Helvetica,sans-serif; font-size: small;\"><b>Salmo 84<\/b>: <\/span><\/p>\n<p><span style=\"color: #000000; font-family: Arial,Helvetica,sans-serif; font-size: small;\">Voy a escuchar lo que dice el Se\u00f1or: \/ &#8220;Dios anuncia la paz a su pueblo y a sus amigos.&#8221; \/ La salvaci\u00f3n est\u00e1 ya cerca de sus fieles, \/ y la gloria habitar\u00e1 en nuestra tierra. R. <\/span><\/p>\n<p><span style=\"color: #000000; font-family: Arial,Helvetica,sans-serif; font-size: small;\">La misericordia y la fidelidad se encuentran, \/ la justicia y la paz se besan; \/ la fidelidad brota de la tierra, \/ y la justicia mira desde el cielo. R. <\/span><\/p>\n<p><span style=\"color: #000000; font-family: Arial,Helvetica,sans-serif; font-size: small;\">El Se\u00f1or nos dar\u00e1 la lluvia, \/ y nuestra tierra dar\u00e1 su fruto. \/ La justicia marchar\u00e1 ante \u00e9l, \/ la salvaci\u00f3n seguir\u00e1 sus pasos. R.<\/span><\/p>\n<p><span style=\"color: #000000; font-family: Arial,Helvetica,sans-serif; font-size: small;\"><b>Romanos 9,1-5<\/b>: <\/span><\/p>\n<p><span style=\"color: #000000; font-family: Arial,Helvetica,sans-serif; font-size: small;\">Hermanos: Digo la verdad en Cristo; mi conciencia, iluminada por el Esp\u00edritu Santo, me asegura que no miento. Siento una gran pena y un dolor incesante, en mi coraz\u00f3n, pues por el bien de mis hermanos, los de mi raza seg\u00fan la carne, quisiera incluso ser un proscrito lejos de Cristo. Ellos descienden de Israel, fueron adoptados como hijos, tienen la presencia de Dios, la alianza, la ley, el culto y las promesas. Suyos son los patriarcas, de quienes, seg\u00fan la carne, naci\u00f3 el Mes\u00edas, el que est\u00e1 por encima de todo: Dios bendito por los siglos. Am\u00e9n.<\/span><\/p>\n<p><span style=\"color: #000000; font-family: Arial,Helvetica,sans-serif; font-size: small;\"><b>Mateo 14,22-33<\/b>: <\/span><\/p>\n<p><span style=\"color: #000000; font-family: Arial,Helvetica,sans-serif; font-size: small;\">Despu\u00e9s que la gente se hubo saciado, Jes\u00fas apremi\u00f3 a sus disc\u00edpulos a que subieran a la barca y se le adelantaran a la otra orilla, mientras \u00e9l desped\u00eda a la gente. Y, despu\u00e9s de despedir a la gente, subi\u00f3 al monte a solas para orar. Llegada la noche, estaba all\u00ed solo. Mientras tanto, la barca iba ya muy lejos de tierra, sacudida por las olas, porque el viento era contrario. <\/span><\/p>\n<p><span style=\"color: #000000; font-family: Arial,Helvetica,sans-serif; font-size: small;\">De madrugada se les acerc\u00f3 Jes\u00fas, andando sobre el agua. Los disc\u00edpulos, vi\u00e9ndole andar sobre el agua, se asustaron y gritaron de miedo, pensando que era un fantasma. Jes\u00fas les dijo en seguida: &#8220;\u00a1\u00c1nimo, soy yo, no teng\u00e1is miedo!&#8221; Pedro le contest\u00f3: &#8220;Se\u00f1or, si eres t\u00fa, m\u00e1ndame ir hacia ti andando sobre el agua.&#8221; \u00c9l le dijo: &#8220;Ven.&#8221; Pedro baj\u00f3 de la barca y ech\u00f3 a andar sobre el agua, acerc\u00e1ndose a Jes\u00fas; pero, al sentir la fuerza del viento, le entr\u00f3 miedo, empez\u00f3 a hundirse y grit\u00f3: &#8220;Se\u00f1or, s\u00e1lvame.&#8221; En seguida Jes\u00fas extendi\u00f3 la mano, lo agarr\u00f3 y le dijo: &#8220;\u00a1Qu\u00e9 poca fe! \u00bfPor qu\u00e9 has dudado?&#8221; En cuanto subieron a la barca, amain\u00f3 el viento. Los de la barca se postraron ante \u00e9l, diciendo: &#8220;Realmente eres Hijo de Dios.&#8221;<\/span><\/p>\n<\/div>\n<\/td>\n<\/tr>\n<tr bgcolor=\"#ffffcc\">\n<td colspan=\"2\" valign=\"bottom\"><img loading=\"lazy\" decoding=\"async\" src=\"http:\/\/fraynelson.com\/banco_imagenes\/transparente.gif\" width=\"8\" height=\"8\" \/><a class=\"linksmenu\" href=\"http:\/\/fraynelson.com\/sistema\/boletin\/mactboletin3.php#a\"><span style=\"color: #000066; font-family: Arial,Helvetica,sans-serif; font-size: xx-small;\"><strong>[arriba]<\/strong><\/span><\/a><\/td>\n<\/tr>\n<\/tbody>\n<\/table>\n<table border=\"0\" width=\"100%\" cellspacing=\"0\" cellpadding=\"0\" bgcolor=\"#ffcd88\">\n<tbody>\n<tr>\n<td valign=\"center\" width=\"55%\"><a id=\"7\" name=\"7\"><\/a><\/p>\n<div align=\"left\"><a id=\"7\" name=\"7\"><\/a><img loading=\"lazy\" decoding=\"async\" src=\"http:\/\/fraynelson.com\/banco_imagenes\/arrow.gif\" width=\"16\" height=\"15\" \/><\/div>\n<\/td>\n<td>\n<div align=\"right\"><span class=\"titulo1\"><span style=\"color: #590b00; font-family: Arial,Helvetica,sans-serif; font-size: medium;\"><strong>Homil\u00edas para escuchar<\/strong><\/span><\/span><\/div>\n<\/td>\n<\/tr>\n<tr>\n<td colspan=\"2\" valign=\"bottom\" bgcolor=\"#ffffcc\"><img loading=\"lazy\" decoding=\"async\" src=\"http:\/\/fraynelson.com\/banco_imagenes\/transparente.gif\" width=\"8\" height=\"8\" \/><\/td>\n<\/tr>\n<tr>\n<td colspan=\"2\" valign=\"top\" bgcolor=\"#ffffcc\">\n<div align=\"center\">\n<table border=\"2\" width=\"80%\" cellspacing=\"2\" cellpadding=\"2\">\n<tbody>\n<tr>\n<th valign=\"center\" bgcolor=\"#ffcc99\">\n<h4>Versi\u00f3n<\/h4>\n<\/th>\n<th valign=\"center\" bgcolor=\"#ffcc99\">\n<h4>Fecha<\/h4>\n<\/th>\n<th valign=\"center\" bgcolor=\"#ffcc99\">\n<h4>Escuchar<\/h4>\n<\/th>\n<th valign=\"center\" bgcolor=\"#ffcc99\">\n<h4>M\u00e1s&#8230;<\/h4>\n<\/th>\n<\/tr>\n<tr>\n<td bgcolor=\"#FFFFBD\">\n<p align=\"center\">1<\/p>\n<\/td>\n<td bgcolor=\"#FFFFBD\">1996\/08\/11<\/td>\n<td bgcolor=\"#FFFFBD\"><a href=\"http:\/\/fraynelson.com\/homilias.php?year=2017&amp;mon=08&amp;mday=13#1ao19001amp3\"><img decoding=\"async\" title=\"Haz click para escuchar o grabar una versi\u00f3n en MP3\" src=\"http:\/\/fraynelson.com\/banco_imagenes\/mp3_icon.gif\" alt=\"Haz click para escuchar o grabar una versi\u00f3n en MP3\" border=\"0\" \/><\/a><br \/>\n<span style=\"color: brown;\"><i>Cristo provoca tempestades en nuestro coraz\u00f3n por medio de su gracia y de su amor. <\/i><\/span><br \/>\n<b><\/b><\/td>\n<td bgcolor=\"#FFFFBD\">\n<p align=\"center\"><a href=\"http:\/\/fraynelson.com\/wiki2\/index.php?title=ao19001a\"><img decoding=\"async\" title=\"Click normal para ir a la transcripci\u00f3n\" src=\"http:\/\/fraynelson.com\/banco_imagenes\/text_icon.gif\" alt=\"Click normal para ir a la transcripci\u00f3n\" border=\"0\" \/><\/a><\/p>\n<\/td>\n<\/tr>\n<tr>\n<td bgcolor=\"#FFFFBD\">\n<p align=\"center\">2<\/p>\n<\/td>\n<td bgcolor=\"#FFFFBD\">2002\/08\/11<\/td>\n<td bgcolor=\"#FFFFBD\"><a href=\"http:\/\/fraynelson.com\/homilias.php?year=2017&amp;mon=08&amp;mday=13#2ao19002amp3\"><img decoding=\"async\" title=\"Haz click para escuchar o grabar una versi\u00f3n en MP3\" src=\"http:\/\/fraynelson.com\/banco_imagenes\/mp3_icon.gif\" alt=\"Haz click para escuchar o grabar una versi\u00f3n en MP3\" border=\"0\" \/><\/a><br \/>\n<span style=\"color: brown;\"><i>Jes\u00fas nos persigue incluso a trav\u00e9s de circunstancias extra\u00f1as.<\/i><\/span><br \/>\n<b><\/b><\/td>\n<td bgcolor=\"#FFFFBD\">\n<p align=\"center\"><a href=\"http:\/\/fraynelson.com\/wiki2\/index.php?title=ao19002a\"><img decoding=\"async\" title=\"Click normal para ir a la transcripci\u00f3n\" src=\"http:\/\/fraynelson.com\/banco_imagenes\/text_icon.gif\" alt=\"Click normal para ir a la transcripci\u00f3n\" border=\"0\" \/><\/a><\/p>\n<\/td>\n<\/tr>\n<tr>\n<td bgcolor=\"#FFFFBD\">\n<p align=\"center\">3<\/p>\n<\/td>\n<td bgcolor=\"#FFFFBD\">2008\/08\/10<\/td>\n<td bgcolor=\"#FFFFBD\"><a href=\"http:\/\/fraynelson.com\/homilias.php?year=2017&amp;mon=08&amp;mday=13#3ao19003amp3\"><img decoding=\"async\" title=\"Haz click para escuchar o grabar una versi\u00f3n en MP3\" src=\"http:\/\/fraynelson.com\/banco_imagenes\/mp3_icon.gif\" alt=\"Haz click para escuchar o grabar una versi\u00f3n en MP3\" border=\"0\" \/><\/a><br \/>\n<span style=\"color: brown;\"><i>Nuestra paz comienza cuando reconocemos que Dios es indestructible y ponemos nuestra esperanza en \u00c9l.<\/i><\/span><br \/>\n<b><\/b><\/td>\n<td bgcolor=\"#FFFFBD\">\n<p align=\"center\"><a href=\"http:\/\/fraynelson.com\/wiki2\/index.php?title=ao19003a\"><img decoding=\"async\" title=\"Click normal para ir a la transcripci\u00f3n\" src=\"http:\/\/fraynelson.com\/banco_imagenes\/text_icon.gif\" alt=\"Click normal para ir a la transcripci\u00f3n\" border=\"0\" \/><\/a><\/p>\n<\/td>\n<\/tr>\n<tr>\n<td bgcolor=\"#FFFFBD\">\n<p align=\"center\">4<\/p>\n<\/td>\n<td bgcolor=\"#FFFFBD\">2011\/08\/07<\/td>\n<td bgcolor=\"#FFFFBD\"><a href=\"http:\/\/fraynelson.com\/homilias.php?year=2017&amp;mon=08&amp;mday=13#4ao19004amp3\"><img decoding=\"async\" title=\"Haz click para escuchar o grabar una versi\u00f3n en MP3\" src=\"http:\/\/fraynelson.com\/banco_imagenes\/mp3_icon.gif\" alt=\"Haz click para escuchar o grabar una versi\u00f3n en MP3\" border=\"0\" \/><\/a><br \/>\n<span style=\"color: brown;\"><i>Cristo vive el duelo de la muerte de Juan en una noche de intensa oraci\u00f3n. Fortalecido y con una convicci\u00f3n ardiente, reclama ahora de sus disc\u00edpulos una fe que permita caminar sobre el agua.<\/i><\/span><br \/>\n<b><\/b><\/td>\n<td bgcolor=\"#FFFFBD\">\n<p align=\"center\"><a href=\"http:\/\/fraynelson.com\/wiki2\/index.php?title=ao19004a\"><img decoding=\"async\" title=\"Click normal para ir a la transcripci\u00f3n\" src=\"http:\/\/fraynelson.com\/banco_imagenes\/text_icon.gif\" alt=\"Click normal para ir a la transcripci\u00f3n\" border=\"0\" \/><\/a><\/p>\n<\/td>\n<\/tr>\n<tr>\n<td bgcolor=\"#FFFFBD\">\n<p align=\"center\">5<\/p>\n<\/td>\n<td bgcolor=\"#FFFFBD\">2014\/08\/10<\/td>\n<td bgcolor=\"#FFFFBD\"><a href=\"http:\/\/fraynelson.com\/homilias.php?year=2017&amp;mon=08&amp;mday=13#5ao19005amp3\"><img decoding=\"async\" title=\"Haz click para escuchar o grabar una versi\u00f3n en MP3\" src=\"http:\/\/fraynelson.com\/banco_imagenes\/mp3_icon.gif\" alt=\"Haz click para escuchar o grabar una versi\u00f3n en MP3\" border=\"0\" \/><\/a><br \/>\n<span style=\"color: brown;\"><i>Cristo es santo y salvador: es el que se sostiene por encima del caos y ayuda a otros a salir.<\/i><\/span><br \/>\n<b><\/b><\/td>\n<td bgcolor=\"#FFFFBD\">\n<p align=\"center\"><a href=\"http:\/\/fraynelson.com\/wiki2\/index.php?title=ao19005a\"><img decoding=\"async\" title=\"Click normal para ir a la transcripci\u00f3n\" src=\"http:\/\/fraynelson.com\/banco_imagenes\/text_icon.gif\" alt=\"Click normal para ir a la transcripci\u00f3n\" border=\"0\" \/><\/a><\/p>\n<\/td>\n<\/tr>\n<tr>\n<td bgcolor=\"#FFFFBD\">\n<p align=\"center\">6<\/p>\n<\/td>\n<td bgcolor=\"#FFFFBD\">2014\/08\/10<\/td>\n<td bgcolor=\"#FFFFBD\"><a href=\"http:\/\/fraynelson.com\/homilias.php?year=2017&amp;mon=08&amp;mday=13#6ao19006amp3\"><img decoding=\"async\" title=\"Haz click para escuchar o grabar una versi\u00f3n en MP3\" src=\"http:\/\/fraynelson.com\/banco_imagenes\/mp3_icon.gif\" alt=\"Haz click para escuchar o grabar una versi\u00f3n en MP3\" border=\"0\" \/><\/a><br \/>\n<span style=\"color: brown;\"><i>Caemos en la soledad triste y ego\u00edsta porque nos cansamos de ser buenos; pero la fe nos conecta con el que no se cansa.<\/i><\/span><br \/>\n<b><\/b><\/td>\n<td bgcolor=\"#FFFFBD\">\n<p align=\"center\"><a href=\"http:\/\/fraynelson.com\/wiki2\/index.php?title=ao19006a\"><img decoding=\"async\" title=\"Click normal para ir a la transcripci\u00f3n\" src=\"http:\/\/fraynelson.com\/banco_imagenes\/text_icon.gif\" alt=\"Click normal para ir a la transcripci\u00f3n\" border=\"0\" \/><\/a><\/p>\n<\/td>\n<\/tr>\n<\/tbody>\n<\/table>\n<\/div>\n<\/td>\n<\/tr>\n<tr bgcolor=\"#fffff0\">\n<td colspan=\"2\">\n<p align=\"center\"><span style=\"color: #000000; font-family: Arial,Helvetica,sans-serif; font-size: small;\">M\u00e1s informaci\u00f3n sobre este d\u00eda <a href=\"http:\/\/fraynelson.com\/homilias.php?year=2017&amp;mon=08&amp;mday=13\">aqu\u00ed<\/a><\/span><\/p>\n<\/td>\n<\/tr>\n<tr bgcolor=\"#ffffcc\">\n<td colspan=\"2\" valign=\"bottom\"><img loading=\"lazy\" decoding=\"async\" src=\"http:\/\/fraynelson.com\/banco_imagenes\/transparente.gif\" width=\"8\" height=\"8\" \/><a class=\"linksmenu\" href=\"http:\/\/fraynelson.com\/sistema\/boletin\/mactboletin3.php#a\"><span style=\"color: #000066; font-family: Arial,Helvetica,sans-serif; font-size: xx-small;\"><strong>[arriba]<\/strong><\/span><\/a><\/td>\n<\/tr>\n<\/tbody>\n<\/table>\n<table border=\"0\" width=\"100%\" cellspacing=\"0\" cellpadding=\"0\" bgcolor=\"#ffcd88\">\n<tbody>\n<tr>\n<td valign=\"center\" width=\"55%\">\n<div align=\"left\"><img loading=\"lazy\" decoding=\"async\" src=\"http:\/\/fraynelson.com\/banco_imagenes\/arrow.gif\" width=\"16\" height=\"15\" \/><\/div>\n<\/td>\n<td>\n<div align=\"right\"><span class=\"titulo1\"><span style=\"color: #590b00; font-family: Arial,Helvetica,sans-serif; font-size: medium;\"><strong>Homil\u00eda para leer<\/strong><\/span><\/span><\/div>\n<\/td>\n<\/tr>\n<tr>\n<td colspan=\"2\" valign=\"bottom\" bgcolor=\"#ffffcc\"><img loading=\"lazy\" decoding=\"async\" src=\"http:\/\/fraynelson.com\/banco_imagenes\/transparente.gif\" width=\"8\" height=\"8\" \/><\/td>\n<\/tr>\n<tr>\n<td colspan=\"2\" valign=\"top\" bgcolor=\"#ffffcc\">\n<div align=\"justify\">\n<p><span style=\"color: #000000; font-family: Arial,Helvetica,sans-serif; font-size: small;\"><b>Temas de las lecturas: <\/b>Ponte de pie en el monte ante el Se\u00f1or * Mu\u00e9stranos, Se\u00f1or, tu misericordia y danos tu salvaci\u00f3n. * Quisiera ser un proscrito por el bien de mis hermanos * M\u00e1ndame ir hacia ti andando sobre el agua<\/span><\/p>\n<h4><span style=\"color: #000000; font-family: Arial,Helvetica,sans-serif; font-size: small;\">1. Encontrarse con Dios<\/span><\/h4>\n<p>1.1 Las lecturas de hoy nos dejan ver que la presencia de Dios es distinta de c\u00f3mo uno podr\u00eda imaginarla.<\/p>\n<p>1.2 A veces uno piensa que Dios, como es fuerte, s\u00f3lo se dejar\u00e1 ver en las acontecimientos grandes e impresionantes; a veces uno piensa que Dios, como es bueno, no nos dejar\u00e1 pasar por momentos de inseguridad.<\/p>\n<p>1.3 Y sin embargo, Dios, siendo fuerte y siendo bueno, se hace presente en nuestras vidas de modos que no comprendemos.<\/p>\n<h4>2. Una Brisa Suave<\/h4>\n<p>2.1 En la primera lectura tenemos a El\u00edas, el profeta rechazado por su pueblo, el hombre solitario, no por elecci\u00f3n sino porque su fe lo ha llevado a ser visto como un extranjero y como una amenaza para los propios israelitas, que por el contrario han elegido servir a los \u00eddolos.<\/p>\n<p>2.2 En su soledad El\u00edas se aferra a Dios y peregrina hasta el monte Horeb, el monte santo, el lugar donde Dios primero llam\u00f3 a Mois\u00e9s y donde tambi\u00e9n se celebr\u00f3 la alianza. Escondido en las grietas de la monta\u00f1a sacra, El\u00edas est\u00e1 en realidad cobijado y guarnecido por el poder del abrazo de Dios. Y all\u00ed el mismo Dios quiere manifestarse a \u00e9l, como se\u00f1al de una alianza que no muere y como prueba de la inquebrantable fidelidad del Alt\u00edsimo.<\/p>\n<p>2.3 No es el fuego ni el terremoto lo que trae a Dios, en este caso; es una brisa suave. En la batalla contra sus enemigos Dios muestra su grandeza pero con sus amigos lo que deja ver es su cercan\u00eda. Aquella brisa que refresca, que serena, que acaricia, es una se\u00f1al del amor y de la palabra del Amigo.<\/p>\n<h4>3. Una Brisa Impetuosa<\/h4>\n<p>3.1 En el evangelio, en cambio, se da el caso de una brisa impetuosa. Pedro camina sobre las olas pero el vigor del viento contrario le hace dudar. El hilo de fe que lo une a Jes\u00fas se rompe por un momento, Pedro falla en su confianza y el hombre empieza a hundirse entre las olas.<\/p>\n<p>3.2 Destaquemos dos cosas, aprendiendo de la experiencia de otro. Primero, que Pedro se hunde cuando mira m\u00e1s a las dificultades que a Jes\u00fas. Una vez que ha apartado su mirada del Se\u00f1or, es tan vulnerable e indefenso como cualquiera puesto en medio del mar.<\/p>\n<p>3.3 Pero en segundo lugar, aprendamos de Pedro a acudir al mismo Se\u00f1or al que le hemos fallado. Su fe ha trastabillado pero la humildad le permite exclamar: &#8220;\u00a1Se\u00f1or, s\u00e1lvame!&#8221; La humildad, principio de arrepentimiento, de alg\u00fan modo sana lo que la falta de fe hab\u00eda perdido.<\/p>\n<\/div>\n<\/td>\n<\/tr>\n<tr bgcolor=\"#ffffcc\">\n<td colspan=\"2\" valign=\"bottom\"><img loading=\"lazy\" decoding=\"async\" src=\"http:\/\/fraynelson.com\/banco_imagenes\/transparente.gif\" width=\"8\" height=\"8\" \/><a class=\"linksmenu\" href=\"http:\/\/fraynelson.com\/sistema\/boletin\/mactboletin3.php#a\"><span style=\"color: #000066; font-family: Arial,Helvetica,sans-serif; font-size: xx-small;\"><strong>[arriba]<\/strong><\/span><\/a><\/td>\n<\/tr>\n<\/tbody>\n<\/table>\n<\/td>\n<\/tr>\n<\/tbody>\n<\/table>\n<table border=\"0\" width=\"100%\" cellspacing=\"0\" cellpadding=\"0\" bgcolor=\"#ffcd88\">\n<tbody>\n<tr>\n<td valign=\"center\" width=\"55%\"><a id=\"8\" name=\"8\"><\/a><\/p>\n<div align=\"left\"><a id=\"8\" name=\"8\"><\/a><img loading=\"lazy\" decoding=\"async\" src=\"http:\/\/fraynelson.com\/banco_imagenes\/arrow.gif\" width=\"16\" height=\"15\" \/><\/div>\n<\/td>\n<td>\n<div align=\"right\"><span class=\"titulo1\"><span style=\"color: #590b00; font-family: Arial,Helvetica,sans-serif; font-size: x-large;\"><strong><span style=\"color: red;\"><em>Video<\/em><\/span> recomendado para este dia<em>!<\/em><\/strong><\/span><\/span><\/div>\n<\/td>\n<\/tr>\n<tr>\n<td colspan=\"2\" valign=\"bottom\" bgcolor=\"#ffffcc\"><img loading=\"lazy\" decoding=\"async\" src=\"http:\/\/fraynelson.com\/banco_imagenes\/transparente.gif\" width=\"8\" height=\"8\" \/><\/td>\n<\/tr>\n<tr>\n<td colspan=\"2\" valign=\"top\" bgcolor=\"#ffffcc\">\n<div align=\"center\">\n<p><span style=\"color: #000000; font-family: Arial,Helvetica,sans-serif; font-size: small;\"><strong><a href=\"http:\/\/www.youtube.com\/watch?v=RT0pePvhU30\"><img decoding=\"async\" src=\"http:\/\/fraynelson.com\/banco_imagenes\/videos\/20170813.jpg\" border=\"0\" \/><\/a><\/p>\n<p>Cuando los gatos conocen a los beb\u00e9s por primera vez<\/strong><\/span><\/p>\n<\/div>\n<\/td>\n<\/tr>\n<tr bgcolor=\"#ffffcc\">\n<td colspan=\"2\" valign=\"bottom\"><img loading=\"lazy\" decoding=\"async\" src=\"http:\/\/fraynelson.com\/banco_imagenes\/transparente.gif\" width=\"8\" height=\"8\" \/><a class=\"linksmenu\" href=\"http:\/\/fraynelson.com\/sistema\/boletin\/mactboletin3.php#a\"><span style=\"color: #000066; font-family: Arial,Helvetica,sans-serif; font-size: xx-small;\"><strong>[arriba]<\/strong><\/span><\/a><\/td>\n<\/tr>\n<\/tbody>\n<\/table>\n<table border=\"0\" width=\"100%\" cellspacing=\"0\" cellpadding=\"0\" bgcolor=\"#ffcd88\">\n<tbody>\n<tr>\n<td valign=\"center\" width=\"55%\"><a id=\"9\" name=\"9\"><\/a><\/p>\n<div align=\"left\"><a id=\"9\" name=\"9\"><\/a><img loading=\"lazy\" decoding=\"async\" src=\"http:\/\/fraynelson.com\/banco_imagenes\/arrow.gif\" width=\"16\" height=\"15\" \/><\/div>\n<\/td>\n<td>\n<div align=\"right\"><span class=\"titulo1\"><span style=\"color: #590b00; font-family: Arial,Helvetica,sans-serif; font-size: medium;\"><strong>Informaci\u00f3n legal y de suscripci\u00f3n<\/strong><\/span><\/span><\/div>\n<\/td>\n<\/tr>\n<tr>\n<td colspan=\"2\" valign=\"bottom\" bgcolor=\"#ffffcc\"><img loading=\"lazy\" decoding=\"async\" src=\"http:\/\/fraynelson.com\/banco_imagenes\/transparente.gif\" width=\"8\" height=\"8\" \/><\/td>\n<\/tr>\n<tr>\n<td colspan=\"2\" valign=\"top\" bgcolor=\"#ffffcc\">\n<div align=\"justify\">\n<div align=\"justify\">\n<p><span style=\"color: #000000; font-family: Arial,Helvetica,sans-serif; font-size: small;\"><strong>Para saber m\u00e1s&#8230;<\/strong><\/span><\/p>\n<\/div>\n<\/div>\n<ul>\n<li>Este bolet\u00edn es el veh\u00edculo de comunicaci\u00f3n diario de la p\u00e1gina <a href=\"http:\/\/fraynelson.com\">FRAYNELSON.COM<\/a>, Casa para tu Fe Cat\u00f3lica. <strong>Servimos con gozo a la evangelizaci\u00f3n<\/strong> dentro de nuestra Iglesia, en comuni\u00f3n con el Santo Padre.<\/li>\n<li>Todos nuestros servicios y todo lo que encuentres en FRAYNELSON.COM es gratuito y solamente recibimos donaciones. Es decir: nunca cobramos ni aceptamos dinero por publicidad ni tampoco pagamos servicios. Todos <strong>nuestros donantes y colaboradores permanentes son voluntarios<\/strong> que viven y trabajan en distintas partes del mundo.<\/li>\n<li>Es posible que hayas recibido este mensaje sin haberlo solicitado. Nuestra intenci\u00f3n no es fastidiar a nadie, y por eso es sencillo el proceso de darse de baja. Si nunca pediste recibir este bolet\u00edn, es posible que alg\u00fan pariente o amigo tuyo haya incluido tu nombre y direcci\u00f3n. Con respeto te invito a que consideres lo que ofrecemos antes de dejarnos, pero en cualquier caso eres libre de darte de baja cuando quieras.<\/li>\n<li><i>Si deseas incluir en este bolet\u00edn tu cumplea\u00f1os, o una fecha que es importante para ti o tu familia o tu grupo<\/i>, entra a <a href=\"http:\/\/fraynelson.com\/calendario.php\"><strong>nuestro calendario<\/strong><\/a>. Las entradas a este calendario tiene que ser aprobadas antes de ser publicadas. El prop\u00f3sito es favorecer la oraci\u00f3n y amistad entre todos. \ud83d\ude42<\/li>\n<li>\u00a1Por supuesto t\u00fa tambi\u00e9n <strong>puedes invitar a otras personas<\/strong>! Estamos convencidos que un poco de nuestro Alimento del Alma puede hacer una GRAN DIFERENCIA en muchas vidas. Puedes responder a este correo indic\u00e1ndonos a qui\u00e9n quieres que regalemos nuestro Alimento. Por supuesto, si sospechas que a alguien no le va a interesar, no le hagas ni nos hagas perder tiempo. Sin embargo, es un hecho que m\u00e1s y m\u00e1s gente est\u00e1 siendo bendecida con nuestros servicios.<\/li>\n<li>Los textos del <b>SANTO DEL D\u00cdA<\/b> son responsabilidad y cortes\u00eda de <a href=\"http:\/\/aciprensa.com\">Aciprensa<\/a> o de la <a href=\"http:\/\/www.archimadrid.es\/\">Archidi\u00f3cesis de Madrid<\/a>. Ten en cuenta, sin embargo, que la celebraci\u00f3n lit\u00fargica de un santo o santa en particular depende de factores locales, del tiempo lit\u00fargico, de si cae en domingo, y algunos otros. Los breves esquemas que ofrecemos son s\u00f3lo para edificaci\u00f3n espiritual. Los dem\u00e1s textos no b\u00edblicos son responsabilidad de sus autores o si no se indica, de <b>Fray Nelson Medina, O.P.<\/b> Estos pueden ser divulgados declarando la fuente. Tus aportes en <strong>oraci\u00f3n, tiempo, servicios, ideas o dinero<\/strong> son siempre bienvenidos. Puedes visitar nuestra <a href=\"http:\/\/fraynelson.com\/ayuda.html\">p\u00e1gina de ayuda<\/a>.<\/li>\n<\/ul>\n<\/td>\n<\/tr>\n<tr bgcolor=\"#ffffcc\">\n<td colspan=\"2\" valign=\"bottom\"><img loading=\"lazy\" decoding=\"async\" src=\"http:\/\/fraynelson.com\/banco_imagenes\/transparente.gif\" width=\"8\" height=\"8\" \/><a class=\"linksmenu\" href=\"http:\/\/fraynelson.com\/sistema\/boletin\/mactboletin3.php#a\"><span style=\"color: #000066; font-family: Arial,Helvetica,sans-serif; font-size: xx-small;\"><strong>[arriba]<\/strong><\/span><\/a><\/td>\n<\/tr>\n<\/tbody>\n<\/table>\n<\/td>\n<\/tr>\n<\/tbody>\n<\/table>\n<\/div>\n<\/td>\n<\/tr>\n<\/tbody>\n<\/table>\n","protected":false},"excerpt":{"rendered":"<p>[ Ver en la WEB ] [ Suscribirse \/ Darse de baja ]<\/p>\n","protected":false},"author":1138,"featured_media":0,"comment_status":"closed","ping_status":"closed","sticky":false,"template":"","format":"standard","meta":{"footnotes":""},"categories":[919],"tags":[],"class_list":["post-56174","post","type-post","status-publish","format-standard","hentry","category-boletin"],"jetpack_featured_media_url":"","_links":{"self":[{"href":"https:\/\/fraynelson.com\/blog\/wp-json\/wp\/v2\/posts\/56174","targetHints":{"allow":["GET"]}}],"collection":[{"href":"https:\/\/fraynelson.com\/blog\/wp-json\/wp\/v2\/posts"}],"about":[{"href":"https:\/\/fraynelson.com\/blog\/wp-json\/wp\/v2\/types\/post"}],"author":[{"embeddable":true,"href":"https:\/\/fraynelson.com\/blog\/wp-json\/wp\/v2\/users\/1138"}],"replies":[{"embeddable":true,"href":"https:\/\/fraynelson.com\/blog\/wp-json\/wp\/v2\/comments?post=56174"}],"version-history":[{"count":1,"href":"https:\/\/fraynelson.com\/blog\/wp-json\/wp\/v2\/posts\/56174\/revisions"}],"predecessor-version":[{"id":56175,"href":"https:\/\/fraynelson.com\/blog\/wp-json\/wp\/v2\/posts\/56174\/revisions\/56175"}],"wp:attachment":[{"href":"https:\/\/fraynelson.com\/blog\/wp-json\/wp\/v2\/media?parent=56174"}],"wp:term":[{"taxonomy":"category","embeddable":true,"href":"https:\/\/fraynelson.com\/blog\/wp-json\/wp\/v2\/categories?post=56174"},{"taxonomy":"post_tag","embeddable":true,"href":"https:\/\/fraynelson.com\/blog\/wp-json\/wp\/v2\/tags?post=56174"}],"curies":[{"name":"wp","href":"https:\/\/api.w.org\/{rel}","templated":true}]}}