{"id":56170,"date":"2017-08-11T01:03:09","date_gmt":"2017-08-11T06:03:09","guid":{"rendered":"http:\/\/fraynelson.com\/blog\/?p=56170"},"modified":"2017-08-10T17:05:09","modified_gmt":"2017-08-10T22:05:09","slug":"el-don-de-entendimiento-es-solamente-especulativo-o-tiene-aplicaciones-en-la-vida-concreta","status":"publish","type":"post","link":"https:\/\/fraynelson.com\/blog\/2017\/08\/11\/el-don-de-entendimiento-es-solamente-especulativo-o-tiene-aplicaciones-en-la-vida-concreta\/","title":{"rendered":"\u00bfEl don de entendimiento es solamente especulativo o tiene aplicaciones en la vida concreta?"},"content":{"rendered":"<p>Como ya hemos dicho (a.2), el don de entendimiento no versa solamente sobre las cosas que de forma directa y principal incumben a la fe, sino tambi\u00e9n a todo cuanto est\u00e1 ordenado a ella. Ahora bien, las acciones humanas tienen alguna relaci\u00f3n con la fe, puesto que, como afirma el Ap\u00f3stol, la fe act\u00faa por la caridad (Gal 5,6). Por lo tanto, el don de entendimiento abarca tambi\u00e9n lo particular operable. Sobre esto no act\u00faa de manera principal, sino en cuanto que en nuestro obrar actuamos, seg\u00fan San Agust\u00edn en XII De Trin., por las razones eternas a las que se adhiere la raz\u00f3n superior contempl\u00e1ndolas y consult\u00e1ndolas. La perfecci\u00f3n de esta raz\u00f3n superior es obra del don de entendimiento. (<em>S. Th., II-II, q.8, a.3, resp.<\/em>)<\/p>\n<hr \/>\n<p>[Estos fragmentos han sido tomados de la <em>Suma Teol\u00f3gica<\/em> de Santo Tom\u00e1s, en la segunda secci\u00f3n de la segunda parte. Pueden leerse en orden los fragmentos publicados haciendo clic <a href=\"https:\/\/fraynelson.com\/blog\/categorias\/santo_tomas\/suma-teologica-fragmentos\/?order=ASC\">aqu\u00ed<\/a>.]<\/p>\n","protected":false},"excerpt":{"rendered":"<p>Como ya hemos dicho (a.2), el don de entendimiento no versa solamente sobre las cosas que de forma directa y principal incumben a la fe, sino tambi\u00e9n a todo cuanto est\u00e1 ordenado a ella. Ahora bien, las acciones humanas tienen alguna relaci\u00f3n con la fe, puesto que, como afirma el Ap\u00f3stol, la fe act\u00faa por &hellip; <\/p>\n<p class=\"link-more\"><a href=\"https:\/\/fraynelson.com\/blog\/2017\/08\/11\/el-don-de-entendimiento-es-solamente-especulativo-o-tiene-aplicaciones-en-la-vida-concreta\/\" class=\"more-link\">Continuar leyendo<span class=\"screen-reader-text\"> &#8220;\u00bfEl don de entendimiento es solamente especulativo o tiene aplicaciones en la vida concreta?&#8221;<\/span><\/a><\/p>\n","protected":false},"author":1138,"featured_media":0,"comment_status":"closed","ping_status":"closed","sticky":false,"template":"","format":"standard","meta":{"footnotes":""},"categories":[324,740,1270],"tags":[],"class_list":["post-56170","post","type-post","status-publish","format-standard","hentry","category-fe","category-inteligencia","category-suma-teologica-fragmentos"],"jetpack_featured_media_url":"","_links":{"self":[{"href":"https:\/\/fraynelson.com\/blog\/wp-json\/wp\/v2\/posts\/56170","targetHints":{"allow":["GET"]}}],"collection":[{"href":"https:\/\/fraynelson.com\/blog\/wp-json\/wp\/v2\/posts"}],"about":[{"href":"https:\/\/fraynelson.com\/blog\/wp-json\/wp\/v2\/types\/post"}],"author":[{"embeddable":true,"href":"https:\/\/fraynelson.com\/blog\/wp-json\/wp\/v2\/users\/1138"}],"replies":[{"embeddable":true,"href":"https:\/\/fraynelson.com\/blog\/wp-json\/wp\/v2\/comments?post=56170"}],"version-history":[{"count":1,"href":"https:\/\/fraynelson.com\/blog\/wp-json\/wp\/v2\/posts\/56170\/revisions"}],"predecessor-version":[{"id":56171,"href":"https:\/\/fraynelson.com\/blog\/wp-json\/wp\/v2\/posts\/56170\/revisions\/56171"}],"wp:attachment":[{"href":"https:\/\/fraynelson.com\/blog\/wp-json\/wp\/v2\/media?parent=56170"}],"wp:term":[{"taxonomy":"category","embeddable":true,"href":"https:\/\/fraynelson.com\/blog\/wp-json\/wp\/v2\/categories?post=56170"},{"taxonomy":"post_tag","embeddable":true,"href":"https:\/\/fraynelson.com\/blog\/wp-json\/wp\/v2\/tags?post=56170"}],"curies":[{"name":"wp","href":"https:\/\/api.w.org\/{rel}","templated":true}]}}