{"id":56007,"date":"2017-08-05T02:45:46","date_gmt":"2017-08-05T07:45:46","guid":{"rendered":"http:\/\/fraynelson.com\/blog\/?p=56007"},"modified":"2017-08-05T17:58:24","modified_gmt":"2017-08-05T22:58:24","slug":"breve-ordo-para-la-semana-del-6-al-12-de-agosto-de-2017","status":"publish","type":"post","link":"https:\/\/fraynelson.com\/blog\/2017\/08\/05\/breve-ordo-para-la-semana-del-6-al-12-de-agosto-de-2017\/","title":{"rendered":"Breve ordo para la semana del 6 al 12 de Agosto de 2017"},"content":{"rendered":"<p><em>Homil\u00edas breves para esta semana<\/em>:<br \/>\nhttps:\/\/www.youtube.com\/playlist?list=PLRmr1_QLb8pcTyWd1kKmvoL7D1ExjEx1N<\/p>\n<hr \/>\n<p><em>Lectura Espiritual para esta semana<\/em>:<br \/>\n<iframe loading=\"lazy\" title=\"LECTURA ESPIRITUAL, desde 20170806\" width=\"525\" height=\"295\" src=\"https:\/\/www.youtube.com\/embed\/videoseries?list=PLZ1xKoz316WmF86su217K8zkqScW4yrf1\" frameborder=\"0\" allow=\"accelerometer; autoplay; clipboard-write; encrypted-media; gyroscope; picture-in-picture; web-share\" referrerpolicy=\"strict-origin-when-cross-origin\" allowfullscreen><\/iframe><\/p>\n<hr \/>\n<p><em>Liturgia de las Horas para esta semana<\/em>:<\/p>\n<p><strong>6 de Agosto de 2017<\/strong>: Fiesta de la Transfiguraci\u00f3n del Se\u00f1or, ciclo A<\/p>\n<ul>\n<li><a href=\"http:\/\/traffic.libsyn.com\/fraynelson\/atrau_latin.mp3\" target=\"_blank\" rel=\"noopener noreferrer\">Ad I Vesperas<\/a> (lat\u00edn)<\/li>\n<li><a href=\"http:\/\/traffic.libsyn.com\/fraynelson\/atrau.mp3\" target=\"_blank\" rel=\"noopener noreferrer\">Primeras V\u00edsperas<\/a> (el s\u00e1bado 5 por la tarde)<\/li>\n<li><a href=\"http:\/\/traffic.libsyn.com\/fraynelson\/comp06.mp3\" target=\"_blank\" rel=\"noopener noreferrer\">Completas<\/a> (el s\u00e1bado 5 por la noche)<\/li>\n<li><a href=\"http:\/\/fraynelson.com\/lectio\/atra-fiesta-de-la-transfiguracion-de-cristo.mp3\" target=\"_blank\" rel=\"noopener noreferrer\">Lectura Espiritual<\/a><\/li>\n<li><a href=\"http:\/\/traffic.libsyn.com\/fraynelson\/atraa_latin.mp3\" target=\"_blank\" rel=\"noopener noreferrer\">Ad Laudes<\/a> (lat\u00edn)<\/li>\n<li><a href=\"http:\/\/traffic.libsyn.com\/fraynelson\/atraa.mp3\" target=\"_blank\" rel=\"noopener noreferrer\">Laudes<\/a><\/li>\n<li><a href=\"http:\/\/traffic.libsyn.com\/fraynelson\/atrav_latin.mp3\" target=\"_blank\" rel=\"noopener noreferrer\">Ad II Vesperas<\/a> (lat\u00edn)<\/li>\n<li><a href=\"http:\/\/traffic.libsyn.com\/fraynelson\/atrav.mp3\" target=\"_blank\" rel=\"noopener noreferrer\">Segundas V\u00edsperas<\/a><\/li>\n<li><a href=\"http:\/\/traffic.libsyn.com\/fraynelson\/comp00.mp3\" target=\"_blank\" rel=\"noopener noreferrer\">Completas<\/a><\/li>\n<\/ul>\n<p><strong>Lunes 7<\/strong>:<\/p>\n<ul>\n<li><a href=\"http:\/\/fraynelson.com\/lectio\/i181-tiempo-ordinario-lunes-xviii.mp3\" target=\"_blank\" rel=\"noopener noreferrer\">Lectura Espiritual<\/a><\/li>\n<li><a href=\"http:\/\/traffic.libsyn.com\/fraynelson\/s021a.mp3\" target=\"_blank\" rel=\"noopener noreferrer\">Laudes<\/a><\/li>\n<li><a href=\"http:\/\/traffic.libsyn.com\/fraynelson\/s021v.mp3\" target=\"_blank\" rel=\"noopener noreferrer\">V\u00edsperas<\/a><\/li>\n<li><a href=\"http:\/\/traffic.libsyn.com\/fraynelson\/comp01.mp3\" target=\"_blank\" rel=\"noopener noreferrer\">Completas<\/a><\/li>\n<\/ul>\n<p><strong>Martes 8<\/strong>: Memoria de Santo Domingo de Guzm\u00e1n, presb\u00edtero<\/p>\n<ul>\n<li><a href=\"http:\/\/fraynelson.com\/lectio\/sdom-memoria-de-santo-domingo-de-guzman.mp3\" target=\"_blank\" rel=\"noopener noreferrer\">Lectura Espiritual<\/a><\/li>\n<li><a href=\"http:\/\/traffic.libsyn.com\/fraynelson\/sdoma_s022a.mp3\" target=\"_blank\" rel=\"noopener noreferrer\">Laudes<\/a><\/li>\n<li><a href=\"http:\/\/traffic.libsyn.com\/fraynelson\/sdomv_s022v.mp3\" target=\"_blank\" rel=\"noopener noreferrer\">V\u00edsperas<\/a><\/li>\n<li><a href=\"http:\/\/traffic.libsyn.com\/fraynelson\/comp02.mp3\" target=\"_blank\" rel=\"noopener noreferrer\">Completas<\/a><\/li>\n<\/ul>\n<p><strong>Mi\u00e9rcoles 9<\/strong>:<\/p>\n<ul>\n<li><a href=\"http:\/\/fraynelson.com\/lectio\/i183-tiempo-ordinario-miercoles-xviii.mp3\" target=\"_blank\" rel=\"noopener noreferrer\">Lectura Espiritual<\/a><\/li>\n<li><a href=\"http:\/\/traffic.libsyn.com\/fraynelson\/s023a.mp3\" target=\"_blank\" rel=\"noopener noreferrer\">Laudes<\/a><\/li>\n<li><a href=\"http:\/\/traffic.libsyn.com\/fraynelson\/s023v.mp3\" target=\"_blank\" rel=\"noopener noreferrer\">V\u00edsperas<\/a><\/li>\n<li><a href=\"http:\/\/traffic.libsyn.com\/fraynelson\/comp03.mp3\" target=\"_blank\" rel=\"noopener noreferrer\">Completas<\/a><\/li>\n<\/ul>\n<p><strong>Jueves 10<\/strong>: Fiesta de San Lorenzo, di\u00e1cono y m\u00e1rtir<\/p>\n<ul>\n<li><a href=\"http:\/\/fraynelson.com\/lectio\/slor-fiesta-de-san-lorenzo.mp3\" target=\"_blank\" rel=\"noopener noreferrer\">Lectura Espiritual<\/a><\/li>\n<li><a href=\"http:\/\/traffic.libsyn.com\/fraynelson\/slora.mp3\" target=\"_blank\" rel=\"noopener noreferrer\">Laudes<\/a><\/li>\n<li><a href=\"http:\/\/traffic.libsyn.com\/fraynelson\/slorv.mp3\" target=\"_blank\" rel=\"noopener noreferrer\">V\u00edsperas<\/a><\/li>\n<li><a href=\"http:\/\/traffic.libsyn.com\/fraynelson\/comp04.mp3\" target=\"_blank\" rel=\"noopener noreferrer\">Completas<\/a><\/li>\n<\/ul>\n<p><strong>Viernes 11<\/strong>: Memoria de Santa Clara de As\u00eds, virgen<\/p>\n<ul>\n<li><a href=\"http:\/\/fraynelson.com\/lectio\/scla-memoria-de-santa-clara-de-asis.mp3\" target=\"_blank\" rel=\"noopener noreferrer\">Lectura Espiritual<\/a><\/li>\n<li><a href=\"http:\/\/traffic.libsyn.com\/fraynelson\/sclaa_s025a.mp3\" target=\"_blank\" rel=\"noopener noreferrer\">Laudes<\/a><\/li>\n<li><a href=\"http:\/\/traffic.libsyn.com\/fraynelson\/sclav_s025v.mp3\" target=\"_blank\" rel=\"noopener noreferrer\">V\u00edsperas<\/a><\/li>\n<li><a href=\"http:\/\/traffic.libsyn.com\/fraynelson\/comp05.mp3\" target=\"_blank\" rel=\"noopener noreferrer\">Completas<\/a><\/li>\n<\/ul>\n<p><strong>S\u00e1bado 12<\/strong>:<\/p>\n<ul>\n<li><a href=\"http:\/\/fraynelson.com\/lectio\/i186-tiempo-ordinario-sabado-xviii.mp3\" target=\"_blank\" rel=\"noopener noreferrer\">Lectura Espiritual<\/a><\/li>\n<li><a href=\"http:\/\/traffic.libsyn.com\/fraynelson\/s026a.mp3\" target=\"_blank\" rel=\"noopener noreferrer\">Laudes<\/a><\/li>\n<\/ul>\n<hr \/>\n<p><img decoding=\"async\" src=\"http:\/\/fraynelson.com\/banco_imagenes\/liturgia\/cp_ordo.jpg\" alt=\"\" \/><\/p>\n<hr \/>\n","protected":false},"excerpt":{"rendered":"<p>Homil\u00edas breves para esta semana: https:\/\/www.youtube.com\/playlist?list=PLRmr1_QLb8pcTyWd1kKmvoL7D1ExjEx1N Lectura Espiritual para esta semana: Liturgia de las Horas para esta semana: 6 de Agosto de 2017: Fiesta de la Transfiguraci\u00f3n del Se\u00f1or, ciclo A Ad I Vesperas (lat\u00edn) Primeras V\u00edsperas (el s\u00e1bado 5 por la tarde) Completas (el s\u00e1bado 5 por la noche) Lectura Espiritual Ad Laudes (lat\u00edn) &hellip; <\/p>\n<p class=\"link-more\"><a href=\"https:\/\/fraynelson.com\/blog\/2017\/08\/05\/breve-ordo-para-la-semana-del-6-al-12-de-agosto-de-2017\/\" class=\"more-link\">Continuar leyendo<span class=\"screen-reader-text\"> &#8220;Breve ordo para la semana del 6 al 12 de Agosto de 2017&#8221;<\/span><\/a><\/p>\n","protected":false},"author":1138,"featured_media":0,"comment_status":"closed","ping_status":"closed","sticky":false,"template":"","format":"standard","meta":{"footnotes":""},"categories":[291,431],"tags":[],"class_list":["post-56007","post","type-post","status-publish","format-standard","hentry","category-audio","category-liturgia"],"jetpack_featured_media_url":"","_links":{"self":[{"href":"https:\/\/fraynelson.com\/blog\/wp-json\/wp\/v2\/posts\/56007","targetHints":{"allow":["GET"]}}],"collection":[{"href":"https:\/\/fraynelson.com\/blog\/wp-json\/wp\/v2\/posts"}],"about":[{"href":"https:\/\/fraynelson.com\/blog\/wp-json\/wp\/v2\/types\/post"}],"author":[{"embeddable":true,"href":"https:\/\/fraynelson.com\/blog\/wp-json\/wp\/v2\/users\/1138"}],"replies":[{"embeddable":true,"href":"https:\/\/fraynelson.com\/blog\/wp-json\/wp\/v2\/comments?post=56007"}],"version-history":[{"count":5,"href":"https:\/\/fraynelson.com\/blog\/wp-json\/wp\/v2\/posts\/56007\/revisions"}],"predecessor-version":[{"id":56071,"href":"https:\/\/fraynelson.com\/blog\/wp-json\/wp\/v2\/posts\/56007\/revisions\/56071"}],"wp:attachment":[{"href":"https:\/\/fraynelson.com\/blog\/wp-json\/wp\/v2\/media?parent=56007"}],"wp:term":[{"taxonomy":"category","embeddable":true,"href":"https:\/\/fraynelson.com\/blog\/wp-json\/wp\/v2\/categories?post=56007"},{"taxonomy":"post_tag","embeddable":true,"href":"https:\/\/fraynelson.com\/blog\/wp-json\/wp\/v2\/tags?post=56007"}],"curies":[{"name":"wp","href":"https:\/\/api.w.org\/{rel}","templated":true}]}}