{"id":552,"date":"2004-03-02T03:55:17","date_gmt":"2004-03-02T08:55:17","guid":{"rendered":"888842628"},"modified":"2005-09-22T17:44:15","modified_gmt":"2005-09-22T17:44:15","slug":"183","status":"publish","type":"post","link":"https:\/\/fraynelson.com\/blog\/2004\/03\/02\/183\/","title":{"rendered":"Seis, ya"},"content":{"rendered":"<p>Precisamente hoy cumplo seis meses de haber pisado por primera vez este suelo irland\u00e9s. Y lo que siento es una inmensa gratitud que gustoso comparto con todo aquel que quiera leer estas palabras. Mirando este medio a\u00f1o, doy gracias por muchas cosas.<\/p>\n<p><!--more--><\/p>\n<p>1. Dios me ha conservado y creo que ha acrecentado el don de la fe. Me conmueve hasta las l\u00e1grimas pensar que la fe es eso: un regalo. Podr\u00eda no estar, pero est\u00e1. Es maravilloso, es la base y fundamento de todo. Alabo a Dios por el milagro de creer.<\/p>\n<p>2. Me ha dado vida y salud. Vamos incluso superando el invierno sin mayor percance, salvo lev\u00edsimos malestares.<\/p>\n<p>3. Me ha dado una comunidad de frailes en la que he encontrado soporte y exigencia. Hermanos reales, con su modo de ser, sin fingimiento, capaces de apoyar en cosas y momentos claves.<\/p>\n<p>4. He podido avanzar en el estudio al que vine. Hay una propuesta de trabajo doctoral que me ha sido aceptada (entregu\u00e9 papeles definitivos ayer) y parece verse un camino hacia adelante.<\/p>\n<p>5. Poco a poco se han abierto paso actividades de evangelziaci\u00f3n que dan mucha vida. Gracias a Dios, tanto en espa\u00f1ol como en ingl\u00e9s.<\/p>\n<p>6. Creo que he madurado como persona. Las experiencias de soledad y exigencia emocional, as\u00ed como los rasgos de presencia y ternura que he recibido desde Colombia, sobre todo, han sido una gran bendici\u00f3n.<\/p>\n<p>7. Bueno, \u00a1y la evangelizaci\u00f3n en Internet ha seguido su camino, bendito Dios! Algo m\u00e1s de 1700 suscripciones diarias son un motivo muy bello para avanzar cada d\u00eda un poco m\u00e1s en la fe, la esperanza y el amor.<\/p>\n","protected":false},"excerpt":{"rendered":"<p>Precisamente hoy cumplo seis meses de haber pisado por primera vez este suelo irland\u00e9s. Y lo que siento es una inmensa gratitud que gustoso comparto con todo aquel que quiera leer estas palabras. Mirando este medio a\u00f1o, doy gracias por muchas cosas.<\/p>\n","protected":false},"author":1138,"featured_media":0,"comment_status":"open","ping_status":"open","sticky":false,"template":"","format":"standard","meta":{"footnotes":""},"categories":[3],"tags":[],"class_list":["post-552","post","type-post","status-publish","format-standard","hentry","category-noticias-personales"],"jetpack_featured_media_url":"","_links":{"self":[{"href":"https:\/\/fraynelson.com\/blog\/wp-json\/wp\/v2\/posts\/552","targetHints":{"allow":["GET"]}}],"collection":[{"href":"https:\/\/fraynelson.com\/blog\/wp-json\/wp\/v2\/posts"}],"about":[{"href":"https:\/\/fraynelson.com\/blog\/wp-json\/wp\/v2\/types\/post"}],"author":[{"embeddable":true,"href":"https:\/\/fraynelson.com\/blog\/wp-json\/wp\/v2\/users\/1138"}],"replies":[{"embeddable":true,"href":"https:\/\/fraynelson.com\/blog\/wp-json\/wp\/v2\/comments?post=552"}],"version-history":[{"count":0,"href":"https:\/\/fraynelson.com\/blog\/wp-json\/wp\/v2\/posts\/552\/revisions"}],"wp:attachment":[{"href":"https:\/\/fraynelson.com\/blog\/wp-json\/wp\/v2\/media?parent=552"}],"wp:term":[{"taxonomy":"category","embeddable":true,"href":"https:\/\/fraynelson.com\/blog\/wp-json\/wp\/v2\/categories?post=552"},{"taxonomy":"post_tag","embeddable":true,"href":"https:\/\/fraynelson.com\/blog\/wp-json\/wp\/v2\/tags?post=552"}],"curies":[{"name":"wp","href":"https:\/\/api.w.org\/{rel}","templated":true}]}}