{"id":550,"date":"2004-03-04T01:54:36","date_gmt":"2004-03-04T06:54:36","guid":{"rendered":"2094180106"},"modified":"2005-09-22T17:50:03","modified_gmt":"2005-09-22T17:50:03","slug":"185","status":"publish","type":"post","link":"https:\/\/fraynelson.com\/blog\/2004\/03\/04\/185\/","title":{"rendered":"Irlanda, la Verdad y la Belleza"},"content":{"rendered":"<p>Yo dir\u00eda que para los irlandeses la verdad no es un tema como tal. Irlanda no es ni quiz\u00e1 ser\u00e1 tierra pr\u00f3diga en fil\u00f3sofos. Desconf\u00edan del pensamiento que se organiza en grandes sistemas; temen (con raz\u00f3n) de una persona que con cada palabra abarca pa\u00edses y culturas. Por ello, toda la terminolog\u00eda del &#8220;ser&#8221;, de la &#65533;l\u00f3gica&#65533; o del &#8220;an\u00e1lisis&#8221;&#8230; es asunto que despierta recelo. No se sienten confortables.<\/p>\n<p>Los irlandeses afinan el o\u00eddo al escucharte y buscan cu\u00e1l es la m\u00fasica que sostiene tu alma cuando hablas: qu\u00e9 clase de coraz\u00f3n tienes; a qui\u00e9n estar\u00edas dispuetso a defender; qu\u00e9 sacrificar\u00edas de ti por aquello que est\u00e1s diciendo. No es s\u00f3lo si eres coherente sino si eres bueno, si es bella tu propuesta, y sobre todo, si anuncias algo que trae alegr\u00eda y algo donde caben los peque\u00f1os y los pobres. Ellos saben que donde no caben los peque\u00f1os y los pobres ni cabe Dios ni cabe Irlanda.<\/p>\n","protected":false},"excerpt":{"rendered":"<p>Yo dir\u00eda que para los irlandeses la verdad no es un tema como tal. Irlanda no es ni quiz\u00e1 ser\u00e1 tierra pr\u00f3diga en fil\u00f3sofos. Desconf\u00edan del pensamiento que se organiza en grandes sistemas; temen (con raz\u00f3n) de una persona que con cada palabra abarca pa\u00edses y culturas. Por ello, toda la terminolog\u00eda del &#8220;ser&#8221;, de &hellip; <\/p>\n<p class=\"link-more\"><a href=\"https:\/\/fraynelson.com\/blog\/2004\/03\/04\/185\/\" class=\"more-link\">Continuar leyendo<span class=\"screen-reader-text\"> &#8220;Irlanda, la Verdad y la Belleza&#8221;<\/span><\/a><\/p>\n","protected":false},"author":1138,"featured_media":0,"comment_status":"open","ping_status":"open","sticky":false,"template":"","format":"standard","meta":{"footnotes":""},"categories":[46],"tags":[],"class_list":["post-550","post","type-post","status-publish","format-standard","hentry","category-irlanda-y-reino-unido"],"jetpack_featured_media_url":"","_links":{"self":[{"href":"https:\/\/fraynelson.com\/blog\/wp-json\/wp\/v2\/posts\/550","targetHints":{"allow":["GET"]}}],"collection":[{"href":"https:\/\/fraynelson.com\/blog\/wp-json\/wp\/v2\/posts"}],"about":[{"href":"https:\/\/fraynelson.com\/blog\/wp-json\/wp\/v2\/types\/post"}],"author":[{"embeddable":true,"href":"https:\/\/fraynelson.com\/blog\/wp-json\/wp\/v2\/users\/1138"}],"replies":[{"embeddable":true,"href":"https:\/\/fraynelson.com\/blog\/wp-json\/wp\/v2\/comments?post=550"}],"version-history":[{"count":0,"href":"https:\/\/fraynelson.com\/blog\/wp-json\/wp\/v2\/posts\/550\/revisions"}],"wp:attachment":[{"href":"https:\/\/fraynelson.com\/blog\/wp-json\/wp\/v2\/media?parent=550"}],"wp:term":[{"taxonomy":"category","embeddable":true,"href":"https:\/\/fraynelson.com\/blog\/wp-json\/wp\/v2\/categories?post=550"},{"taxonomy":"post_tag","embeddable":true,"href":"https:\/\/fraynelson.com\/blog\/wp-json\/wp\/v2\/tags?post=550"}],"curies":[{"name":"wp","href":"https:\/\/api.w.org\/{rel}","templated":true}]}}