{"id":547,"date":"2004-03-07T08:38:29","date_gmt":"2004-03-07T13:38:29","guid":{"rendered":"2055456836"},"modified":"2005-09-22T18:03:44","modified_gmt":"2005-09-22T18:03:44","slug":"188","status":"publish","type":"post","link":"https:\/\/fraynelson.com\/blog\/2004\/03\/07\/188\/","title":{"rendered":"La Misa de 5.15"},"content":{"rendered":"<p>Nuestra parroquia en el centro de Dubl\u00edn, donde vivo, tiene un par de lugares de culto asociados y separados f\u00edsicamente de la iglesia como tal, a saber, una capilla del Sant\u00edsimo y una casa de atenci\u00f3n a personas mayores durante el d\u00eda. Con alguna frecuencia &#8211;por lo menos una vez a la semana&#8211; el prior me encomienda una de las dos misas que hay en la Capilla del Sant\u00edsimo, que queda como a dos cuadras de nuestro convento. El lugar suele ser conocido como <strong>Capilla de San Mart\u00edn<\/strong>, porque a su lado funciona una peque\u00f1a librer\u00eda y otras dependencias que nacieron de la devoci\u00f3n a San Mart\u00edn de Porres.<\/p>\n<p><!--more--><\/p>\n<p>Como suele suceder en estos casos, en que las obras han crecido a ritmo de la Providencia, los espacios se distribuyen de un modo casi caprichoso. As\u00ed resulta que la capilla misma y su sacrist\u00eda quedan en una especie de s\u00f3tano al que se accede por escaleras directamente desde la calle (<strong>Parnell Square West<\/strong>).<\/p>\n<p>La misa de 5.15 pm, la que he presidido ya un n\u00famero de veces, re\u00fane gentes diversas: personas que salen de su trabajo a las 5 pm, religiosas que no tienen misa en su convento, ancianos o enfermos que viven cerca, transeuntes o turistas sorprendidos por la existencia de ese peque\u00f1o lugar cat\u00f3lico, y tambi\u00e9n esa otra proporci\u00f3n de hombres y mujeres que tienen dishbilidades m\u00e1s o menos pronunciadas. El sacrist\u00e1n mismo se mueve con dificultad por una deformidad en su columna vertebral. Hay una se\u00f1ora con una especie de par\u00e1lisis facial, un hombre mayor que parece sufrir serias limitaciones mentales. Es un ambiente muy particular: la mirada distraida del turista, el cansancio del trabajador, la ausencia permanente del enfermo mental, la soledad estoica del anciano, la piedad f\u00e9rrea de la religiosa&#8230;<\/p>\n<p>Me llama la atenci\u00f3n el hombre que tiene la limitaci\u00f3n mental, a quien llamar\u00e9 aqu\u00ed Howard. Es relativamente aut\u00f3nomo en su moverse por Dubl\u00edn. Anda solo y sus rutinas son elementales. Casi siempre lleva la misma ropa. Mira del mismo modo. Dice las mismas palabras. Y sobre todo eso me impacta de \u00e9l. Si te lo encuentras cien veces, cien veces te repite lo mismo, y \u00bfqu\u00e9 te repite? Habla pausamente, para no equivocarse al pronunciar: &#8220;<em>\u00bfC\u00f3mo est\u00e1, padre? Yo tambi\u00e9n estoy bien. Yo siempre rezo por usted, padre. Por favor, no me olvide en sus oraciones. Hasta luego, padre.<\/em>&#8220;<\/p>\n<p>\u00bfC\u00f3mo ser\u00e1 un \u00e1ngel? \u00bfHabr\u00e1 ya alguno que se llame Howard?<\/p>\n","protected":false},"excerpt":{"rendered":"<p>Nuestra parroquia en el centro de Dubl\u00edn, donde vivo, tiene un par de lugares de culto asociados y separados f\u00edsicamente de la iglesia como tal, a saber, una capilla del Sant\u00edsimo y una casa de atenci\u00f3n a personas mayores durante el d\u00eda. Con alguna frecuencia &#8211;por lo menos una vez a la semana&#8211; el prior &hellip; <\/p>\n<p class=\"link-more\"><a href=\"https:\/\/fraynelson.com\/blog\/2004\/03\/07\/188\/\" class=\"more-link\">Continuar leyendo<span class=\"screen-reader-text\"> &#8220;La Misa de 5.15&#8221;<\/span><\/a><\/p>\n","protected":false},"author":1138,"featured_media":0,"comment_status":"open","ping_status":"open","sticky":false,"template":"","format":"standard","meta":{"footnotes":""},"categories":[35],"tags":[],"class_list":["post-547","post","type-post","status-publish","format-standard","hentry","category-personas"],"jetpack_featured_media_url":"","_links":{"self":[{"href":"https:\/\/fraynelson.com\/blog\/wp-json\/wp\/v2\/posts\/547","targetHints":{"allow":["GET"]}}],"collection":[{"href":"https:\/\/fraynelson.com\/blog\/wp-json\/wp\/v2\/posts"}],"about":[{"href":"https:\/\/fraynelson.com\/blog\/wp-json\/wp\/v2\/types\/post"}],"author":[{"embeddable":true,"href":"https:\/\/fraynelson.com\/blog\/wp-json\/wp\/v2\/users\/1138"}],"replies":[{"embeddable":true,"href":"https:\/\/fraynelson.com\/blog\/wp-json\/wp\/v2\/comments?post=547"}],"version-history":[{"count":0,"href":"https:\/\/fraynelson.com\/blog\/wp-json\/wp\/v2\/posts\/547\/revisions"}],"wp:attachment":[{"href":"https:\/\/fraynelson.com\/blog\/wp-json\/wp\/v2\/media?parent=547"}],"wp:term":[{"taxonomy":"category","embeddable":true,"href":"https:\/\/fraynelson.com\/blog\/wp-json\/wp\/v2\/categories?post=547"},{"taxonomy":"post_tag","embeddable":true,"href":"https:\/\/fraynelson.com\/blog\/wp-json\/wp\/v2\/tags?post=547"}],"curies":[{"name":"wp","href":"https:\/\/api.w.org\/{rel}","templated":true}]}}