{"id":542,"date":"2004-03-12T12:15:35","date_gmt":"2004-03-12T17:15:35","guid":{"rendered":"1692095446"},"modified":"2005-09-22T17:37:24","modified_gmt":"2005-09-22T17:37:24","slug":"193","status":"publish","type":"post","link":"https:\/\/fraynelson.com\/blog\/2004\/03\/12\/193\/","title":{"rendered":"Europa hierve"},"content":{"rendered":"<p>Los temas raciales, \u00e9tnicos y culturales est\u00e1n hirviendo en Europa, aunque con la olla tapada. Aqu\u00ed en Dublin, por ejemplo, tienen actividades varias veces al a\u00f1o en contra del racismo. Una cosa buena, en s\u00ed misma, pero tambi\u00e9n un indicativo de la conciencia que hay de un problema que va caminando como en subterr\u00e1neo, y que tendr\u00e1 que hacer erupci\u00f3n en alg\u00fan momento.<\/p>\n<p><!--more--><\/p>\n<p>Yo me atrever\u00eda a decir que el asunto no es solo de razas. En el fondo es la contradicci\u00f3n interna del racionalismo de la Modernidad, que, por una parte, se supone que es as\u00e9ptico, abstracto, universal, siempre v\u00e1lido, pero, por otra parte, es un instrumento de dominaci\u00f3n y como tal introduce diferencias y flujos espec\u00edficos en el mercado de divisas, en la producci\u00f3n de tecnolog\u00eda y por lo tanto en el tr\u00e1nsito de los seres humanos mismos.<\/p>\n<p>No es la \u00fanica paradoja que veo padecer a esta Europa Occidental. Est\u00e1 el tema mismo de la democracia. Como bien anota <strong>Zizek<\/strong>, hemos dejado a la democracia lo pol\u00edtico-nominal, mientras que lo econ\u00f3mico-real se gesta y transita por otros linderos. La gente es libre de elegir presidente de la rep\u00fablica, pero no presidente del banco que determinar\u00e1 los intereses y amortizaciones para sus pr\u00f3ximos 30 a\u00f1os. De este modo, los sistemas europeos, que presumen de ser m\u00e1s democr\u00e1ticos, s\u00f3lo pueden negociar entre s\u00ed y con el mundo despu\u00e9s de pedir permiso a los gur\u00faes de la econom\u00eda y a los se\u00f1ores del dinero. Tales gur\u00faes y se\u00f1ores no son elegibles; simplemente existen y se van pasando el cetro de una oficina a otra y de una convenci\u00f3n a otra.<\/p>\n<p>A\u00f1adamos a ello el tema de la secularizaci\u00f3n. Precisamente este semestre tengo esa materia entre las clases que recibo. Ser laico, o mejor, laicista, deshacerse, desembarazarse del pesado manto del cristianismo, es casi una obsesi\u00f3n para muchos europeos. Que alguien sea expl\u00edcitamente creyente es apenas soportable para los que le rodean; y si se pretende no solo serlo sino testificarlo, la cosa pasa de la paciencia al reclamo. Con otras palabras: la religi\u00f3n es el nuevo tab\u00fa, en el sentido original de la palabra. Algo que no se toca, no se menciona; algo que s\u00f3lo puede existir en la privacidad.<\/p>\n<p>Cosa que es chistosa, porque la democracia y la racionalidad deber\u00edan hacer abiertos y accesibles todos los temas. De hecho, hay un placer compartido en abordar la sexualidad, la transexualidad, la homosexualidad&#8230; todo ello es como una exhibici\u00f3n de la intimidad. El t\u00e9rmino com\u00fan para el que se deja conocer como homosexual es &#8220;salir del armario,&#8221; una expresi\u00f3n que ya se ha vuelto universal. Es decir que la gente se siente invitada a ver en realities de televisi\u00f3n hasta los m\u00e1s burdos o raizales estremecimientos del alma o del cuerpo; todo se puede investigar en el gobierno; el sexo est\u00e1 siempre en vitrina&#8230; \u00a1pero que no se te ocurra plantear un tema de religi\u00f3n! \u00bfNo es gracioso? Quiz\u00e1 lo ser\u00eda si no fuera porque mata tanto la esperanza.<\/p>\n<p>Y nos falta aludir tambi\u00e9n a los nacionalismos. \u00a1Qu\u00e9 tranquila parece la vida cuando la miramos por la rendija de las constituciones y c\u00f3digos ya bien redactados y empastados! All\u00ed todo tiene su lugar, todo est\u00e1 previsto, todo se prev\u00e9 que llegue en su momento o, si es delictivo, que se castigue en su momento. Pero las fronteras de las naciones, \u00bfqu\u00e9 son? Son el rastro, hoy inerte, o relativamente inerte, de discusiones, ego\u00edsmos, tensiones, a menudo, guerras. Los textos ya redactados nos hacen olvidar eso. Una especie de inercia nos empuja a dar por definitivo lo que en este momento parece &#8220;funcionar,&#8221; pero las graves cuestiones: &#8220;\u00bfa qui\u00e9n le funciona?&#8221; y &#8220;\u00bfse podr\u00eda mejorar?&#8221; no se plantean nunca.<\/p>\n<p>Europa hierve, pero la tapa est\u00e1 bien ajustada. \u00bfSer\u00e1 que el terrorismo, en sus diversas formas, todas espantosas, es, adem\u00e1s de todo, un espasmo que trata de mover esa tapa?<\/p>\n","protected":false},"excerpt":{"rendered":"<p>Los temas raciales, \u00e9tnicos y culturales est\u00e1n hirviendo en Europa, aunque con la olla tapada. Aqu\u00ed en Dublin, por ejemplo, tienen actividades varias veces al a\u00f1o en contra del racismo. Una cosa buena, en s\u00ed misma, pero tambi\u00e9n un indicativo de la conciencia que hay de un problema que va caminando como en subterr\u00e1neo, y &hellip; <\/p>\n<p class=\"link-more\"><a href=\"https:\/\/fraynelson.com\/blog\/2004\/03\/12\/193\/\" class=\"more-link\">Continuar leyendo<span class=\"screen-reader-text\"> &#8220;Europa hierve&#8221;<\/span><\/a><\/p>\n","protected":false},"author":1138,"featured_media":0,"comment_status":"open","ping_status":"open","sticky":false,"template":"","format":"standard","meta":{"footnotes":""},"categories":[44],"tags":[],"class_list":["post-542","post","type-post","status-publish","format-standard","hentry","category-europa-y-occidente"],"jetpack_featured_media_url":"","_links":{"self":[{"href":"https:\/\/fraynelson.com\/blog\/wp-json\/wp\/v2\/posts\/542","targetHints":{"allow":["GET"]}}],"collection":[{"href":"https:\/\/fraynelson.com\/blog\/wp-json\/wp\/v2\/posts"}],"about":[{"href":"https:\/\/fraynelson.com\/blog\/wp-json\/wp\/v2\/types\/post"}],"author":[{"embeddable":true,"href":"https:\/\/fraynelson.com\/blog\/wp-json\/wp\/v2\/users\/1138"}],"replies":[{"embeddable":true,"href":"https:\/\/fraynelson.com\/blog\/wp-json\/wp\/v2\/comments?post=542"}],"version-history":[{"count":0,"href":"https:\/\/fraynelson.com\/blog\/wp-json\/wp\/v2\/posts\/542\/revisions"}],"wp:attachment":[{"href":"https:\/\/fraynelson.com\/blog\/wp-json\/wp\/v2\/media?parent=542"}],"wp:term":[{"taxonomy":"category","embeddable":true,"href":"https:\/\/fraynelson.com\/blog\/wp-json\/wp\/v2\/categories?post=542"},{"taxonomy":"post_tag","embeddable":true,"href":"https:\/\/fraynelson.com\/blog\/wp-json\/wp\/v2\/tags?post=542"}],"curies":[{"name":"wp","href":"https:\/\/api.w.org\/{rel}","templated":true}]}}