{"id":52936,"date":"2017-03-25T21:57:36","date_gmt":"2017-03-26T02:57:36","guid":{"rendered":"http:\/\/fraynelson.com\/blog\/?p=52936"},"modified":"2017-03-25T21:57:36","modified_gmt":"2017-03-26T02:57:36","slug":"sobre-la-conciencia-personal-y-la-comunion-de-quienes-viven-en-adulterio","status":"publish","type":"post","link":"https:\/\/fraynelson.com\/blog\/2017\/03\/25\/sobre-la-conciencia-personal-y-la-comunion-de-quienes-viven-en-adulterio\/","title":{"rendered":"Sobre la conciencia personal y la comuni\u00f3n de quienes viven en adulterio"},"content":{"rendered":"<p>&#8220;La errada convicci\u00f3n de poder acceder a la Comuni\u00f3n eucar\u00edstica por parte de un divorciado vuelto a casar, presupone normalmente que se atribuya a la conciencia personal el poder de decidir en \u00faltimo t\u00e9rmino, bas\u00e1ndose en la propia convicci\u00f3n,sobre la existencia o no del anterior matrimonio y sobre el valor de la nueva uni\u00f3n. Sin embargo, dicha atribuci\u00f3n es inadmisible. El matrimonio, en efecto, en cuanto imagen de la uni\u00f3n esponsal entre Cristo y su Iglesia as\u00ed como n\u00facleo basilar y factor importante en la vida de la sociedad civil, es esencialmente una realidad p\u00fablica&#8230;&#8221;<\/p>\n<p><a href=\"https:\/\/www.evernote.com\/shard\/s254\/sh\/4e63339e-202f-4631-b760-f592796f8370\/13f028a17bc9b702a06c9a2ff1595c9f\" target=\"_blank\"><img decoding=\"async\" src=\"http:\/\/fraynelson.com\/banco_imagenes\/recomendados\/20170327.jpg\" alt=\"\" \/><\/p>\n<p>Haz clic aqu\u00ed!<\/a><\/p>\n","protected":false},"excerpt":{"rendered":"<p>&#8220;La errada convicci\u00f3n de poder acceder a la Comuni\u00f3n eucar\u00edstica por parte de un divorciado vuelto a casar, presupone normalmente que se atribuya a la conciencia personal el poder de decidir en \u00faltimo t\u00e9rmino, bas\u00e1ndose en la propia convicci\u00f3n,sobre la existencia o no del anterior matrimonio y sobre el valor de la nueva uni\u00f3n. Sin &hellip; <\/p>\n<p class=\"link-more\"><a href=\"https:\/\/fraynelson.com\/blog\/2017\/03\/25\/sobre-la-conciencia-personal-y-la-comunion-de-quienes-viven-en-adulterio\/\" class=\"more-link\">Continuar leyendo<span class=\"screen-reader-text\"> &#8220;Sobre la conciencia personal y la comuni\u00f3n de quienes viven en adulterio&#8221;<\/span><\/a><\/p>\n","protected":false},"author":1138,"featured_media":0,"comment_status":"closed","ping_status":"closed","sticky":false,"template":"","format":"standard","meta":{"footnotes":""},"categories":[345,620,469,453],"tags":[],"class_list":["post-52936","post","type-post","status-publish","format-standard","hentry","category-comunion","category-enlaces","category-eucaristia","category-pareja"],"jetpack_featured_media_url":"","_links":{"self":[{"href":"https:\/\/fraynelson.com\/blog\/wp-json\/wp\/v2\/posts\/52936","targetHints":{"allow":["GET"]}}],"collection":[{"href":"https:\/\/fraynelson.com\/blog\/wp-json\/wp\/v2\/posts"}],"about":[{"href":"https:\/\/fraynelson.com\/blog\/wp-json\/wp\/v2\/types\/post"}],"author":[{"embeddable":true,"href":"https:\/\/fraynelson.com\/blog\/wp-json\/wp\/v2\/users\/1138"}],"replies":[{"embeddable":true,"href":"https:\/\/fraynelson.com\/blog\/wp-json\/wp\/v2\/comments?post=52936"}],"version-history":[{"count":1,"href":"https:\/\/fraynelson.com\/blog\/wp-json\/wp\/v2\/posts\/52936\/revisions"}],"predecessor-version":[{"id":52937,"href":"https:\/\/fraynelson.com\/blog\/wp-json\/wp\/v2\/posts\/52936\/revisions\/52937"}],"wp:attachment":[{"href":"https:\/\/fraynelson.com\/blog\/wp-json\/wp\/v2\/media?parent=52936"}],"wp:term":[{"taxonomy":"category","embeddable":true,"href":"https:\/\/fraynelson.com\/blog\/wp-json\/wp\/v2\/categories?post=52936"},{"taxonomy":"post_tag","embeddable":true,"href":"https:\/\/fraynelson.com\/blog\/wp-json\/wp\/v2\/tags?post=52936"}],"curies":[{"name":"wp","href":"https:\/\/api.w.org\/{rel}","templated":true}]}}