{"id":526,"date":"2004-03-28T12:06:53","date_gmt":"2004-03-28T17:06:53","guid":{"rendered":"364550075"},"modified":"2005-09-22T17:05:31","modified_gmt":"2005-09-22T17:05:31","slug":"209","status":"publish","type":"post","link":"https:\/\/fraynelson.com\/blog\/2004\/03\/28\/209\/","title":{"rendered":"Los estudios"},"content":{"rendered":"<p>Yo hab\u00eda hecho la Licenciatura en Teolog\u00eda en la Javeriana. El actual Provincial, Jos\u00e9 Gabriel, decidi\u00f3 impulsar el proyecto de la Facultad de Teolog\u00eda nuestra en Colombia, para lo cual, obviamente, se necesita m\u00e1s gente con doctorado. En principio hablamos de Suiza, pero luego, en el deseo de aproximarnos tambi\u00e9n a otras culturas (la anglosajona en este caso) y otras lenguas (el ingl\u00e9s), llegamos a un acuerdo, que yo viniera a Irlanda.<\/p>\n<p><!--more--><\/p>\n<p>Esta Provincia ha sido generosa conmigo, y aunque hay tantas cosas dif\u00edciles en todo lo que nos diferencia (empezando por la comida, por ejemplo), la experiencia ha sido en su conjunto sumamente enriquecedora y bella.<\/p>\n<p>El proceso acad\u00e9mico incluye unos pre-requesitos y desde luego la redacci\u00f3n de la tesis. De los cinco pre-requisitos o materias, ya termin\u00e9 una, en diciembre, y espero terminar otras dos antes de Semana Santa. Una de las razones por las que no me he precipitado en eso es para tratar de mejorar el nivel de ingl\u00e9s, porque al fin y al cabo lo que quede mal redactado tocar\u00e1 reescribirlo. La idea en todo caso es que al salir al verano ya se haya acabado esa parte, de modo que, de septiembre en adelante pueda concentrarme solo en la tesis, que ser\u00e1 sobre un tema en Santo Tom\u00e1s y en un te\u00f3logo jesuita, Bernardo Lonergan.<\/p>\n","protected":false},"excerpt":{"rendered":"<p>Yo hab\u00eda hecho la Licenciatura en Teolog\u00eda en la Javeriana. El actual Provincial, Jos\u00e9 Gabriel, decidi\u00f3 impulsar el proyecto de la Facultad de Teolog\u00eda nuestra en Colombia, para lo cual, obviamente, se necesita m\u00e1s gente con doctorado. En principio hablamos de Suiza, pero luego, en el deseo de aproximarnos tambi\u00e9n a otras culturas (la anglosajona &hellip; <\/p>\n<p class=\"link-more\"><a href=\"https:\/\/fraynelson.com\/blog\/2004\/03\/28\/209\/\" class=\"more-link\">Continuar leyendo<span class=\"screen-reader-text\"> &#8220;Los estudios&#8221;<\/span><\/a><\/p>\n","protected":false},"author":1138,"featured_media":0,"comment_status":"open","ping_status":"open","sticky":false,"template":"","format":"standard","meta":{"footnotes":""},"categories":[3],"tags":[],"class_list":["post-526","post","type-post","status-publish","format-standard","hentry","category-noticias-personales"],"jetpack_featured_media_url":"","_links":{"self":[{"href":"https:\/\/fraynelson.com\/blog\/wp-json\/wp\/v2\/posts\/526","targetHints":{"allow":["GET"]}}],"collection":[{"href":"https:\/\/fraynelson.com\/blog\/wp-json\/wp\/v2\/posts"}],"about":[{"href":"https:\/\/fraynelson.com\/blog\/wp-json\/wp\/v2\/types\/post"}],"author":[{"embeddable":true,"href":"https:\/\/fraynelson.com\/blog\/wp-json\/wp\/v2\/users\/1138"}],"replies":[{"embeddable":true,"href":"https:\/\/fraynelson.com\/blog\/wp-json\/wp\/v2\/comments?post=526"}],"version-history":[{"count":0,"href":"https:\/\/fraynelson.com\/blog\/wp-json\/wp\/v2\/posts\/526\/revisions"}],"wp:attachment":[{"href":"https:\/\/fraynelson.com\/blog\/wp-json\/wp\/v2\/media?parent=526"}],"wp:term":[{"taxonomy":"category","embeddable":true,"href":"https:\/\/fraynelson.com\/blog\/wp-json\/wp\/v2\/categories?post=526"},{"taxonomy":"post_tag","embeddable":true,"href":"https:\/\/fraynelson.com\/blog\/wp-json\/wp\/v2\/tags?post=526"}],"curies":[{"name":"wp","href":"https:\/\/api.w.org\/{rel}","templated":true}]}}