{"id":523,"date":"2004-03-31T12:00:16","date_gmt":"2004-03-31T17:00:16","guid":{"rendered":"1450982992"},"modified":"2005-09-22T17:02:46","modified_gmt":"2005-09-22T17:02:46","slug":"212","status":"publish","type":"post","link":"https:\/\/fraynelson.com\/blog\/2004\/03\/31\/212\/","title":{"rendered":"QUINTA CARTA A KEJARITOMENE"},"content":{"rendered":"<p>Queridos hermanos,<\/p>\n<p>Se aproximan ya los d\u00edas que con toda raz\u00f3n llamamos &#65533;santos.&#65533; \u00a1Cu\u00e1nto me alegra compartir con ustedes por un momento los sentimientos que me invaden, recordando tantas experiencias de fe en Colombia y a la vez teniendo ya en frente mi primera Semana Santa en Irlanda!<\/p>\n<p>Chiquinquir\u00e1, Barranquilla, Oca\u00f1a, Medell\u00edn, Villavicencio, Campod\u00f3s, y desde luego, en Bogot\u00e1, nuestro Convento de Santo Domingo y el Monasterio de Santa In\u00e9s son algunos de los lugares que de inmediato me vienen a la memoria. Creo que tres im\u00e1genes, sobre todo, me llegan con fuerza: el sagrario, con la reserva eucar\u00edstica, el Jueves Santo; la cruz, desnuda, poderosa e impotente a la vez, frente al que todo lo que puede; y luego, el sepulcro, cargado de silencio y de todas nuestras culpas, bien grabadas en la carne del Hijo de Dios.<\/p>\n<p><!--more--><\/p>\n<p>Algunos de ustedes no oir\u00e1n estas palabras cuando sean le\u00eddas en la asamblea, y ello por una buena raz\u00f3n: estar\u00e1n en misiones. Es un fruto grande y bello que Dios le ha dado a Kejaritomene: despu\u00e9s de recibir con avidez y con gozo el pan de la Palabra, muchos sienten ya la urgencia de compartir lo que han recibido. Y aunque no todos los que quisieran ir a predicar pueden siempre hacerlo, para m\u00ed es motivo de orgullo y de gozo ver que nuestra gente se echa el morral o la mochila a la espalda, se arma de una buena Biblia y sale a las calles y campos a contar que el amor est\u00e1 vivo. Desde aqu\u00ed, desde la noche y el fr\u00edo de una leve llovizna que lava las calles de Dubl\u00edn, los bendigo con cari\u00f1o y con gozo: \u00a1vayan, vayan con \u00e1nimo! \u00a1Vayan en el Nombre del que no miente, del que nunca falla, del que a todos sana! \u00a1Vayan y canten y cuenten que hay Uno Santo, Uno Inocente, Uno lleno de toda hermosura que por compasi\u00f3n al mundo soport\u00f3 duro castigo, que no merec\u00eda! \u00a1Dios bendiga a los misioneros de Kejaritomene, y a todos los que predican seg\u00fan el coraz\u00f3n de la Iglesia la verdad del Evangelio!<\/p>\n<p>La alegr\u00eda de Santo Domingo, que sab\u00eda cantar cuando iba de camino, ha de ser nuestra m\u00fasica en esta Semana Santa. Hay muchas razones para la tristeza, no lo niego: la sangre de tantos inocentes en Madrid, o en los campos de Colombia; la sangre de los abortados y de los que han muerto en accidentes absurdos o evitables; la sangre de los que caen en campos de batalla o desfallecen por falta de alimento o medicinas&#8230; El mundo es un lugar cargado de violencias; no lo negamos. Cristo tuvo ante sus ojos ese mundo. Cristo mir\u00f3 con ojos arrasados en llanto ese mundo, tan desagradecido por los bienes recibidos, y tan urgido de perdones, consuelos y luces. Y por dar vida a ese mundo, que bien conoc\u00eda, quiso mezclar su Sangre con tantas otras sangres. La Sangre del Hijo de Dios, se mezcl\u00f3, para bendecirla, con la sangre de los hijos de los hombres. \u00a1Esa es la Semana Santa!<\/p>\n<p>Y esa es tambi\u00e9n nuestra Pascua. Sonre\u00edmos no porque el mundo sea bueno sino porque Uno, el \u00danico Bueno, Cristo Jes\u00fas, am\u00f3 hasta el extremo y siendo justo derram\u00f3 su vida en gotas de sangre para dar vida a los injustos. Cantamos, no porque el mundo sea un lugar de paz, sino porque la victoria del Crucificado es tambi\u00e9n la derrota del odio que engendra sin cesar guerras y contiendas.<\/p>\n<p>Viene de inmediato la pregunta: Y si tal hizo Cristo, \u00bfpor qu\u00e9 siguen las batallas y siguen muriendo inocentes? Es un enigma serio y no hay respuestas f\u00e1ciles para \u00e9l. Tal vez nos convencer\u00edamos m\u00e1s f\u00e1cilmente del Evangelio si vi\u00e9ramos ya realizada la obra del Reino de Dios, floreciendo aqu\u00ed y all\u00e1 en uno y otro continente. Entonces podr\u00edamos VER que el Evangelio funciona y podr\u00edamos se\u00f1alar con el dedo una tierra o un pa\u00eds y decir: &#65533;Mira, \u00a1ah\u00ed est\u00e1 el Reino de Dios!&#65533; Cristo, sin embargo, nos previno en contra de esta perspectiva que es tan simplista como err\u00f3nea. &#65533;No digan el Reino de Dios est\u00e1 aqu\u00ed,&#65533; advirti\u00f3 Nuestro Se\u00f1or (Lucas 17,21). \u00a1Qu\u00e9 misterio tan hondo! \u00a1Tanto trabajar \u00c9l por la llegada del Reino, tanto suplicar en cada Padrenuestro la llegada del Reino, y estar prohibidos de decir &#65533;El Reino ha llegado&#65533;! \u00bfNo es algo intrigante, en verdad?<\/p>\n<p>Y sin embargo, tiene una l\u00f3gica profunda. Cristo nos invita a trabajar y sobre todo a orar por la llegada del Reino, pero no quiere que confundamos al Reino de Dios con nada, con ninguna cosa, instituci\u00f3n, persona, escuela teol\u00f3gica, m\u00e9todo pastoral, \u00e9xito apost\u00f3lico, obra de arte, sentimiento compartido. El Reino es y debe ser siempre el RETO; es el gran llamado, es aquello que s\u00f3lo Dios abarca porque s\u00f3lo cabe en la carne glorificada de Jesucristo. El Reino, mis amigos, es y debe ser siempre el REGALO; es el don que viene empapado de Esp\u00edritu, como tierra que amanece bendecida por el roc\u00edo de lo alto.<\/p>\n<p>Caminemos, pues, con gozo, contemplando a Cristo, amando a Cristo, obedeciendo a Cristo y predicando a Cristo.<\/p>\n<p>Abrazos a todos, \u00a1Feliz Pascua!<\/p>\n<p>Fr. Nelson Medina, O.P.<\/p>\n","protected":false},"excerpt":{"rendered":"<p>Queridos hermanos, Se aproximan ya los d\u00edas que con toda raz\u00f3n llamamos &#65533;santos.&#65533; \u00a1Cu\u00e1nto me alegra compartir con ustedes por un momento los sentimientos que me invaden, recordando tantas experiencias de fe en Colombia y a la vez teniendo ya en frente mi primera Semana Santa en Irlanda! Chiquinquir\u00e1, Barranquilla, Oca\u00f1a, Medell\u00edn, Villavicencio, Campod\u00f3s, y &hellip; <\/p>\n<p class=\"link-more\"><a href=\"https:\/\/fraynelson.com\/blog\/2004\/03\/31\/212\/\" class=\"more-link\">Continuar leyendo<span class=\"screen-reader-text\"> &#8220;QUINTA CARTA A KEJARITOMENE&#8221;<\/span><\/a><\/p>\n","protected":false},"author":1138,"featured_media":0,"comment_status":"open","ping_status":"open","sticky":false,"template":"","format":"standard","meta":{"footnotes":""},"categories":[60],"tags":[],"class_list":["post-523","post","type-post","status-publish","format-standard","hentry","category-familia-dominicana"],"jetpack_featured_media_url":"","_links":{"self":[{"href":"https:\/\/fraynelson.com\/blog\/wp-json\/wp\/v2\/posts\/523","targetHints":{"allow":["GET"]}}],"collection":[{"href":"https:\/\/fraynelson.com\/blog\/wp-json\/wp\/v2\/posts"}],"about":[{"href":"https:\/\/fraynelson.com\/blog\/wp-json\/wp\/v2\/types\/post"}],"author":[{"embeddable":true,"href":"https:\/\/fraynelson.com\/blog\/wp-json\/wp\/v2\/users\/1138"}],"replies":[{"embeddable":true,"href":"https:\/\/fraynelson.com\/blog\/wp-json\/wp\/v2\/comments?post=523"}],"version-history":[{"count":0,"href":"https:\/\/fraynelson.com\/blog\/wp-json\/wp\/v2\/posts\/523\/revisions"}],"wp:attachment":[{"href":"https:\/\/fraynelson.com\/blog\/wp-json\/wp\/v2\/media?parent=523"}],"wp:term":[{"taxonomy":"category","embeddable":true,"href":"https:\/\/fraynelson.com\/blog\/wp-json\/wp\/v2\/categories?post=523"},{"taxonomy":"post_tag","embeddable":true,"href":"https:\/\/fraynelson.com\/blog\/wp-json\/wp\/v2\/tags?post=523"}],"curies":[{"name":"wp","href":"https:\/\/api.w.org\/{rel}","templated":true}]}}