{"id":517,"date":"2004-04-06T12:17:15","date_gmt":"2004-04-06T17:17:15","guid":{"rendered":"1274010181"},"modified":"2005-09-21T09:48:57","modified_gmt":"2005-09-21T09:48:57","slug":"218","status":"publish","type":"post","link":"https:\/\/fraynelson.com\/blog\/2004\/04\/06\/218\/","title":{"rendered":"Ante el luto"},"content":{"rendered":"<p>Hace unos d\u00edas falleci\u00f3 la mam\u00e1 de uno de los padres de mi convento. Comento impresiones:<\/p>\n<p>1. Sent\u00ed solidaridad. Todos nos hicimos presentes en alguna de las fases de la despedida a este venerable se\u00f1ora (ten\u00eda algo m\u00e1s de 90 a\u00f1os).<\/p>\n<p>2. La solidaridad resulta poco emotiva, comparada con el estilo latino. Los hombres no lloran, por lo menos, no en p\u00fablico. Las mujeres, poco. S\u00f3lo se dan algunos abrazos entre la familia inmediata, y algunas se\u00f1oras a los hijos de la difunta.<\/p>\n<p>3. El respeto es inmenso. Hay un aire muy hermoso y muy discreto a la vez, que se convierte en delicadeza para quien se sabe que est\u00e1 sufriendo.<\/p>\n<p>4. Las cosas suceden de modo discreto. Hay reemplazos que hacer, tareas que cubrir. Todo se hace con discreci\u00f3n y eficiencia. Pr\u00e1cticamente no hay perturbaci\u00f3n en el orden diario.<\/p>\n<p>5. La persona afectada vive su luto en un inmenso silencio, que uno puede suponer que se rompe con algunos m\u00e1s cercanos. A los dem\u00e1s, se supone que nos corresponde entender, acompa\u00f1ar, respetar, orar, callar, apoyar. Son roles muy claros; muy establecidos. Uno no se siente mal, pero s\u00ed es un poco extra\u00f1o.<\/p>\n","protected":false},"excerpt":{"rendered":"<p>Hace unos d\u00edas falleci\u00f3 la mam\u00e1 de uno de los padres de mi convento. Comento impresiones: 1. Sent\u00ed solidaridad. Todos nos hicimos presentes en alguna de las fases de la despedida a este venerable se\u00f1ora (ten\u00eda algo m\u00e1s de 90 a\u00f1os). 2. La solidaridad resulta poco emotiva, comparada con el estilo latino. Los hombres no &hellip; <\/p>\n<p class=\"link-more\"><a href=\"https:\/\/fraynelson.com\/blog\/2004\/04\/06\/218\/\" class=\"more-link\">Continuar leyendo<span class=\"screen-reader-text\"> &#8220;Ante el luto&#8221;<\/span><\/a><\/p>\n","protected":false},"author":1138,"featured_media":0,"comment_status":"open","ping_status":"open","sticky":false,"template":"","format":"standard","meta":{"footnotes":""},"categories":[3],"tags":[],"class_list":["post-517","post","type-post","status-publish","format-standard","hentry","category-noticias-personales"],"jetpack_featured_media_url":"","_links":{"self":[{"href":"https:\/\/fraynelson.com\/blog\/wp-json\/wp\/v2\/posts\/517","targetHints":{"allow":["GET"]}}],"collection":[{"href":"https:\/\/fraynelson.com\/blog\/wp-json\/wp\/v2\/posts"}],"about":[{"href":"https:\/\/fraynelson.com\/blog\/wp-json\/wp\/v2\/types\/post"}],"author":[{"embeddable":true,"href":"https:\/\/fraynelson.com\/blog\/wp-json\/wp\/v2\/users\/1138"}],"replies":[{"embeddable":true,"href":"https:\/\/fraynelson.com\/blog\/wp-json\/wp\/v2\/comments?post=517"}],"version-history":[{"count":0,"href":"https:\/\/fraynelson.com\/blog\/wp-json\/wp\/v2\/posts\/517\/revisions"}],"wp:attachment":[{"href":"https:\/\/fraynelson.com\/blog\/wp-json\/wp\/v2\/media?parent=517"}],"wp:term":[{"taxonomy":"category","embeddable":true,"href":"https:\/\/fraynelson.com\/blog\/wp-json\/wp\/v2\/categories?post=517"},{"taxonomy":"post_tag","embeddable":true,"href":"https:\/\/fraynelson.com\/blog\/wp-json\/wp\/v2\/tags?post=517"}],"curies":[{"name":"wp","href":"https:\/\/api.w.org\/{rel}","templated":true}]}}