{"id":509,"date":"2004-04-14T12:03:54","date_gmt":"2004-04-14T17:03:54","guid":{"rendered":"611941557"},"modified":"2005-09-21T10:42:47","modified_gmt":"2005-09-21T10:42:47","slug":"226","status":"publish","type":"post","link":"https:\/\/fraynelson.com\/blog\/2004\/04\/14\/226\/","title":{"rendered":"Canci\u00f3n de anta\u00f1o"},"content":{"rendered":"<p>Esta pascua he recordado con un amor especial las celebraciones de Pascua de tiempos idos, sobre todo de la \u00e9poca de fraile estudiante. Me parece hermoso evocar a <strong>Fr. Orlando Rueda<\/strong>, en aquella \u00e9poca cantor del convento de Santo Domingo, tocando el \u00f3rgano y ensay\u00e1ndonos los cantos del tiempo pascual, y <strong>Fr. Jos\u00e9 Gabriel Mesa<\/strong>, tantas veces sustentor del coro. Hoy Orlando es rector del Colegio Lacordaire en Cali y Gabriel es nuestro Provincial. \u00bfC\u00f3mo no recordar esos ensayos y aquel canto: &#8220;<em>Como el grano de trigo&#8230;<\/em>&#8220;? Me puse a buscarlo en Internet y lo pude localizar. \u00a1Vaya aqu\u00ed para gloria de mi Dios!<\/p>\n<p><!--more--><\/p>\n<p><p><strong>Luz que vence a la sombra<\/strong><\/p>\n<p><p><em><strong>Coro:<\/strong><\/p>\n<p>Como el grano de trigo, que al morir da mil frutos,<\/p>\n<p>resucit\u00f3 el Se\u00f1or.<\/p>\n<p>Como el ramo de olivo, que venci\u00f3 a la inclemencia,<\/p>\n<p>resucit\u00f3 el Se\u00f1or.<\/p>\n<p>Como el sol que se esconde, y revive en el alba,<\/p>\n<p>resucit\u00f3 el Se\u00f1or.<\/p>\n<p>Como pena que muere, y se vuelve alegr\u00eda,<\/p>\n<p>resucit\u00f3 el Se\u00f1or.<\/p>\n<p>El amor vence al odio, y el sencillo al soberbio,<\/p>\n<p>resucit\u00f3 el Se\u00f1or.<\/p>\n<p>La luz vence a la sombra, y la paz a la guerra,<\/p>\n<p>resucit\u00f3 el Se\u00f1or.<\/p>\n<p><p><strong>1.<\/strong> Resucit\u00f3 el Se\u00f1or y vive en la palabra<\/p>\n<p>de aquel que lucha y muere gritando la verdad.<\/p>\n<p>Resucit\u00f3 el Se\u00f1or y vive en el empe\u00f1o<\/p>\n<p>de todos los que empu\u00f1an las armas de la paz.<\/p>\n<p>Resucit\u00f3 el Se\u00f1or y est\u00e1 en la fortaleza<\/p>\n<p>del triste que se alegra del pobre que da pan.<\/p>\n<p>Resucit\u00f3 el Se\u00f1or y vive en la esperanza<\/p>\n<p>del hombre que camina creyendo en los dem\u00e1s.<\/p>\n<p>Resucit\u00f3 el Se\u00f1or y vive en cada paso<\/p>\n<p>del hombre que se acerca sembrando libertad.<\/p>\n<p>Resucit\u00f3 el Se\u00f1or y vive en el que muere<\/p>\n<p>surcando los peligros que acechan a la paz.<\/p>\n<p><p><strong>2.<\/strong> Resucit\u00f3 el Se\u00f1or y manda a los creyentes<\/p>\n<p>crecerse ante el acoso que sufre la verdad.<\/p>\n<p>Resucit\u00f3 el Se\u00f1or y vive en el esfuerzo<\/p>\n<p>del hombre que sin fuerzas qued\u00f3 por los dem\u00e1s.<\/p>\n<p>Resucit\u00f3 el Se\u00f1or y est\u00e1 en la encrucijada<\/p>\n<p>de todos los caminos que llevan a la paz.<\/p>\n<p>Resucit\u00f3 el Se\u00f1or y llama ante la puerta<\/p>\n<p>de todos los que olvidan lo urgente que es amar.<\/p>\n<p>Resucit\u00f3 el Se\u00f1or y vive en el que queda<\/p>\n<p>cautivo por lograrle al hombre libertad.<\/p>\n<p>Resucit\u00f3 el Se\u00f1or su gloria est\u00e1 en la tierra<\/p>\n<p>en todos los que viven su fe de par en par.<\/em><\/p>\n<p>\n","protected":false},"excerpt":{"rendered":"<p>Esta pascua he recordado con un amor especial las celebraciones de Pascua de tiempos idos, sobre todo de la \u00e9poca de fraile estudiante. Me parece hermoso evocar a Fr. Orlando Rueda, en aquella \u00e9poca cantor del convento de Santo Domingo, tocando el \u00f3rgano y ensay\u00e1ndonos los cantos del tiempo pascual, y Fr. Jos\u00e9 Gabriel Mesa, &hellip; <\/p>\n<p class=\"link-more\"><a href=\"https:\/\/fraynelson.com\/blog\/2004\/04\/14\/226\/\" class=\"more-link\">Continuar leyendo<span class=\"screen-reader-text\"> &#8220;Canci\u00f3n de anta\u00f1o&#8221;<\/span><\/a><\/p>\n","protected":false},"author":1138,"featured_media":0,"comment_status":"open","ping_status":"open","sticky":false,"template":"","format":"standard","meta":{"footnotes":""},"categories":[62],"tags":[],"class_list":["post-509","post","type-post","status-publish","format-standard","hentry","category-cantos-musica-litugia"],"jetpack_featured_media_url":"","_links":{"self":[{"href":"https:\/\/fraynelson.com\/blog\/wp-json\/wp\/v2\/posts\/509","targetHints":{"allow":["GET"]}}],"collection":[{"href":"https:\/\/fraynelson.com\/blog\/wp-json\/wp\/v2\/posts"}],"about":[{"href":"https:\/\/fraynelson.com\/blog\/wp-json\/wp\/v2\/types\/post"}],"author":[{"embeddable":true,"href":"https:\/\/fraynelson.com\/blog\/wp-json\/wp\/v2\/users\/1138"}],"replies":[{"embeddable":true,"href":"https:\/\/fraynelson.com\/blog\/wp-json\/wp\/v2\/comments?post=509"}],"version-history":[{"count":0,"href":"https:\/\/fraynelson.com\/blog\/wp-json\/wp\/v2\/posts\/509\/revisions"}],"wp:attachment":[{"href":"https:\/\/fraynelson.com\/blog\/wp-json\/wp\/v2\/media?parent=509"}],"wp:term":[{"taxonomy":"category","embeddable":true,"href":"https:\/\/fraynelson.com\/blog\/wp-json\/wp\/v2\/categories?post=509"},{"taxonomy":"post_tag","embeddable":true,"href":"https:\/\/fraynelson.com\/blog\/wp-json\/wp\/v2\/tags?post=509"}],"curies":[{"name":"wp","href":"https:\/\/api.w.org\/{rel}","templated":true}]}}