{"id":48710,"date":"2016-10-11T05:53:44","date_gmt":"2016-10-11T10:53:44","guid":{"rendered":"http:\/\/fraynelson.com\/blog\/?p=48710"},"modified":"2016-10-10T22:54:23","modified_gmt":"2016-10-11T03:54:23","slug":"alimento-20161013","status":"publish","type":"post","link":"https:\/\/fraynelson.com\/blog\/2016\/10\/11\/alimento-20161013\/","title":{"rendered":"ALIMENTO 20161013"},"content":{"rendered":"<div align=\"center\">\n<p><b>[<\/b> <a href=\"https:\/\/fraynelson.com\/blog\/2016\/10\/11\/alimento-20161013\/\" target=\"_blank\">Ver en la WEB<\/a> <b>] [<\/b> <a href=\"http:\/\/fraynelson.com\/suscripciones.html\" target=\"_blank\">Suscribirse \/ Darse de baja<\/a> <b>]<\/b><\/p>\n<\/div>\n<p><!--more--><\/p>\n<table border=\"0\" width=\"80%\" cellspacing=\"2\" cellpadding=\"2\" align=\"center\" bgcolor=\"#ffffcc\">\n<tbody>\n<tr>\n<td>\n<div align=\"center\">\n<table border=\"0\" cellspacing=\"0\" cellpadding=\"0\" align=\"center\" bgcolor=\"#ffffff\">\n<tbody>\n<tr>\n<td colspan=\"2\" bgcolor=\"#ffffcc\">\n<div align=\"center\"><img decoding=\"async\" src=\"http:\/\/fraynelson.com\/banco_imagenes\/casita.jpg\" height=\"115\" \/><\/div>\n<\/td>\n<\/tr>\n<tr>\n<td colspan=\"2\" bgcolor=\"#ffffff\" height=\"1\">\n<div align=\"center\"><span style=\"color: #ffffff; font-family: Arial,Helvetica,sans-serif; font-size: xx-small;\"><img decoding=\"async\" src=\"http:\/\/fraynelson.com\/_blnk.gif\" height=\"1\" vspace=\"1\" \/><\/span><\/div>\n<\/td>\n<\/tr>\n<tr>\n<td colspan=\"2\" bgcolor=\"#ffffff\" height=\"1\">\n<div align=\"center\">\n<table border=\"0\" width=\"98%\" cellspacing=\"0\" cellpadding=\"0\" align=\"center\" bgcolor=\"#590b00\">\n<tbody>\n<tr>\n<td width=\"5\" height=\"45\"><\/td>\n<td>\n<div align=\"center\">\n<p><span class=\"resaltado\"><span style=\"color: #ffffcc; font-family: Arial,Helvetica,sans-serif; font-size: medium;\"><strong>Alimento del Alma<\/strong><\/span><strong><br \/>\n<span style=\"color: #ffffcc; font-family: Arial,Helvetica,sans-serif; font-size: small;\">Jueves 13 de octubre de 2016<\/span><\/strong><\/span><br \/>\n<span style=\"color: #ffffcc; font-family: Arial,Helvetica,sans-serif; font-size: xx-small;\"><span class=\"cierre\">Convento de Santo Domingo, Bogot\u00e1, COLOMBIA.<br \/>\nTel. +57 (1) 249-3385<\/span><\/span><\/p>\n<\/div>\n<\/td>\n<td bgcolor=\"#ffcc99\">\n<div align=\"center\"><span style=\"color: #590b00; font-family: Arial,Helvetica,sans-serif; font-size: small;\"><strong>No. 9006<\/strong><\/span><\/div>\n<\/td>\n<\/tr>\n<\/tbody>\n<\/table>\n<\/div>\n<\/td>\n<\/tr>\n<tr>\n<td colspan=\"2\">\n<table border=\"0\" cellspacing=\"2\" cellpadding=\"2\" align=\"center\">\n<tbody>\n<tr>\n<td valign=\"top\" bgcolor=\"#ffffdd\" height=\"2989\">\n<table border=\"0\" width=\"98%\" align=\"center\">\n<tbody>\n<tr>\n<td colspan=\"2\" bgcolor=\"#ffcc99\">\n<div align=\"center\"><span style=\"color: #590b00; font-family: Verdana,Arial,Helvetica,sans-serif; font-size: small;\"><strong>Cada d\u00eda tiene su gracia&#8230;<\/strong><\/span><\/div>\n<\/td>\n<\/tr>\n<tr bgcolor=\"#ffffff\">\n<td>\n<p align=\"center\"><a href=\"http:\/\/is.gd\/fraynelson20161013\" target=\"_blank\"><img decoding=\"async\" src=\"http:\/\/fraynelson.com\/banco_imagenes\/b_lagracia.png\" border=\"0\" \/><\/a><\/p>\n<\/td>\n<\/tr>\n<tr>\n<td colspan=\"2\" bgcolor=\"#ffcc99\"><\/td>\n<\/tr>\n<\/tbody>\n<\/table>\n<p>&nbsp;<\/p>\n<p align=\"center\"><a href=\"http:\/\/www.vatican.va\" target=\"_blank\"><img decoding=\"async\" src=\"http:\/\/fraynelson.com\/banco_imagenes\/boletin_izq_013.jpg\" border=\"0\" \/><\/a><\/p>\n<p>&nbsp;<\/p>\n<table border=\"0\" width=\"98%\" align=\"center\">\n<tbody>\n<tr>\n<td colspan=\"2\" bgcolor=\"#ffcc99\">\n<div align=\"center\"><span style=\"color: #590b00; font-family: Verdana,Arial,Helvetica,sans-serif; font-size: small;\"><strong>A\u00fan m\u00e1s contenido,<br \/>\nen FRAYNELSON.COM y FRAYNELSON.NET:<\/strong><\/span><\/div>\n<\/td>\n<\/tr>\n<tr bgcolor=\"#ffffff\">\n<td>\n<div align=\"center\"><span style=\"color: #590b00; font-size: large;\">\u2022<\/span><\/div>\n<\/td>\n<td><a href=\"http:\/\/fraynelson.com\"><span style=\"color: #000066; font-family: Arial,Helvetica,sans-serif; font-size: small;\"><strong>Inicio<\/strong><\/span><\/a><\/td>\n<\/tr>\n<tr bgcolor=\"#ffffff\">\n<td>\n<div align=\"center\"><span style=\"color: #590b00; font-size: large;\">\u2022<\/span><\/div>\n<\/td>\n<td><a href=\"http:\/\/fraynelson.net\"><span style=\"color: #000066; font-family: Arial,Helvetica,sans-serif; font-size: small;\"><strong>AMIGOS EN LA FE<\/strong><\/span><\/a><\/td>\n<\/tr>\n<tr bgcolor=\"#ffffff\">\n<td>\n<div align=\"center\"><span style=\"color: #590b00; font-size: large;\">\u2022<\/span><\/div>\n<\/td>\n<td><a href=\"http:\/\/fraynelson.com\/calendario.php\"><span style=\"color: #000066; font-family: Arial,Helvetica,sans-serif; font-size: small;\"><strong>Calendario<\/strong><\/span><\/a><\/td>\n<\/tr>\n<tr bgcolor=\"#ffffff\">\n<td>\n<div align=\"center\"><span style=\"color: #590b00; font-size: large;\">\u2022<\/span><\/div>\n<\/td>\n<td><a href=\"https:\/\/fraynelson.com\/blog\/categorias\/audio\"><span style=\"color: #000066; font-family: Arial,Helvetica,sans-serif; font-size: small;\"><strong>Predicaci\u00f3n de viva voz<\/strong><\/span><\/a><\/td>\n<\/tr>\n<tr bgcolor=\"#ffffff\">\n<td>\n<div align=\"center\"><span style=\"color: #590b00; font-size: large;\">\u2022<\/span><\/div>\n<\/td>\n<td><a href=\"http:\/\/fraynelson.com\/homilias.html\"><span style=\"color: #000066; font-family: Arial,Helvetica,sans-serif; font-size: small;\"><strong>Homil\u00edas<\/strong><\/span><\/a><\/td>\n<\/tr>\n<tr bgcolor=\"#ffffff\">\n<td>\n<div align=\"center\"><span style=\"color: #590b00; font-size: large;\">\u2022<\/span><\/div>\n<\/td>\n<td><a href=\"http:\/\/fraynelson.com\/preguntas.php\"><span style=\"color: #000066; font-family: Arial,Helvetica,sans-serif; font-size: small;\"><strong>Preguntas y Respuestas<\/strong><\/span><\/a><\/td>\n<\/tr>\n<tr bgcolor=\"#ffffff\">\n<td>\n<div align=\"center\"><span style=\"color: #590b00; font-size: large;\">\u2022<\/span><\/div>\n<\/td>\n<td><a href=\"http:\/\/fraynelson.com\/imprenta.html\"><span style=\"color: #000066; font-family: Arial,Helvetica,sans-serif; font-size: small;\"><strong>Imprenta (PDF)<\/strong><\/span><\/a><\/td>\n<\/tr>\n<tr bgcolor=\"#ffffff\">\n<td>\n<div align=\"center\"><span style=\"color: #590b00; font-size: large;\">\u2022<\/span><\/div>\n<\/td>\n<td><a href=\"http:\/\/fraynelson.com\/wiki2\"><span style=\"color: #000066; font-family: Arial,Helvetica,sans-serif; font-size: small;\"><strong>Wiki (transcripciones)<\/strong><\/span><\/a><\/td>\n<\/tr>\n<tr bgcolor=\"#ffffff\">\n<td>\n<div align=\"center\"><span style=\"color: #590b00; font-size: large;\">\u2022<\/span><\/div>\n<\/td>\n<td><a href=\"https:\/\/fraynelson.com\/blog\"><span style=\"color: #000066; font-family: Arial,Helvetica,sans-serif; font-size: small;\"><strong>Diario (Weblog)<\/strong><\/span><\/a><\/td>\n<\/tr>\n<tr bgcolor=\"#ffffff\">\n<td>\n<div align=\"center\"><span style=\"color: #590b00; font-size: large;\">\u2022<\/span><\/div>\n<\/td>\n<td><a href=\"http:\/\/fraynelson.com\/comunidad\/\"><span style=\"color: #000066; font-family: Arial,Helvetica,sans-serif; font-size: small;\"><strong>Oraci\u00f3n Compartida<\/strong><\/span><\/a><\/td>\n<\/tr>\n<tr bgcolor=\"#ffffff\">\n<td>\n<div align=\"center\"><span style=\"color: #590b00; font-size: large;\">\u2022<\/span><\/div>\n<\/td>\n<td><a href=\"http:\/\/www.htmlgear.tripod.com\/guest\/control.guest?u=fraynelson0&amp;i=1&amp;a=view\"><span style=\"color: #000066; font-family: Arial,Helvetica,sans-serif; font-size: small;\"><strong>Testimonios<\/strong><\/span><\/a><\/td>\n<\/tr>\n<tr bgcolor=\"#ffffff\">\n<td>\n<div align=\"center\"><span style=\"color: #590b00; font-size: large;\">\u2022<\/span><\/div>\n<\/td>\n<td><a href=\"http:\/\/fraynelson.com\/ayuda.html\"><span style=\"color: #000066; font-family: Arial,Helvetica,sans-serif; font-size: small;\"><strong>C\u00f3mo ayudar<\/strong><\/span><\/a><\/td>\n<\/tr>\n<tr bgcolor=\"#ffffff\">\n<td colspan=\"2\" bgcolor=\"#ffcc99\"><\/td>\n<\/tr>\n<\/tbody>\n<\/table>\n<p>&nbsp;<\/p>\n<p align=\"center\"><a href=\"http:\/\/www.opcolombia.org\" target=\"_blank\"><img decoding=\"async\" src=\"http:\/\/fraynelson.com\/banco_imagenes\/boletin_izq_02.jpg\" border=\"0\" \/><\/a><\/p>\n<p>&nbsp;<\/p>\n<table border=\"0\" width=\"98%\" align=\"center\">\n<tbody>\n<tr>\n<td colspan=\"2\" bgcolor=\"#ffcc99\">\n<div align=\"center\"><span style=\"color: #590b00; font-family: Verdana,Arial,Helvetica,sans-serif; font-size: small;\"><strong>\u00a1 PONTE AL D\u00cdA !<br \/>\nEstas son nuestras series:<\/strong><\/span><\/div>\n<\/td>\n<\/tr>\n<tr bgcolor=\"#ffffff\">\n<td>\n<div align=\"center\"><span style=\"color: #590b00; font-size: large;\">\u2022<\/span><\/div>\n<\/td>\n<td><a href=\"https:\/\/fraynelson.com\/blog\/categorias\/iglesia-catolica\/biblioteca-pontificia\/\"><span style=\"color: #000066; font-family: Arial,Helvetica,sans-serif; font-size: small;\"><strong>Biblioteca Pontificia<\/strong><\/span><\/a><\/td>\n<\/tr>\n<tr bgcolor=\"#ffffff\">\n<td>\n<div align=\"center\"><span style=\"color: #590b00; font-size: large;\">\u2022<\/span><\/div>\n<\/td>\n<td><a href=\"https:\/\/fraynelson.com\/blog\/categorias\/teologia-espiritual\/las-palabras-del-angel\/\"><span style=\"color: #000066; font-family: Arial,Helvetica,sans-serif; font-size: small;\"><strong>Las Palabras del Angel<\/strong><\/span><\/a><\/td>\n<\/tr>\n<tr bgcolor=\"#ffffff\">\n<td>\n<div align=\"center\"><span style=\"color: #590b00; font-size: large;\">\u2022<\/span><\/div>\n<\/td>\n<td><a href=\"https:\/\/fraynelson.com\/blog\/categorias\/teologia-espiritual\/conoce-tu-dios\/\"><span style=\"color: #000066; font-family: Arial,Helvetica,sans-serif; font-size: small;\"><strong>Conoce a tu Dios (P. Jaime Forero, q.e.p.d)<\/strong><\/span><\/a><\/td>\n<\/tr>\n<tr bgcolor=\"#ffffff\">\n<td>\n<div align=\"center\"><span style=\"color: #590b00; font-size: large;\">\u2022<\/span><\/div>\n<\/td>\n<td><a href=\"https:\/\/fraynelson.com\/blog\/?s=ejercicios+perdon\"><span style=\"color: #000066; font-family: Arial,Helvetica,sans-serif; font-size: small;\"><strong>Ejercicios para el Perd\u00f3n (P. Jaime Forero, q.e.p.d)<\/strong><\/span><\/a><\/td>\n<\/tr>\n<tr bgcolor=\"#ffffff\">\n<td>\n<div align=\"center\"><span style=\"color: #590b00; font-size: large;\">\u2022<\/span><\/div>\n<\/td>\n<td><a href=\"http:\/\/fraynelson.com\/preguntas.php\"><span style=\"color: #000066; font-family: Arial,Helvetica,sans-serif; font-size: small;\"><strong>Preguntas &amp; Respuestas<\/strong><\/span><\/a><\/td>\n<\/tr>\n<tr bgcolor=\"#ffffff\">\n<td>\n<div align=\"center\"><span style=\"color: #590b00; font-size: large;\">\u2022<\/span><\/div>\n<\/td>\n<td><a href=\"http:\/\/www.youtube.com\/view_play_list?p=7155E7B865615CCF&amp;hl=es\"><span style=\"color: #000066; font-family: Arial,Helvetica,sans-serif; font-size: small;\"><strong>Videos publicados en el Bolet\u00edn<\/strong><\/span><\/a><\/td>\n<\/tr>\n<tr bgcolor=\"#ffffff\">\n<td>\n<div align=\"center\"><span style=\"color: #590b00; font-size: large;\">\u2022<\/span><\/div>\n<\/td>\n<td><a href=\"http:\/\/www.youtube.com\/view_play_list?p=E680DA141F25BCF5&amp;hl=es\"><span style=\"color: #000066; font-family: Arial,Helvetica,sans-serif; font-size: small;\"><strong>Cantos publicados en el Bolet\u00edn<\/strong><\/span><\/a><\/td>\n<\/tr>\n<tr bgcolor=\"#ffffff\">\n<td>\n<div align=\"center\"><span style=\"color: #590b00; font-size: large;\">\u2022<\/span><\/div>\n<\/td>\n<td><a href=\"http:\/\/fraynelson.com\/ayuda.html\"><span style=\"color: #000066; font-family: Arial,Helvetica,sans-serif; font-size: small;\"><strong>C\u00f3mo ayudar<\/strong><\/span><\/a><\/td>\n<\/tr>\n<tr bgcolor=\"#ffffff\">\n<td colspan=\"2\" bgcolor=\"#ffcc99\"><\/td>\n<\/tr>\n<\/tbody>\n<\/table>\n<p>&nbsp;<\/p>\n<div align=\"center\">\n<p><span class=\"resaltado\"><span style=\"font-family: Arial,Helvetica,sans-serif; font-size: small;\"><strong>Inscribe tu e-mail en:<br \/>\n<span style=\"color: red;\"><a href=\"http:\/\/www.fraynelson.com\">www.fraynelson.com<\/a><\/span><\/strong><\/span><\/span><\/p>\n<p>&nbsp;<\/p>\n<p align=\"center\"><a href=\"http:\/\/fraynelson.com\/ayuda.html\"><img decoding=\"async\" src=\"http:\/\/fraynelson.com\/banco_imagenes\/boletin_izq_03.jpg\" border=\"0\" \/><\/a><\/p>\n<p><span class=\"resaltado\"><span style=\"font-family: Arial,Helvetica,sans-serif; font-size: small;\"><strong>Una canci\u00f3n <em>gratis<\/em><br \/>\npara este d\u00eda:<br \/>\n<a href=\"http:\/\/fraynelson.com\/cantos\/1203_tu_me_vas_a_ayudar.rm\"><span style=\"font-size: x-large;\">Tu Me Vas A Ayudar<\/span><\/a><\/strong><\/span><\/span><\/p>\n<p>&nbsp;<\/p>\n<\/div>\n<\/td>\n<td valign=\"top\">\n<div align=\"center\">\n<table border=\"0\" width=\"100%\" cellspacing=\"2\" cellpadding=\"0\" bgcolor=\"#ffffff\">\n<tbody>\n<tr>\n<td>\n<div align=\"left\"><span class=\"titulo1\"><span style=\"color: #590b00; font-family: Arial,Helvetica,sans-serif; font-size: small;\"><strong><em>* Para el JUEVES: Caj\u00f3n de Preguntas y Respuestas *<\/em><\/strong><\/span><\/span><\/div>\n<\/td>\n<\/tr>\n<\/tbody>\n<\/table>\n<\/div>\n<table border=\"0\" width=\"100%\" cellspacing=\"0\" cellpadding=\"0\" bgcolor=\"#ffcd88\">\n<tbody>\n<tr>\n<td valign=\"center\" width=\"55%\"><a id=\"1\" name=\"1\"><\/a><\/p>\n<div align=\"left\"><a id=\"1\" name=\"1\"><\/a><img loading=\"lazy\" decoding=\"async\" src=\"http:\/\/fraynelson.com\/banco_imagenes\/arrow.gif\" width=\"16\" height=\"15\" \/><a name=\"1\"><\/a><\/div>\n<\/td>\n<td>\n<div align=\"right\"><span class=\"titulo1\"><span style=\"color: #590b00; font-family: Arial,Helvetica,sans-serif; font-size: x-large;\">Sobre el origen del \u00c1rbol de Navidad<\/span><\/span><\/div>\n<\/td>\n<\/tr>\n<tr>\n<td colspan=\"2\" valign=\"bottom\" bgcolor=\"#ffffcc\"><img loading=\"lazy\" decoding=\"async\" src=\"http:\/\/fraynelson.com\/banco_imagenes\/transparente.gif\" width=\"8\" height=\"8\" \/><\/td>\n<\/tr>\n<tr>\n<td colspan=\"2\" valign=\"top\" bgcolor=\"#ffffcc\">\n<div align=\"justify\">\n<p><span style=\"color: #000000; font-family: Arial,Helvetica,sans-serif; font-size: small;\"><em>Querido Fray Nelson&#8230; Su opini\u00f3n en nuestra familia es muy importante, seguimos todas sus predicaciones por Internet, y creemos que es de las fuentes m\u00e1s confiables&#8230;.y por eso quiero preguntarle&#8230;..el \u00e1rbol de Navidad se puede poner en un hogar cat\u00f3lico? Tenemos ni\u00f1os peque\u00f1os y obviamente a ellos les hace ilusi\u00f3n. Pero queremos hacer lo que es correcto para nuestra religi\u00f3n&#8230;.y en algunos sitios cat\u00f3licos le\u00ed que San Bonifacio&#8230; (me parece que era el) lo hab\u00eda transformado en una tradici\u00f3n cat\u00f3lica porque era pagana&#8230; Muchas gracias y que Dios lo bendiga. &#8212; A.S.<\/em><\/span><\/p>\n<p>* * *<\/p>\n<p>El origen de una costumbre no es lo \u00fanico ni lo principal para encontrar su significado. Hay estudios que dicen que darse la mano empez\u00f3 siendo un m\u00e9todo de precauci\u00f3n entre soldados de la antig\u00fcedad; hoy es m\u00e1s una se\u00f1al de cortes\u00eda y amistad.<\/p>\n<p>As\u00ed tambi\u00e9n ha habido ritos de agua en muchas, muchas religiones pero solamente el cristianismo le ha dado un sentido \u00fanico y hermoso al hecho de bautizarse. No debemos pues quedarnos \u00fanicamente con el origen.<\/p>\n<p>Cuando Cristo bendijo, parti\u00f3 y reparti\u00f3 el pan, le dio un sentido absolutamente \u00fanico a algo que se ha hecho en muchas partes del mundo por millones de personas; y es que esa es la fuerza de la Palabra: dar sentido y luz a aquello que pertenece al mundo creado.<\/p>\n<p>No debe extra\u00f1arnos entonces que un gesto como el del \u00e1rbol tenga or\u00edgenes fuera de nuestra fe: lo importante es cu\u00e1l es el sentido que debe tener para los creyentes. Si conocemos y recordamos con frecuencia ese significado de nuestras cosas podremos tambi\u00e9n aprovecharlas y guiar un poco a los dem\u00e1s.<\/p>\n<p>Dios te bendiga.<\/p>\n<p><span style=\"color: #000000; font-family: Arial,Helvetica,sans-serif; font-size: small;\"><strong>Fr. Nelson M.<br \/>\namigos@fraynelson.com<\/strong><\/span><\/p>\n<\/div>\n<\/td>\n<\/tr>\n<tr bgcolor=\"#ffffcc\">\n<td colspan=\"2\" valign=\"bottom\"><img loading=\"lazy\" decoding=\"async\" src=\"http:\/\/fraynelson.com\/banco_imagenes\/transparente.gif\" width=\"8\" height=\"8\" \/><a class=\"linksmenu\" href=\"http:\/\/fraynelson.com\/sistema\/boletin\/mactboletin3.php#a\"><span style=\"color: #000066; font-family: Arial,Helvetica,sans-serif; font-size: xx-small;\"><strong>[arriba]<\/strong><\/span><\/a><\/td>\n<\/tr>\n<\/tbody>\n<\/table>\n<table border=\"0\" width=\"100%\" cellspacing=\"0\" cellpadding=\"0\" bgcolor=\"#ffcd88\">\n<tbody>\n<tr>\n<td valign=\"center\" width=\"55%\"><a id=\"2\" name=\"2\"><\/a><\/p>\n<div align=\"left\"><a id=\"2\" name=\"2\"><\/a><img loading=\"lazy\" decoding=\"async\" src=\"http:\/\/fraynelson.com\/banco_imagenes\/arrow.gif\" width=\"16\" height=\"15\" \/><\/div>\n<\/td>\n<td>\n<div align=\"right\"><span class=\"titulo1\"><span style=\"color: #590b00; font-family: Arial,Helvetica,sans-serif; font-size: medium;\"><strong>La Foto de Hoy<\/strong><\/span><\/span><\/div>\n<\/td>\n<\/tr>\n<tr>\n<td colspan=\"2\" valign=\"bottom\" bgcolor=\"#ffffcc\"><img loading=\"lazy\" decoding=\"async\" src=\"http:\/\/fraynelson.com\/banco_imagenes\/transparente.gif\" width=\"8\" height=\"8\" \/><\/td>\n<\/tr>\n<tr>\n<td colspan=\"2\" valign=\"top\" bgcolor=\"#ffffcc\">\n<div align=\"center\">\n<p><span style=\"color: #000000; font-family: Arial,Helvetica,sans-serif; font-size: xx-small;\"><a href=\"http:\/\/fraynelson.com\/fotodeldia.php\"><img decoding=\"async\" src=\"http:\/\/fraynelson.com\/banco_imagenes\/diario\/20161013.jpg\" width=\"320\" border=\"0\" \/><\/a><br \/>\n<em>Despreciar los detalles es como pedirle a Dios que grite.<\/em><\/span><\/p>\n<\/div>\n<\/td>\n<\/tr>\n<tr bgcolor=\"#ffffcc\">\n<td colspan=\"2\" valign=\"bottom\"><img loading=\"lazy\" decoding=\"async\" src=\"http:\/\/fraynelson.com\/banco_imagenes\/transparente.gif\" width=\"8\" height=\"8\" \/><a class=\"linksmenu\" href=\"http:\/\/fraynelson.com\/sistema\/boletin\/mactboletin3.php#a\"><span style=\"color: #000066; font-family: Arial,Helvetica,sans-serif; font-size: xx-small;\"><strong>[arriba]<\/strong><\/span><\/a><\/td>\n<\/tr>\n<\/tbody>\n<\/table>\n<table border=\"0\" width=\"100%\" cellspacing=\"0\" cellpadding=\"0\" bgcolor=\"#ffcd88\">\n<tbody>\n<tr>\n<td valign=\"center\" width=\"55%\"><a id=\"3a\" name=\"3a\"><\/a><\/p>\n<div align=\"left\"><a id=\"3a\" name=\"3a\"><\/a><img loading=\"lazy\" decoding=\"async\" src=\"http:\/\/fraynelson.com\/banco_imagenes\/arrow.gif\" width=\"16\" height=\"15\" \/><\/div>\n<\/td>\n<td>\n<div align=\"right\"><span class=\"titulo1\"><span style=\"color: #590b00; font-family: Arial,Helvetica,sans-serif; font-size: medium;\"><strong>Santo del D\u00eda<\/strong><\/span><\/span><\/div>\n<\/td>\n<\/tr>\n<tr>\n<td colspan=\"2\" valign=\"bottom\" bgcolor=\"#ffffcc\"><img loading=\"lazy\" decoding=\"async\" src=\"http:\/\/fraynelson.com\/banco_imagenes\/transparente.gif\" width=\"8\" height=\"8\" \/><\/td>\n<\/tr>\n<tr>\n<td colspan=\"2\" valign=\"top\" bgcolor=\"#ffffcc\">\n<div align=\"left\">\n<p><span style=\"color: #000000; font-family: Arial,Helvetica,sans-serif; font-size: small;\"><b>Beata Alejandrina Mar\u00eda Da Costa (1904-1955)<\/b>.- <\/span><\/p>\n<p><span style=\"color: #000000; font-family: Arial,Helvetica,sans-serif; font-size: small;\">Alejandrina naci\u00f3 en Balasar, provincia de Oporto y Arquidi\u00f3cesis de Braga, Portugal, el 30 de marzo de 1904, y fue bautizada el 2 de abril siguiente, S\u00e1bado Santo.<\/span><\/p>\n<p><span style=\"color: #000000; font-family: Arial,Helvetica,sans-serif; font-size: small;\"> Educada cristianamente por su madre, junto con su hermana Deolinda, Alejandrina permaneci\u00f3 en familia hasta los siete a\u00f1os. Despu\u00e9s fue enviada a P\u00f3voa do Varzim, donde se aloj\u00f3 con la familia de un carpintero para poder asistir a la escuela primaria que no hab\u00eda en Balasar.<\/span>All\u00ed hizo la Primera Comuni\u00f3n en 1911, y el a\u00f1o siguiente recibi\u00f3 el sacramento de la Confirmaci\u00f3n, que le administr\u00f3 el Obispo de Oporto.<\/p>\n<p>Transcurridos dieciocho meses, volvi\u00f3 a Balasar para vivir con su mam\u00e1 y hermana en la localidad de \u201cCalvario\u201d, donde permaneci\u00f3 hasta su muerte.<\/p>\n<p>Comenz\u00f3 a trabajar en el campo, siendo su constituci\u00f3n robusta. Ten\u00eda a raya a los hombres y ganaba lo mismo que ellos.<\/p>\n<p>La adolescencia fue muy vivaz. Dotada de un temperamento feliz y comunicativo, era muy amada por las compa\u00f1eras.<\/p>\n<p>Sin embargo, a los doce a\u00f1os se enferm\u00f3. Una grave infecci\u00f3n, -quiz\u00e1 una tifoidea-, la llev\u00f3 a un paso de la muerte. Super\u00f3 el peligro, pero despu\u00e9s de esto, su f\u00edsico qued\u00f3 marcado para siempre.<\/p>\n<p>Cuando ten\u00eda catorce a\u00f1os, sucedi\u00f3 un hecho decisivo para su vida. Era el S\u00e1bado Santo de 1918. Ese d\u00eda, ella, su hermana Deolinda y una muchacha aprendiz, realizaban su trabajo de costura, cuando se dieron cuenta de que tres hombres trataban de entrar a su habitaci\u00f3n.<\/p>\n<p>A pesar de que las puertas estaban cerradas, los tres lograron forzarlas y entraron. Alejandrina, para salvar su pureza amenazada, no dud\u00f3 en tirarse por la ventana desde una altura de cuatro metros.<\/p>\n<p>Las consecuencias fueron terribles, aunque no inmediatas. En efecto, las diversas visitas m\u00e9dicas a las que se someti\u00f3 sucesivamente, diagnosticaron siempre con mayor claridad un hecho irreversible.<\/p>\n<p>Hasta los diecinueve a\u00f1os pudo a\u00fan arrastrarse hasta la iglesia, donde totalmente contrahecha, permanec\u00eda gustosa, con gran maravilla de la gente.<\/p>\n<p>Luego, la par\u00e1lisis fue progresando cada vez m\u00e1s, hasta que los dolores se volvieron horribles, las articulaciones perdieron sus movimientos, y ella qued\u00f3 completamente paral\u00edtica.<\/p>\n<p>Era el 14 de abril de 1925, cuando Alejandrina se puso en el lecho para no levantarse m\u00e1s por los restantes treinta a\u00f1os de su vida.<\/p>\n<p>Hasta el a\u00f1o 1928, ella no dej\u00f3 de pedirle al Se\u00f1or por intercesi\u00f3n de la Virgen, la gracia de la curaci\u00f3n, prometiendo que si se curaba, se har\u00eda misionera.<\/p>\n<p>Pero, en cuanto comprendi\u00f3 que el sufrimiento era su vocaci\u00f3n, la abraz\u00f3 con prontitud. Dec\u00eda: \u201cNuestra Se\u00f1ora me ha concedido una gracia a\u00fan mayor. Primero la resignaci\u00f3n, despu\u00e9s la conformidad completa a la voluntad de Dios, y en fin, el deseo de sufrir\u201d.<\/p>\n<p>Se remontan a este per\u00edodo los primeros fen\u00f3menos m\u00edsticos, cuando Alejandrina inici\u00f3 una vida de grande uni\u00f3n con Jes\u00fas en los Sagrarios por medio de Mar\u00eda Sant\u00edsima.<\/p>\n<p>Un d\u00eda que estaba sola, le vino improvisamente este pensamiento: \u201cJes\u00fas, t\u00fa est\u00e1s prisionero en el Sagrario y yo en mi lecho por tu voluntad. Nos haremos compa\u00f1\u00eda\u201d.<\/p>\n<p>Desde entonces comenz\u00f3 su primera misi\u00f3n: ser como la l\u00e1mpara del Sagrario. Pasaba sus noches peregrinando de Sagrario en Sagrario. En cada Misa se ofrec\u00eda al Eterno Padre como v\u00edctima por los pecadores, junto con Jes\u00fas y seg\u00fan sus intenciones.<\/p>\n<p>Crec\u00eda en ella m\u00e1s el amor al sufrimiento, conforme su vocaci\u00f3n de v\u00edctima se hac\u00eda sentir de manera m\u00e1s clara. Hizo el voto de realizar siempre lo que fuera perfecto.<\/p>\n<p>Del viernes 3 de octubre de 1938 al 24 de marzo de 1942, o sea por 182 veces, vivi\u00f3 cada viernes los sufrimientos de la Pasi\u00f3n.<\/p>\n<p>Alejandrina, superando su estado habitual de par\u00e1lisis, bajaba del lecho y con movimientos y gestos acompa\u00f1ados de angustiosos dolores, reproduc\u00eda los diversos momentos del V\u00eda Crucis, por tres horas y media.<\/p>\n<p>\u201cAmar, sufrir, reparar\u201d, fue el programa que le indic\u00f3 el Se\u00f1or. Desde 1934, \u2013por mandato del Padre jesuita Mariano Pinho, que la dirigi\u00f3 espiritualmente-, hasta 1941, Alejandrina pon\u00eda por escrito todo lo que cada vez le dec\u00eda Jes\u00fas.<\/p>\n<p>En 1936, por orden de Jes\u00fas, ella le pidi\u00f3 al Santo Padre a trav\u00e9s del Padre Pinho, la Consagraci\u00f3n del mundo al Coraz\u00f3n Inmaculado de Mar\u00eda. Esta s\u00faplica fue varias veces renovada hasta 1941, lo que produjo que la Santa Sede interrogara tres veces al Arzobispo de Braga sobre Alejandrina.<\/p>\n<p>El 31 de octubre de 1942, P\u00edo XII consagr\u00f3 el mundo al Coraz\u00f3n Inmaculado de Mar\u00eda con un mensaje transmitido a F\u00e1tima en lengua portuguesa. Este acto lo renov\u00f3 en Roma en la Bas\u00edlica de San Pedro el 8 de diciembre del mismo a\u00f1o.<\/p>\n<p>Desde el 27 de marzo de 1942 en adelante, Alejandrina dej\u00f3 de alimentarse, viviendo s\u00f3lo de la Eucarist\u00eda.<\/p>\n<p>En 1943, durante cuarenta d\u00edas y cuarenta noches, fueron estrictamente controlados por excelentes m\u00e9dicos su ayuno absoluto y su anuria en el Hospital de la Foz do Douro cerca de Oporto.<\/p>\n<p>Un a\u00f1o m\u00e1s tarde, su nuevo director espiritual, el salesiano Padre Humberto Pasquale, anim\u00f3 a Alejandrina para que siguiera dictando su diario, tras constatar la altura espiritual a la que hab\u00eda llegado. Ella hizo esto con esp\u00edritu de obediencia hasta la muerte.<\/p>\n<p>En el mismo a\u00f1o 1944, Alejandrina se inscribi\u00f3 a la Uni\u00f3n de los Cooperadores Salesianos. Quiso colocar su diploma de Cooperadora \u201cen donde pudiera tenerlo siempre a la vista\u201d, para colaborar con su dolor y con sus oraciones a la salvaci\u00f3n de las almas, sobre todo juveniles. Rez\u00f3 y sufri\u00f3 por la santificaci\u00f3n de los Cooperadores de todo el mundo.<\/p>\n<p>A pesar de sus sufrimientos, ella segu\u00eda interes\u00e1ndose e ingeni\u00e1ndose en favor de los pobres, del bien espiritual de los parroquianos y de otras muchas personas que recurr\u00edan a la Beata. Promovi\u00f3 triduos cuarenta horas y ejercicios cuaresmales en su parroquia.<\/p>\n<p>Especialmente en los \u00faltimos a\u00f1os de vida, muchas personas acudieron a ella a\u00fan de lejos, atra\u00eddas por su fama de santidad. Bastantes atribu\u00edan a sus consejos la conversi\u00f3n.<\/p>\n<p>En 1950 Alejandrina festej\u00f3 el XXV aniversario de su inmovilidad. El 7 de enero de 1955 se le anunci\u00f3 que \u00e9ste ser\u00eda el a\u00f1o de su muerte. El 12 de octubre quiso recibir la unci\u00f3n de los enfermos. El 13 del mismo mes, aniversario de la \u00faltima aparici\u00f3n de la Virgen de F\u00e1tima, se la oy\u00f3 exclamar: \u201cSoy feliz, porque voy al cielo\u201d. A las 19:30 expir\u00f3.<\/p>\n<p>En 1978 sus restos fueron trasladados del cementerio a la iglesia parroquial de Balasar, donde hoy, \u2013 en una capilla lateral \u2013, reposa el cuerpo de Alejandrina.<\/p>\n<p>Sobre su tumba se leen estas palabras que ella quiso: \u201cPecadores, si las cenizas de mi cuerpo pueden ser \u00fatiles para salvaros, acercaos, pasad sobre ellas, pisadlas hasta que desaparezcan. Pero ya no pequ\u00e9is. \u00a1No ofend\u00e1is m\u00e1s a nuestro Jes\u00fas!\u201d. Es la s\u00edntesis de su vida gastada exclusivamente por la salvaci\u00f3n de las almas.<\/p>\n<p>En Oporto, en la tarde del d\u00eda 15 de octubre, las florer\u00edas se vieron privadas de rosas blancas: todas fueron vendidas. Se trataba de un homenaje floral a Alejandrina, que hab\u00eda sido la rosa blanca de Jes\u00fas.<\/p>\n<p>Fue beatificada por Juan Pablo II el 25 de abril de 2004.<\/p>\n<\/div>\n<\/td>\n<\/tr>\n<tr bgcolor=\"#ffffcc\">\n<td colspan=\"2\" valign=\"bottom\"><img loading=\"lazy\" decoding=\"async\" src=\"http:\/\/fraynelson.com\/banco_imagenes\/transparente.gif\" width=\"8\" height=\"8\" \/><a class=\"linksmenu\" href=\"http:\/\/fraynelson.com\/sistema\/boletin\/mactboletin3.php#a\"><span style=\"color: #000066; font-family: Arial,Helvetica,sans-serif; font-size: xx-small;\"><strong>[arriba]<\/strong><\/span><\/a><\/td>\n<\/tr>\n<\/tbody>\n<\/table>\n<table border=\"0\" width=\"100%\" cellspacing=\"0\" cellpadding=\"0\" bgcolor=\"#ffcd88\">\n<tbody>\n<tr>\n<td valign=\"center\" width=\"55%\"><a id=\"3b\" name=\"3b\"><\/a><\/p>\n<div align=\"left\"><a id=\"3b\" name=\"3b\"><\/a><img loading=\"lazy\" decoding=\"async\" src=\"http:\/\/fraynelson.com\/banco_imagenes\/arrow.gif\" width=\"16\" height=\"15\" \/><\/div>\n<\/td>\n<td>\n<div align=\"right\"><span class=\"titulo1\"><span style=\"color: #590b00; font-family: Arial,Helvetica,sans-serif; font-size: medium;\"><strong>Cumplea\u00f1os<\/strong><\/span><\/span><\/div>\n<\/td>\n<\/tr>\n<tr>\n<td colspan=\"2\" valign=\"bottom\" bgcolor=\"#ffffcc\"><img loading=\"lazy\" decoding=\"async\" src=\"http:\/\/fraynelson.com\/banco_imagenes\/transparente.gif\" width=\"8\" height=\"8\" \/><\/td>\n<\/tr>\n<tr>\n<td colspan=\"2\" valign=\"top\" bgcolor=\"#ffffcc\">\n<div align=\"left\">\n<p><span style=\"color: #000000; font-family: Arial,Helvetica,sans-serif; font-size: small;\"><img decoding=\"async\" src=\"http:\/\/fraynelson.com\/banco_imagenes\/cumple.gif\" border=\"0\" \/> <b>Juan David Espinosa<\/b>.- <\/span><\/p>\n<p><span style=\"color: #000000; font-family: Arial,Helvetica,sans-serif; font-size: small;\"><img decoding=\"async\" src=\"http:\/\/fraynelson.com\/banco_imagenes\/cumple.gif\" border=\"0\" \/> <b>Luis Hernando Mayolo Rodriguez <\/b>.- Cali, Colombia (1941)<\/span><\/p>\n<p><span style=\"color: #000000; font-family: Arial,Helvetica,sans-serif; font-size: small;\"><img decoding=\"async\" src=\"http:\/\/fraynelson.com\/banco_imagenes\/cumple.gif\" border=\"0\" \/> <b>Eduard Alfonso Mosquera<\/b>.- Bogot\u00e1, Colombia (1974) &#8211; Dios lo llene de muchas bendiciones de amor, paz, felicidad y regocijo y por ende de prosperidad. Tu mam\u00e1 y pap\u00e1, Juanita y Alfonso. <\/span><\/p>\n<p><span style=\"color: #000000; font-family: Arial,Helvetica,sans-serif; font-size: small;\"><img decoding=\"async\" src=\"http:\/\/fraynelson.com\/banco_imagenes\/cumple.gif\" border=\"0\" \/> <b>Jos\u00e9 U. Aguilera P.<\/b>.- Pitalito, Colombia &#8211; Feliz cumplea\u00f1os Josephy.<\/span><\/p>\n<p><span style=\"color: #000000; font-family: Arial,Helvetica,sans-serif; font-size: small;\"><img decoding=\"async\" src=\"http:\/\/fraynelson.com\/banco_imagenes\/cumple.gif\" border=\"0\" \/> <b>Padre Ricardo Yano<\/b>.- Lima, Per\u00fa &#8211; Para nuestro sacerdote que con amor de Cristo nos gu\u00eda a toda la parroquia Nuestra Se\u00f1ora de loreto. Grupo Talita Kum<\/span><\/p>\n<p><span style=\"color: #000000; font-family: Arial,Helvetica,sans-serif; font-size: small;\">[<a href=\"http:\/\/fraynelson.com\/calendario.php\">A\u00f1ade otro cumplea\u00f1os<\/a>]<\/span><\/p>\n<\/div>\n<\/td>\n<\/tr>\n<tr bgcolor=\"#ffffcc\">\n<td colspan=\"2\" valign=\"bottom\"><img loading=\"lazy\" decoding=\"async\" src=\"http:\/\/fraynelson.com\/banco_imagenes\/transparente.gif\" width=\"8\" height=\"8\" \/><a class=\"linksmenu\" href=\"http:\/\/fraynelson.com\/sistema\/boletin\/mactboletin3.php#a\"><span style=\"color: #000066; font-family: Arial,Helvetica,sans-serif; font-size: xx-small;\"><strong>[arriba]<\/strong><\/span><\/a><\/td>\n<\/tr>\n<\/tbody>\n<\/table>\n<table border=\"0\" width=\"100%\" cellspacing=\"0\" cellpadding=\"0\" bgcolor=\"#ffcd88\">\n<tbody>\n<tr>\n<td valign=\"center\" width=\"55%\"><a id=\"3c\" name=\"3c\"><\/a><\/p>\n<div align=\"left\"><a id=\"3c\" name=\"3c\"><\/a><img loading=\"lazy\" decoding=\"async\" src=\"http:\/\/fraynelson.com\/banco_imagenes\/arrow.gif\" width=\"16\" height=\"15\" \/><\/div>\n<\/td>\n<td>\n<div align=\"right\"><span class=\"titulo1\"><span style=\"color: #590b00; font-family: Arial,Helvetica,sans-serif; font-size: medium;\"><strong>Bautismos<\/strong><\/span><\/span><\/div>\n<\/td>\n<\/tr>\n<tr>\n<td colspan=\"2\" valign=\"bottom\" bgcolor=\"#ffffcc\"><img loading=\"lazy\" decoding=\"async\" src=\"http:\/\/fraynelson.com\/banco_imagenes\/transparente.gif\" width=\"8\" height=\"8\" \/><\/td>\n<\/tr>\n<tr>\n<td colspan=\"2\" valign=\"top\" bgcolor=\"#ffffcc\">\n<div align=\"left\">\n<p><span style=\"color: #000000; font-family: Arial,Helvetica,sans-serif; font-size: small;\">[<a href=\"http:\/\/fraynelson.com\/calendario.php\">A\u00f1ade otro aniversario de bautismo<\/a>]<\/span><\/p>\n<\/div>\n<\/td>\n<\/tr>\n<tr bgcolor=\"#ffffcc\">\n<td colspan=\"2\" valign=\"bottom\"><img loading=\"lazy\" decoding=\"async\" src=\"http:\/\/fraynelson.com\/banco_imagenes\/transparente.gif\" width=\"8\" height=\"8\" \/><a class=\"linksmenu\" href=\"http:\/\/fraynelson.com\/sistema\/boletin\/mactboletin3.php#a\"><span style=\"color: #000066; font-family: Arial,Helvetica,sans-serif; font-size: xx-small;\"><strong>[arriba]<\/strong><\/span><\/a><\/td>\n<\/tr>\n<\/tbody>\n<\/table>\n<table border=\"0\" width=\"100%\" cellspacing=\"0\" cellpadding=\"0\" bgcolor=\"#ffcd88\">\n<tbody>\n<tr>\n<td valign=\"center\" width=\"55%\"><a id=\"3d\" name=\"3d\"><\/a><\/p>\n<div align=\"left\"><a id=\"3d\" name=\"3d\"><\/a><img loading=\"lazy\" decoding=\"async\" src=\"http:\/\/fraynelson.com\/banco_imagenes\/arrow.gif\" width=\"16\" height=\"15\" \/><\/div>\n<\/td>\n<td>\n<div align=\"right\"><span class=\"titulo1\"><span style=\"color: #590b00; font-family: Arial,Helvetica,sans-serif; font-size: medium;\"><strong>Aniversario de Ordenaci\u00f3n Sacerdotal<\/strong><\/span><\/span><\/div>\n<\/td>\n<\/tr>\n<tr>\n<td colspan=\"2\" valign=\"bottom\" bgcolor=\"#ffffcc\"><img loading=\"lazy\" decoding=\"async\" src=\"http:\/\/fraynelson.com\/banco_imagenes\/transparente.gif\" width=\"8\" height=\"8\" \/><\/td>\n<\/tr>\n<tr>\n<td colspan=\"2\" valign=\"top\" bgcolor=\"#ffffcc\">\n<div align=\"left\">\n<p><span style=\"color: #000000; font-family: Arial,Helvetica,sans-serif; font-size: small;\">[<a href=\"http:\/\/fraynelson.com\/calendario.php\">A\u00f1ade otro aniversario de ordenaci\u00f3n<\/a>]<\/span><\/p>\n<\/div>\n<\/td>\n<\/tr>\n<tr bgcolor=\"#ffffcc\">\n<td colspan=\"2\" valign=\"bottom\"><img loading=\"lazy\" decoding=\"async\" src=\"http:\/\/fraynelson.com\/banco_imagenes\/transparente.gif\" width=\"8\" height=\"8\" \/><a class=\"linksmenu\" href=\"http:\/\/fraynelson.com\/sistema\/boletin\/mactboletin3.php#a\"><span style=\"color: #000066; font-family: Arial,Helvetica,sans-serif; font-size: xx-small;\"><strong>[arriba]<\/strong><\/span><\/a><\/td>\n<\/tr>\n<\/tbody>\n<\/table>\n<table border=\"0\" width=\"100%\" cellspacing=\"0\" cellpadding=\"0\" bgcolor=\"#ffcd88\">\n<tbody>\n<tr>\n<td valign=\"center\" width=\"55%\"><a id=\"3e\" name=\"3e\"><\/a><\/p>\n<div align=\"left\"><a id=\"3e\" name=\"3e\"><\/a><img loading=\"lazy\" decoding=\"async\" src=\"http:\/\/fraynelson.com\/banco_imagenes\/arrow.gif\" width=\"16\" height=\"15\" \/><\/div>\n<\/td>\n<td>\n<div align=\"right\"><span class=\"titulo1\"><span style=\"color: #590b00; font-family: Arial,Helvetica,sans-serif; font-size: medium;\"><strong>Aniversario de Matrimonio<\/strong><\/span><\/span><\/div>\n<\/td>\n<\/tr>\n<tr>\n<td colspan=\"2\" valign=\"bottom\" bgcolor=\"#ffffcc\"><img loading=\"lazy\" decoding=\"async\" src=\"http:\/\/fraynelson.com\/banco_imagenes\/transparente.gif\" width=\"8\" height=\"8\" \/><\/td>\n<\/tr>\n<tr>\n<td colspan=\"2\" valign=\"top\" bgcolor=\"#ffffcc\">\n<div align=\"left\">\n<p><span style=\"color: #000000; font-family: Arial,Helvetica,sans-serif; font-size: small;\"><img decoding=\"async\" src=\"http:\/\/fraynelson.com\/banco_imagenes\/matri.gif\" border=\"0\" \/> <b>Ram\u00f3n y Beatriz <\/b>.- Corrientes, Argentina (1972) &#8211; Que el Se\u00f1or siempre nos colme de bendiciones y nos cubra con su luz Jes\u00fas, en ti confio.<\/span><\/p>\n<p><span style=\"color: #000000; font-family: Arial,Helvetica,sans-serif; font-size: small;\">[<a href=\"http:\/\/fraynelson.com\/calendario.php\">A\u00f1ade otro aniversario de matrimonio<\/a>]<\/span><\/p>\n<\/div>\n<\/td>\n<\/tr>\n<tr bgcolor=\"#ffffcc\">\n<td colspan=\"2\" valign=\"bottom\"><img loading=\"lazy\" decoding=\"async\" src=\"http:\/\/fraynelson.com\/banco_imagenes\/transparente.gif\" width=\"8\" height=\"8\" \/><a class=\"linksmenu\" href=\"http:\/\/fraynelson.com\/sistema\/boletin\/mactboletin3.php#a\"><span style=\"color: #000066; font-family: Arial,Helvetica,sans-serif; font-size: xx-small;\"><strong>[arriba]<\/strong><\/span><\/a><\/td>\n<\/tr>\n<\/tbody>\n<\/table>\n<table border=\"0\" width=\"100%\" cellspacing=\"0\" cellpadding=\"0\" bgcolor=\"#ffcd88\">\n<tbody>\n<tr>\n<td valign=\"center\" width=\"55%\"><a id=\"3f\" name=\"3f\"><\/a><\/p>\n<div align=\"left\"><a id=\"3f\" name=\"3f\"><\/a><img loading=\"lazy\" decoding=\"async\" src=\"http:\/\/fraynelson.com\/banco_imagenes\/arrow.gif\" width=\"16\" height=\"15\" \/><\/div>\n<\/td>\n<td>\n<div align=\"right\"><span class=\"titulo1\"><span style=\"color: #590b00; font-family: Arial,Helvetica,sans-serif; font-size: medium;\"><strong>Grupos, Comunidades, Congregaciones&#8230;<\/strong><\/span><\/span><\/div>\n<\/td>\n<\/tr>\n<tr>\n<td colspan=\"2\" valign=\"bottom\" bgcolor=\"#ffffcc\"><img loading=\"lazy\" decoding=\"async\" src=\"http:\/\/fraynelson.com\/banco_imagenes\/transparente.gif\" width=\"8\" height=\"8\" \/><\/td>\n<\/tr>\n<tr>\n<td colspan=\"2\" valign=\"top\" bgcolor=\"#ffffcc\">\n<div align=\"left\">\n<p><span style=\"color: #000000; font-family: Arial,Helvetica,sans-serif; font-size: small;\"><img decoding=\"async\" src=\"http:\/\/fraynelson.com\/banco_imagenes\/grupo.gif\" border=\"0\" \/> <b>Misi\u00f3n del Santo Rosario, apostolado mariano<\/b>.- Buenos Aires, Argentina (2011) &#8211; Aniversario del grupo de oraci\u00f3n misi\u00f3n santo rosario n\u00famero 16, damos gracias a Dios. www.misionsantorosario.com.ar<\/span><\/p>\n<p><span style=\"color: #000000; font-family: Arial,Helvetica,sans-serif; font-size: small;\">[<a href=\"http:\/\/fraynelson.com\/calendario.php\">A\u00f1ade otro aniversario de un grupo<\/a>]<\/span><\/p>\n<\/div>\n<\/td>\n<\/tr>\n<tr bgcolor=\"#ffffcc\">\n<td colspan=\"2\" valign=\"bottom\"><img loading=\"lazy\" decoding=\"async\" src=\"http:\/\/fraynelson.com\/banco_imagenes\/transparente.gif\" width=\"8\" height=\"8\" \/><a class=\"linksmenu\" href=\"http:\/\/fraynelson.com\/sistema\/boletin\/mactboletin3.php#a\"><span style=\"color: #000066; font-family: Arial,Helvetica,sans-serif; font-size: xx-small;\"><strong>[arriba]<\/strong><\/span><\/a><\/td>\n<\/tr>\n<\/tbody>\n<\/table>\n<table border=\"0\" width=\"100%\" cellspacing=\"0\" cellpadding=\"0\" bgcolor=\"#ffcd88\">\n<tbody>\n<tr>\n<td valign=\"center\" width=\"55%\"><a id=\"3g\" name=\"3g\"><\/a><\/p>\n<div align=\"left\"><a id=\"3g\" name=\"3g\"><\/a><img loading=\"lazy\" decoding=\"async\" src=\"http:\/\/fraynelson.com\/banco_imagenes\/arrow.gif\" width=\"16\" height=\"15\" \/><\/div>\n<\/td>\n<td>\n<div align=\"right\"><span class=\"titulo1\"><span style=\"color: #590b00; font-family: Arial,Helvetica,sans-serif; font-size: medium;\"><strong>Evangelizaci\u00f3n Viva para hoy y los pr\u00f3ximos d\u00edas<\/strong><\/span><\/span><\/div>\n<\/td>\n<\/tr>\n<tr>\n<td colspan=\"2\" valign=\"bottom\" bgcolor=\"#ffffcc\"><img loading=\"lazy\" decoding=\"async\" src=\"http:\/\/fraynelson.com\/banco_imagenes\/transparente.gif\" width=\"8\" height=\"8\" \/><\/td>\n<\/tr>\n<tr>\n<td colspan=\"2\" valign=\"top\" bgcolor=\"#ffffcc\">\n<div align=\"left\">\n<p><span style=\"color: #000000; font-family: Arial,Helvetica,sans-serif; font-size: small;\">[<a href=\"http:\/\/fraynelson.com\/calendario.php\">A\u00f1ade otro evento de evangelizaci\u00f3n<\/a>: Son bienvenidas fechas futuras, por ejemplo si deseas dar a conocer alg\u00fan congreso, concierto, retiro, o similares]<\/span><\/p>\n<\/div>\n<\/td>\n<\/tr>\n<tr bgcolor=\"#ffffcc\">\n<td colspan=\"2\" valign=\"bottom\"><img loading=\"lazy\" decoding=\"async\" src=\"http:\/\/fraynelson.com\/banco_imagenes\/transparente.gif\" width=\"8\" height=\"8\" \/><a class=\"linksmenu\" href=\"http:\/\/fraynelson.com\/sistema\/boletin\/mactboletin3.php#a\"><span style=\"color: #000066; font-family: Arial,Helvetica,sans-serif; font-size: xx-small;\"><strong>[arriba]<\/strong><\/span><\/a><\/td>\n<\/tr>\n<\/tbody>\n<\/table>\n<table border=\"0\" width=\"100%\" cellspacing=\"0\" cellpadding=\"0\" bgcolor=\"#ffcd88\">\n<tbody>\n<tr>\n<td valign=\"center\" width=\"55%\"><a id=\"3h\" name=\"3h\"><\/a><\/p>\n<div align=\"left\"><a id=\"3h\" name=\"3h\"><\/a><img loading=\"lazy\" decoding=\"async\" src=\"http:\/\/fraynelson.com\/banco_imagenes\/arrow.gif\" width=\"16\" height=\"15\" \/><\/div>\n<\/td>\n<td>\n<div align=\"right\"><span class=\"titulo1\"><span style=\"color: #590b00; font-family: Arial,Helvetica,sans-serif; font-size: medium;\"><strong>Otras fechas importantes para ti<\/strong><\/span><\/span><\/div>\n<\/td>\n<\/tr>\n<tr>\n<td colspan=\"2\" valign=\"bottom\" bgcolor=\"#ffffcc\"><img loading=\"lazy\" decoding=\"async\" src=\"http:\/\/fraynelson.com\/banco_imagenes\/transparente.gif\" width=\"8\" height=\"8\" \/><\/td>\n<\/tr>\n<tr>\n<td colspan=\"2\" valign=\"top\" bgcolor=\"#ffffcc\">\n<div align=\"left\">\n<p><span style=\"color: #000000; font-family: Arial,Helvetica,sans-serif; font-size: small;\">[<a href=\"http:\/\/fraynelson.com\/calendario.php\">A\u00f1ade otros aniversarios de personas o parejas<\/a>]<\/span><\/p>\n<\/div>\n<\/td>\n<\/tr>\n<tr bgcolor=\"#ffffcc\">\n<td colspan=\"2\" valign=\"bottom\"><img loading=\"lazy\" decoding=\"async\" src=\"http:\/\/fraynelson.com\/banco_imagenes\/transparente.gif\" width=\"8\" height=\"8\" \/><a class=\"linksmenu\" href=\"http:\/\/fraynelson.com\/sistema\/boletin\/mactboletin3.php#a\"><span style=\"color: #000066; font-family: Arial,Helvetica,sans-serif; font-size: xx-small;\"><strong>[arriba]<\/strong><\/span><\/a><\/td>\n<\/tr>\n<\/tbody>\n<\/table>\n<table border=\"0\" width=\"100%\" cellspacing=\"0\" cellpadding=\"0\" bgcolor=\"#ffcd88\">\n<tbody>\n<tr>\n<td valign=\"center\" width=\"55%\"><a id=\"3i\" name=\"3i\"><\/a><\/p>\n<div align=\"left\"><a id=\"3i\" name=\"3i\"><\/a><img loading=\"lazy\" decoding=\"async\" src=\"http:\/\/fraynelson.com\/banco_imagenes\/arrow.gif\" width=\"16\" height=\"15\" \/><\/div>\n<\/td>\n<td>\n<div align=\"right\"><span class=\"titulo1\"><span style=\"color: #590b00; font-family: Arial,Helvetica,sans-serif; font-size: medium;\"><strong>Fallecieron en un d\u00eda como hoy&#8230;<\/strong><\/span><\/span><\/div>\n<\/td>\n<\/tr>\n<tr>\n<td colspan=\"2\" valign=\"bottom\" bgcolor=\"#ffffcc\"><img loading=\"lazy\" decoding=\"async\" src=\"http:\/\/fraynelson.com\/banco_imagenes\/transparente.gif\" width=\"8\" height=\"8\" \/><\/td>\n<\/tr>\n<tr>\n<td colspan=\"2\" valign=\"top\" bgcolor=\"#ffffcc\">\n<div align=\"left\">\n<p><span style=\"color: #000000; font-family: Arial,Helvetica,sans-serif; font-size: small;\">[<a href=\"http:\/\/fraynelson.com\/calendario.php\">A\u00f1ade el nombre de personas fallecidas por las que quieres que oremos<\/a>]<\/span><\/p>\n<\/div>\n<\/td>\n<\/tr>\n<tr bgcolor=\"#ffffcc\">\n<td colspan=\"2\" valign=\"bottom\"><img loading=\"lazy\" decoding=\"async\" src=\"http:\/\/fraynelson.com\/banco_imagenes\/transparente.gif\" width=\"8\" height=\"8\" \/><a class=\"linksmenu\" href=\"http:\/\/fraynelson.com\/sistema\/boletin\/mactboletin3.php#a\"><span style=\"color: #000066; font-family: Arial,Helvetica,sans-serif; font-size: xx-small;\"><strong>[arriba]<\/strong><\/span><\/a><\/td>\n<\/tr>\n<\/tbody>\n<\/table>\n<table border=\"0\" width=\"100%\" cellspacing=\"0\" cellpadding=\"0\" bgcolor=\"#ffcd88\">\n<tbody>\n<tr>\n<td valign=\"center\" width=\"55%\"><a id=\"4\" name=\"4\"><\/a><\/p>\n<div align=\"left\"><a id=\"4\" name=\"4\"><\/a><img loading=\"lazy\" decoding=\"async\" src=\"http:\/\/fraynelson.com\/banco_imagenes\/arrow.gif\" width=\"16\" height=\"15\" \/><\/div>\n<\/td>\n<td>\n<div align=\"right\"><span class=\"titulo1\"><span style=\"color: #590b00; font-family: Arial,Helvetica,sans-serif; font-size: medium;\"><strong>Enlace recomendado para este d\u00eda<\/strong><\/span><\/span><\/div>\n<\/td>\n<\/tr>\n<tr>\n<td colspan=\"2\" valign=\"bottom\" bgcolor=\"#ffffcc\"><img loading=\"lazy\" decoding=\"async\" src=\"http:\/\/fraynelson.com\/banco_imagenes\/transparente.gif\" width=\"8\" height=\"8\" \/><\/td>\n<\/tr>\n<tr>\n<td colspan=\"2\" valign=\"top\" bgcolor=\"#ffffcc\">\n<div align=\"center\">\n<p><span style=\"color: #000000; font-family: Arial,Helvetica,sans-serif; font-size: xx-small;\"><b>Ejercicios recomendados para el cerebro<\/b><\/span><\/p>\n<p><center><span style=\"color: #000000; font-family: Arial,Helvetica,sans-serif; font-size: xx-small;\"><a href=\"https:\/\/www.evernote.com\/shard\/s254\/sh\/a7759bb5-4906-4b5d-bc8c-4b97a57e1a7e\/fe62e61ab09b6a146c04046b2af60a77\" target=\"_blank\"><img decoding=\"async\" src=\"http:\/\/fraynelson.com\/banco_imagenes\/recomendados\/20161013.jpg\" alt=\"\" width=\"320\" border=\"0\" \/><\/a><\/span><\/p>\n<div align=\"left\">\n<p><em>&#8220;Hay muchas maneras de entrenar el cerebro. \u00daltimamente est\u00e1n de moda los juegos de memoria, rapidez y destreza mental, pero adem\u00e1s hay otros modos de ejercitar tu cerebro&#8230;&#8221; Haz click <a href=\"https:\/\/www.evernote.com\/shard\/s254\/sh\/a7759bb5-4906-4b5d-bc8c-4b97a57e1a7e\/fe62e61ab09b6a146c04046b2af60a77\" target=\"_blank\">AQU\u00cd<\/a>.<\/em><\/p>\n<\/div>\n<p><\/center><\/div>\n<\/td>\n<\/tr>\n<tr bgcolor=\"#ffffcc\">\n<td colspan=\"2\" valign=\"bottom\"><img loading=\"lazy\" decoding=\"async\" src=\"http:\/\/fraynelson.com\/banco_imagenes\/transparente.gif\" width=\"8\" height=\"8\" \/><a class=\"linksmenu\" href=\"http:\/\/fraynelson.com\/sistema\/boletin\/mactboletin3.php#a\"><span style=\"color: #000066; font-family: Arial,Helvetica,sans-serif; font-size: xx-small;\"><strong>[arriba]<\/strong><\/span><\/a><\/td>\n<\/tr>\n<\/tbody>\n<\/table>\n<table border=\"0\" width=\"100%\" cellspacing=\"0\" cellpadding=\"0\" bgcolor=\"#ffcd88\">\n<tbody>\n<tr>\n<td valign=\"center\" width=\"55%\"><a id=\"5\" name=\"5\"><\/a><\/p>\n<div align=\"left\"><a id=\"5\" name=\"5\"><\/a><img loading=\"lazy\" decoding=\"async\" src=\"http:\/\/fraynelson.com\/banco_imagenes\/arrow.gif\" width=\"16\" height=\"15\" \/><\/div>\n<\/td>\n<td>\n<div align=\"right\"><span class=\"titulo1\"><span style=\"color: #590b00; font-family: Arial,Helvetica,sans-serif; font-size: medium;\"><strong>Un poco de <span style=\"color: red;\"><em>Humor&#8230;<\/em><\/span><\/strong><\/span><\/span><\/div>\n<\/td>\n<\/tr>\n<tr>\n<td colspan=\"2\" valign=\"bottom\" bgcolor=\"#ffffcc\"><img loading=\"lazy\" decoding=\"async\" src=\"http:\/\/fraynelson.com\/banco_imagenes\/transparente.gif\" width=\"8\" height=\"8\" \/><\/td>\n<\/tr>\n<tr>\n<td colspan=\"2\" valign=\"top\" bgcolor=\"#ffffcc\">\n<div align=\"center\">\n<p><span style=\"color: #000000; font-family: Arial,Helvetica,sans-serif; font-size: xx-small;\"><b>Inevitable<\/b><\/span><\/p>\n<div align=\"left\">\n<p><span style=\"color: #000000; font-family: Arial,Helvetica,sans-serif; font-size: xx-small;\">&#8211; \u00bfQue le dice un l\u00e1piz a un saca punta?<br \/>\n&#8211; Creo que esta relaci\u00f3n va acabar conmigo.<\/span><\/p>\n<\/div>\n<\/div>\n<\/td>\n<\/tr>\n<tr bgcolor=\"#ffffcc\">\n<td colspan=\"2\" valign=\"bottom\"><img loading=\"lazy\" decoding=\"async\" src=\"http:\/\/fraynelson.com\/banco_imagenes\/transparente.gif\" width=\"8\" height=\"8\" \/><a class=\"linksmenu\" href=\"http:\/\/fraynelson.com\/sistema\/boletin\/mactboletin3.php#a\"><span style=\"color: #000066; font-family: Arial,Helvetica,sans-serif; font-size: xx-small;\"><strong>[arriba]<\/strong><\/span><\/a><\/td>\n<\/tr>\n<\/tbody>\n<\/table>\n<hr \/>\n<hr \/>\n<p><center><\/p>\n<h2>Palabra de Dios<br \/>\npara alimentar tu d\u00eda<\/h2>\n<p><\/center><\/p>\n<hr \/>\n<table border=\"0\" width=\"100%\" cellspacing=\"0\" cellpadding=\"0\" bgcolor=\"#ffcd88\">\n<tbody>\n<tr>\n<td colspan=\"2\" valign=\"top\" bgcolor=\"#ffffff\">\n<div align=\"center\">\n<p><span style=\"color: #000000; font-family: Arial,Helvetica,sans-serif; font-size: small;\">Tiempo Ordinario, A\u00f1o Par,<br \/>\nSemana No. 28, Jueves<\/span><\/p>\n<\/div>\n<\/td>\n<\/tr>\n<\/tbody>\n<\/table>\n<hr \/>\n<table border=\"0\" width=\"100%\" cellspacing=\"0\" cellpadding=\"0\" bgcolor=\"#ffcd88\">\n<tbody>\n<tr>\n<td valign=\"center\" width=\"55%\"><a id=\"6\" name=\"6\"><\/a><\/p>\n<div align=\"left\"><a id=\"6\" name=\"6\"><\/a><img loading=\"lazy\" decoding=\"async\" src=\"http:\/\/fraynelson.com\/banco_imagenes\/arrow.gif\" width=\"16\" height=\"15\" \/><\/div>\n<\/td>\n<td>\n<div align=\"right\"><span class=\"titulo1\"><span style=\"color: #590b00; font-family: Arial,Helvetica,sans-serif; font-size: medium;\"><strong>Lecturas de la S. Biblia<\/strong><\/span><\/span><\/div>\n<\/td>\n<\/tr>\n<tr>\n<td colspan=\"2\" valign=\"bottom\" bgcolor=\"#ffffcc\"><img loading=\"lazy\" decoding=\"async\" src=\"http:\/\/fraynelson.com\/banco_imagenes\/transparente.gif\" width=\"8\" height=\"8\" \/><\/td>\n<\/tr>\n<tr>\n<td colspan=\"2\" valign=\"top\" bgcolor=\"#ffffcc\">\n<div align=\"justify\">\n<p><span style=\"color: #000000; font-family: Arial,Helvetica,sans-serif; font-size: small;\"><b>Temas de las lecturas: <\/b>Nos eligi\u00f3 en Cristo antes de crear el mundo * El Se\u00f1or da a conocer su victoria. * Les pedir\u00e1n cuentas de la sangre de los profetas, desde la sangre de Abel hasta la de Zacar\u00edas<\/span><\/p>\n<p><span style=\"color: #000000; font-family: Arial,Helvetica,sans-serif; font-size: small;\"><b>Textos para este d\u00eda: <\/b><\/span><\/p>\n<p><span style=\"color: #000000; font-family: Arial,Helvetica,sans-serif; font-size: small;\"><b>Efesios 1, 1-10<\/b>: <\/span><\/p>\n<p><span style=\"color: #000000; font-family: Arial,Helvetica,sans-serif; font-size: small;\">Pablo, ap\u00f3stol de Cristo Jes\u00fas por designio de Dios, a los santos y fieles en Cristo Jes\u00fas, que residen en \u00c9feso.<\/p>\n<p>Os deseo la gracia y la paz de Dios, nuestro Padre, y del Se\u00f1or Jesucristo.<\/p>\n<p>Bendito sea Dios, Padre de nuestro Se\u00f1or Jesucristo, que nos ha bendecido en la persona de Cristo con toda clase de bienes espirituales y celestiales.<\/p>\n<p>\u00c9l nos eligi\u00f3 en la persona de Cristo, antes de crear el mundo, para que fu\u00e9semos santos e irreprochables ante \u00e9l por el amor.<\/p>\n<p>\u00c9l nos ha destinado en la persona de Cristo, por pura iniciativa suya, a ser sus hijos, para que la gloria de su gracia, que tan generosamente nos ha concedido en su querido Hijo, redunde en alabanza suya.<\/p>\n<p>Por este Hijo, por su sangre, hemos recibido la redenci\u00f3n, el perd\u00f3n de los pecados.<\/p>\n<p>El tesoro de su gracia, sabidur\u00eda y prudencia ha sido un derroche para con nosotros, d\u00e1ndonos a conocer el misterio de su voluntad.<\/p>\n<p>\u00c9ste es el plan que hab\u00eda proyectado realizar por Cristo cuando llegase el momento culminante: recapitular en Cristo todas las cosas del cielo y de la tierra.<\/span><\/p>\n<p><span style=\"color: #000000; font-family: Arial,Helvetica,sans-serif; font-size: small;\"><b>Salmo 97<\/b>: <\/span><\/p>\n<p><span style=\"color: #000000; font-family: Arial,Helvetica,sans-serif; font-size: small;\">Cantad al Se\u00f1or un c\u00e1ntico nuevo, \/ porque ha hecho maravillas: \/ su diestra le ha dado la victoria, \/ su santo brazo. R. <\/span><\/p>\n<p><span style=\"color: #000000; font-family: Arial,Helvetica,sans-serif; font-size: small;\">El Se\u00f1or da a conocer su victoria, \/ revela a las naciones su justicia: \/ se acord\u00f3 de su misericordia y su fidelidad \/ en favor de la casa de Israel. R. <\/span><\/p>\n<p><span style=\"color: #000000; font-family: Arial,Helvetica,sans-serif; font-size: small;\">Los confines de la tierra han contemplado \/ la victoria de nuestro Dios. \/ Aclamad al Se\u00f1or, tierra entera; \/ gritad, vitoread, tocad. R. <\/span><\/p>\n<p><span style=\"color: #000000; font-family: Arial,Helvetica,sans-serif; font-size: small;\">Ta\u00f1ed la c\u00edtara para el Se\u00f1or, \/ suenen los instrumentos: \/ con clarines y al son de trompetas, \/ aclamad al Rey y Se\u00f1or. R.<\/span><\/p>\n<p><span style=\"color: #000000; font-family: Arial,Helvetica,sans-serif; font-size: small;\"><b>Lucas 11, 47-54<\/b>: <\/span><\/p>\n<p><span style=\"color: #000000; font-family: Arial,Helvetica,sans-serif; font-size: small;\">En aquel tiempo, dijo el Se\u00f1or:<\/p>\n<p>\u00ab\u00a1Ay de vosotros, que edific\u00e1is mausoleos a los profetas, despu\u00e9s que vuestros padres los mataron!<\/p>\n<p>As\u00ed sois testigos de lo que hicieron vuestros padres, y lo aprob\u00e1is; porque ellos los mataron, y vosotros les edific\u00e1is sepulcros.<\/p>\n<p>Por algo dijo la sabidur\u00eda de Dios: &#8220;Les enviar\u00e9 profetas y ap\u00f3stoles; a algunos los perseguir\u00e1n y matar\u00e1n&#8221;; y as\u00ed, a esta generaci\u00f3n se le pedir\u00e1 cuenta de la sangre de los profetas derramada desde la creaci\u00f3n del mundo; desde la sangre de Abel hasta la de Zacar\u00edas, que pereci\u00f3 entre el altar y el santuario.<\/p>\n<p>S\u00ed, os lo repito: se le pedir\u00e1 cuenta a esta generaci\u00f3n.<\/p>\n<p>\u00a1Ay de vosotros, maestros de la Ley, que os hab\u00e9is quedado con la llave del saber; vosotros, que no hab\u00e9is entrado y hab\u00e9is cerrado el paso a los que intentaban entrar!\u00bb<\/p>\n<p>Al salir de all\u00ed, los escribas y fariseos empezaron a acosarlo y a tirarle de la lengua con muchas preguntas capciosas, para cogerlo con sus propias palabras.<\/span><\/p>\n<\/div>\n<\/td>\n<\/tr>\n<tr bgcolor=\"#ffffcc\">\n<td colspan=\"2\" valign=\"bottom\"><img loading=\"lazy\" decoding=\"async\" src=\"http:\/\/fraynelson.com\/banco_imagenes\/transparente.gif\" width=\"8\" height=\"8\" \/><a class=\"linksmenu\" href=\"http:\/\/fraynelson.com\/sistema\/boletin\/mactboletin3.php#a\"><span style=\"color: #000066; font-family: Arial,Helvetica,sans-serif; font-size: xx-small;\"><strong>[arriba]<\/strong><\/span><\/a><\/td>\n<\/tr>\n<\/tbody>\n<\/table>\n<table border=\"0\" width=\"100%\" cellspacing=\"0\" cellpadding=\"0\" bgcolor=\"#ffcd88\">\n<tbody>\n<tr>\n<td valign=\"center\" width=\"55%\"><a id=\"7\" name=\"7\"><\/a><\/p>\n<div align=\"left\"><a id=\"7\" name=\"7\"><\/a><img loading=\"lazy\" decoding=\"async\" src=\"http:\/\/fraynelson.com\/banco_imagenes\/arrow.gif\" width=\"16\" height=\"15\" \/><\/div>\n<\/td>\n<td>\n<div align=\"right\"><span class=\"titulo1\"><span style=\"color: #590b00; font-family: Arial,Helvetica,sans-serif; font-size: medium;\"><strong>Homil\u00edas para escuchar<\/strong><\/span><\/span><\/div>\n<\/td>\n<\/tr>\n<tr>\n<td colspan=\"2\" valign=\"bottom\" bgcolor=\"#ffffcc\"><img loading=\"lazy\" decoding=\"async\" src=\"http:\/\/fraynelson.com\/banco_imagenes\/transparente.gif\" width=\"8\" height=\"8\" \/><\/td>\n<\/tr>\n<tr>\n<td colspan=\"2\" valign=\"top\" bgcolor=\"#ffffcc\">\n<div align=\"center\">\n<table border=\"2\" width=\"80%\" cellspacing=\"2\" cellpadding=\"2\">\n<tbody>\n<tr>\n<th valign=\"center\" bgcolor=\"#ffcc99\">\n<h4>Versi\u00f3n<\/h4>\n<\/th>\n<th valign=\"center\" bgcolor=\"#ffcc99\">\n<h4>Fecha<\/h4>\n<\/th>\n<th valign=\"center\" bgcolor=\"#ffcc99\">\n<h4>Escuchar<\/h4>\n<\/th>\n<th valign=\"center\" bgcolor=\"#ffcc99\">\n<h4>M\u00e1s&#8230;<\/h4>\n<\/th>\n<\/tr>\n<tr>\n<td bgcolor=\"#FFFFBD\">\n<p align=\"center\">1<\/p>\n<\/td>\n<td bgcolor=\"#FFFFBD\">1996\/10\/17<\/td>\n<td bgcolor=\"#FFFFBD\"><a href=\"http:\/\/fraynelson.com\/homilias.php?year=2016&amp;mon=10&amp;mday=13#1o284001amp3\"><img decoding=\"async\" title=\"Haz click para escuchar o grabar una versi\u00f3n en MP3\" src=\"http:\/\/fraynelson.com\/banco_imagenes\/mp3_icon.gif\" alt=\"Haz click para escuchar o grabar una versi\u00f3n en MP3\" border=\"0\" \/><\/a><br \/>\n<span style=\"color: brown;\"><i>Pedir con amor a Dios que caiga sobre nosotros la Sangre de Cristo.<\/i><\/span><br \/>\n<b><\/b><\/td>\n<td bgcolor=\"#FFFFBD\">\n<p align=\"center\"><a href=\"http:\/\/fraynelson.com\/wiki2\/index.php?title=o284001a\"><img decoding=\"async\" title=\"Click normal para ir a la transcripci\u00f3n\" src=\"http:\/\/fraynelson.com\/banco_imagenes\/text_icon.gif\" alt=\"Click normal para ir a la transcripci\u00f3n\" border=\"0\" \/><\/a><\/p>\n<\/td>\n<\/tr>\n<tr>\n<td bgcolor=\"#FFFFBD\">\n<p align=\"center\">2<\/p>\n<\/td>\n<td bgcolor=\"#FFFFBD\">2002\/10\/17<\/td>\n<td bgcolor=\"#FFFFBD\"><a href=\"http:\/\/fraynelson.com\/homilias.php?year=2016&amp;mon=10&amp;mday=13#2o284002amp3\"><img decoding=\"async\" title=\"Haz click para escuchar o grabar una versi\u00f3n en MP3\" src=\"http:\/\/fraynelson.com\/banco_imagenes\/mp3_icon.gif\" alt=\"Haz click para escuchar o grabar una versi\u00f3n en MP3\" border=\"0\" \/><\/a><br \/>\n<span style=\"color: brown;\"><i>Jes\u00fas es el lugar escogido por Dios para otorgarnos el bien, s\u00f3lo el bien y todo el bien. <\/i><\/span><br \/>\n<b><\/b><\/td>\n<td bgcolor=\"#FFFFBD\">\n<p align=\"center\"><a href=\"http:\/\/fraynelson.com\/wiki2\/index.php?title=o284002a\"><img decoding=\"async\" title=\"Click normal para ir a la transcripci\u00f3n\" src=\"http:\/\/fraynelson.com\/banco_imagenes\/text_icon.gif\" alt=\"Click normal para ir a la transcripci\u00f3n\" border=\"0\" \/><\/a><\/p>\n<\/td>\n<\/tr>\n<tr>\n<td bgcolor=\"#FFFFBD\">\n<p align=\"center\">3<\/p>\n<\/td>\n<td bgcolor=\"#FFFFBD\">2014\/10\/16<\/td>\n<td bgcolor=\"#FFFFBD\"><a href=\"http:\/\/fraynelson.com\/homilias.php?year=2016&amp;mon=10&amp;mday=13#3o284003amp3\"><img decoding=\"async\" title=\"Haz click para escuchar o grabar una versi\u00f3n en MP3\" src=\"http:\/\/fraynelson.com\/banco_imagenes\/mp3_icon.gif\" alt=\"Haz click para escuchar o grabar una versi\u00f3n en MP3\" border=\"0\" \/><\/a><br \/>\n<span style=\"color: brown;\"><i>Edificar monumentos a profetas a quienes nunca se quiso escuchar es hipocres\u00eda que Cristo rechaza con fuerza.<\/i><\/span><br \/>\n<b><\/b><\/td>\n<td bgcolor=\"#FFFFBD\">\n<p align=\"center\"><a href=\"http:\/\/fraynelson.com\/wiki2\/index.php?title=o284003a\"><img decoding=\"async\" title=\"Click normal para ir a la transcripci\u00f3n\" src=\"http:\/\/fraynelson.com\/banco_imagenes\/text_icon.gif\" alt=\"Click normal para ir a la transcripci\u00f3n\" border=\"0\" \/><\/a><\/p>\n<\/td>\n<\/tr>\n<tr>\n<td bgcolor=\"#FFFFBD\">\n<p align=\"center\">4<\/p>\n<\/td>\n<td bgcolor=\"#FFFFBD\">2014\/10\/16<\/td>\n<td bgcolor=\"#FFFFBD\"><a href=\"http:\/\/fraynelson.com\/homilias.php?year=2016&amp;mon=10&amp;mday=13#4o284004amp3\"><img decoding=\"async\" title=\"Haz click para escuchar o grabar una versi\u00f3n en MP3\" src=\"http:\/\/fraynelson.com\/banco_imagenes\/mp3_icon.gif\" alt=\"Haz click para escuchar o grabar una versi\u00f3n en MP3\" border=\"0\" \/><\/a><br \/>\n<span style=\"color: brown;\"><i>Lo primero en ser profeta es vivir en plena apertura al ser y querer de Dios,y en ese sentido siempre ha habido profetas.<\/i><\/span><br \/>\n<b><\/b><\/td>\n<td bgcolor=\"#FFFFBD\">\n<p align=\"center\"><a href=\"http:\/\/fraynelson.com\/wiki2\/index.php?title=o284004a\"><img decoding=\"async\" title=\"Click normal para ir a la transcripci\u00f3n\" src=\"http:\/\/fraynelson.com\/banco_imagenes\/text_icon.gif\" alt=\"Click normal para ir a la transcripci\u00f3n\" border=\"0\" \/><\/a><\/p>\n<\/td>\n<\/tr>\n<tr>\n<td bgcolor=\"#FFFFBD\">\n<p align=\"center\">5<\/p>\n<\/td>\n<td bgcolor=\"#FFFFBD\">2016\/10\/13<\/td>\n<td bgcolor=\"#FFFFBD\"><a href=\"http:\/\/fraynelson.com\/homilias.php?year=2016&amp;mon=10&amp;mday=13#5o284005amp3\"><img decoding=\"async\" title=\"Haz click para escuchar o grabar una versi\u00f3n en MP3\" src=\"http:\/\/fraynelson.com\/banco_imagenes\/mp3_icon.gif\" alt=\"Haz click para escuchar o grabar una versi\u00f3n en MP3\" border=\"0\" \/><\/a><br \/>\n<span style=\"color: brown;\"><i>La misericordia tiene un aspecto de dureza buscando que el pecador tome conciencia; y en el inocente que sufre Cristo se hace presente llam\u00e1ndonos a la conversi\u00f3n.<\/i><\/span><br \/>\n<b><\/b><\/td>\n<td bgcolor=\"#FFFFBD\">\n<p align=\"center\"><a href=\"http:\/\/fraynelson.com\/wiki2\/index.php?title=o284005a\"><img decoding=\"async\" title=\"Click normal para ir a la transcripci\u00f3n\" src=\"http:\/\/fraynelson.com\/banco_imagenes\/text_icon.gif\" alt=\"Click normal para ir a la transcripci\u00f3n\" border=\"0\" \/><\/a><\/p>\n<\/td>\n<\/tr>\n<\/tbody>\n<\/table>\n<\/div>\n<\/td>\n<\/tr>\n<tr bgcolor=\"#fffff0\">\n<td colspan=\"2\">\n<p align=\"center\"><span style=\"color: #000000; font-family: Arial,Helvetica,sans-serif; font-size: small;\">M\u00e1s informaci\u00f3n sobre este d\u00eda <a href=\"http:\/\/fraynelson.com\/homilias.php?year=2016&amp;mon=10&amp;mday=13\">aqu\u00ed<\/a><\/span><\/p>\n<\/td>\n<\/tr>\n<tr bgcolor=\"#ffffcc\">\n<td colspan=\"2\" valign=\"bottom\"><img loading=\"lazy\" decoding=\"async\" src=\"http:\/\/fraynelson.com\/banco_imagenes\/transparente.gif\" width=\"8\" height=\"8\" \/><a class=\"linksmenu\" href=\"http:\/\/fraynelson.com\/sistema\/boletin\/mactboletin3.php#a\"><span style=\"color: #000066; font-family: Arial,Helvetica,sans-serif; font-size: xx-small;\"><strong>[arriba]<\/strong><\/span><\/a><\/td>\n<\/tr>\n<\/tbody>\n<\/table>\n<table border=\"0\" width=\"100%\" cellspacing=\"0\" cellpadding=\"0\" bgcolor=\"#ffcd88\">\n<tbody>\n<tr>\n<td valign=\"center\" width=\"55%\">\n<div align=\"left\"><img loading=\"lazy\" decoding=\"async\" src=\"http:\/\/fraynelson.com\/banco_imagenes\/arrow.gif\" width=\"16\" height=\"15\" \/><\/div>\n<\/td>\n<td>\n<div align=\"right\"><span class=\"titulo1\"><span style=\"color: #590b00; font-family: Arial,Helvetica,sans-serif; font-size: medium;\"><strong>Homil\u00eda para leer<\/strong><\/span><\/span><\/div>\n<\/td>\n<\/tr>\n<tr>\n<td colspan=\"2\" valign=\"bottom\" bgcolor=\"#ffffcc\"><img loading=\"lazy\" decoding=\"async\" src=\"http:\/\/fraynelson.com\/banco_imagenes\/transparente.gif\" width=\"8\" height=\"8\" \/><\/td>\n<\/tr>\n<tr>\n<td colspan=\"2\" valign=\"top\" bgcolor=\"#ffffcc\">\n<div align=\"justify\">\n<p><span style=\"color: #000000; font-family: Arial,Helvetica,sans-serif; font-size: small;\"><b>Temas de las lecturas: <\/b>Nos eligi\u00f3 en Cristo antes de crear el mundo * El Se\u00f1or da a conocer su victoria. * Les pedir\u00e1n cuentas de la sangre de los profetas, desde la sangre de Abel hasta la de Zacar\u00edas<\/span><\/p>\n<h4><span style=\"color: #000000; font-family: Arial,Helvetica,sans-serif; font-size: small;\">1. Un Paisaje de Gracia<\/span><\/h4>\n<p>1.1 El comienzo de la Carta a los Efesios, que hemos escuchado en la primera lectura, podr\u00eda muy bien titularse &#8220;Un Paisaje de Gracia.&#8221; EL ap\u00f3stol Pablo nos levanta, con un lenguaje lleno de vigor y de maravillosa sapiencia, a una gran altura y nos invita a mirar el paisaje del amor de Dios que llena todo lo que podemos ver, recordar, so\u00f1ar, desear.<\/p>\n<p>1.2 Los estudiosos de la Biblia piensan que este pasaje quiz\u00e1 tuvo &#8220;vida propia&#8221; antes de llegar al texto que hemos recibido. Tiene la estructura de un himno aunque a la vez es todo un compendio del Plan de Dios. Lo esencial es que Dios nos ha bendecido y que por eso nosotros le bendecimos a \u00c9l. Y la gran bendici\u00f3n que nos ha dado, y en la que se resume todo, es la donaci\u00f3n de su bendito Hijo, en quien el universo entero es restaurado y tiene su cabeza propia.<\/p>\n<p>1.3 Junto a ese tema de fondo hay otros temas derivados, que son como ramas de un \u00e1rbol colosal: la elecci\u00f3n y la santidad; la redenci\u00f3n y el pecado; la sabidur\u00eda humana y la sabidur\u00eda divina. Podemos pensar que tal acumulaci\u00f3n de ense\u00f1anza y poes\u00eda es algo as\u00ed como el fruto madurado de un coraz\u00f3n que ha meditado mucho, mucho tiempo en el poder del amor de Dios, y en la sabidur\u00eda de la dispensaci\u00f3n de su gracia entre nosotros.<\/p>\n<h4>2. \u00a1Ay de los Doctores de la Ley!<\/h4>\n<p>2.1 En los textos de los pasados d\u00edas Jes\u00fas ha criticado con dureza a los fariseos. Les ha reprochado b\u00e1sicamente tres cosas: su hipocres\u00eda; su falta de discernimiento, cuando dan excesiva importancia a lo peque\u00f1o y dejan de lado lo fundamental, y su manera de juzgar a los peque\u00f1os y en general a los que no piensan como ellos.<\/p>\n<p>2.2 Mas ya en el texto de ayer aparec\u00eda una invectiva contra los escribas, es decir, contra aquel grupo, mucho menos numerosos que el de los fariseos, de los que ten\u00edan acceso a la lectura de los textos b\u00edblicos, cosa que, en un contexto de aplastante mayor\u00eda analfabeta, constitu\u00eda un aut\u00e9ntico poder. El tema de Jes\u00fas ser\u00e1 ese precisamente: el saber te da poder; \u00bfqu\u00e9 haces con ese poder?<\/p>\n<p>2.3 Mas va tambi\u00e9n en paralelo otro tema: la acumulaci\u00f3n de la maldad contra los inocentes. Esto nos resulta menos obvio seguramente, pero es de una importancia inmensa para entender el sacrificio de Cristo.<\/p>\n<p>2.4 En efecto, dice el Se\u00f1or que a su generaci\u00f3n se le pedir\u00e1 cuentas &#8220;de la sangre de todos los profetas que ha sido derramada desde la creaci\u00f3n del mundo&#8221;. Esto es b\u00e1sico. Cada uno de esos que vio con impotencia que su derecho era pisoteado puede quedar en la memoria del mundo como un n\u00famero m\u00e1s o como una an\u00e9cdota m\u00e1s, pero los cr\u00edmenes contra los inocentes claman al cielo. Frente al tejido perverso de la maldad, que pretende en realidad hacerse con el se\u00f1or\u00edo de todo y de todos en un plan que abarca siglos, Dios erige su plan de gracia y de poder de redenci\u00f3n, que tiene su culminaci\u00f3n en la Cruz de Cristo.<\/p>\n<\/div>\n<\/td>\n<\/tr>\n<tr bgcolor=\"#ffffcc\">\n<td colspan=\"2\" valign=\"bottom\"><img loading=\"lazy\" decoding=\"async\" src=\"http:\/\/fraynelson.com\/banco_imagenes\/transparente.gif\" width=\"8\" height=\"8\" \/><a class=\"linksmenu\" href=\"http:\/\/fraynelson.com\/sistema\/boletin\/mactboletin3.php#a\"><span style=\"color: #000066; font-family: Arial,Helvetica,sans-serif; font-size: xx-small;\"><strong>[arriba]<\/strong><\/span><\/a><\/td>\n<\/tr>\n<\/tbody>\n<\/table>\n<\/td>\n<\/tr>\n<\/tbody>\n<\/table>\n<table border=\"0\" width=\"100%\" cellspacing=\"0\" cellpadding=\"0\" bgcolor=\"#ffcd88\">\n<tbody>\n<tr>\n<td valign=\"center\" width=\"55%\"><a id=\"8\" name=\"8\"><\/a><\/p>\n<div align=\"left\"><a id=\"8\" name=\"8\"><\/a><img loading=\"lazy\" decoding=\"async\" src=\"http:\/\/fraynelson.com\/banco_imagenes\/arrow.gif\" width=\"16\" height=\"15\" \/><\/div>\n<\/td>\n<td>\n<div align=\"right\"><span class=\"titulo1\"><span style=\"color: #590b00; font-family: Arial,Helvetica,sans-serif; font-size: x-large;\"><strong><span style=\"color: red;\"><em>Video<\/em><\/span> recomendado para este dia<em>!<\/em><\/strong><\/span><\/span><\/div>\n<\/td>\n<\/tr>\n<tr>\n<td colspan=\"2\" valign=\"bottom\" bgcolor=\"#ffffcc\"><img loading=\"lazy\" decoding=\"async\" src=\"http:\/\/fraynelson.com\/banco_imagenes\/transparente.gif\" width=\"8\" height=\"8\" \/><\/td>\n<\/tr>\n<tr>\n<td colspan=\"2\" valign=\"top\" bgcolor=\"#ffffcc\">\n<div align=\"center\">\n<p><span style=\"color: #000000; font-family: Arial,Helvetica,sans-serif; font-size: small;\"><strong><a href=\"http:\/\/www.youtube.com\/watch?v=Vnc-_bx201w\"><img decoding=\"async\" src=\"http:\/\/fraynelson.com\/banco_imagenes\/videos\/20161013.jpg\" border=\"0\" \/><\/a><\/p>\n<p>Invitaci\u00f3n a la Contemplaci\u00f3n, 8 de 9 El reloj de la Contemplaci\u00f3n<\/strong><\/span><\/p>\n<\/div>\n<\/td>\n<\/tr>\n<tr bgcolor=\"#ffffcc\">\n<td colspan=\"2\" valign=\"bottom\"><img loading=\"lazy\" decoding=\"async\" src=\"http:\/\/fraynelson.com\/banco_imagenes\/transparente.gif\" width=\"8\" height=\"8\" \/><a class=\"linksmenu\" href=\"http:\/\/fraynelson.com\/sistema\/boletin\/mactboletin3.php#a\"><span style=\"color: #000066; font-family: Arial,Helvetica,sans-serif; font-size: xx-small;\"><strong>[arriba]<\/strong><\/span><\/a><\/td>\n<\/tr>\n<\/tbody>\n<\/table>\n<table border=\"0\" width=\"100%\" cellspacing=\"0\" cellpadding=\"0\" bgcolor=\"#ffcd88\">\n<tbody>\n<tr>\n<td valign=\"center\" width=\"55%\"><a id=\"9\" name=\"9\"><\/a><\/p>\n<div align=\"left\"><a id=\"9\" name=\"9\"><\/a><img loading=\"lazy\" decoding=\"async\" src=\"http:\/\/fraynelson.com\/banco_imagenes\/arrow.gif\" width=\"16\" height=\"15\" \/><\/div>\n<\/td>\n<td>\n<div align=\"right\"><span class=\"titulo1\"><span style=\"color: #590b00; font-family: Arial,Helvetica,sans-serif; font-size: medium;\"><strong>Informaci\u00f3n legal y de suscripci\u00f3n<\/strong><\/span><\/span><\/div>\n<\/td>\n<\/tr>\n<tr>\n<td colspan=\"2\" valign=\"bottom\" bgcolor=\"#ffffcc\"><img loading=\"lazy\" decoding=\"async\" src=\"http:\/\/fraynelson.com\/banco_imagenes\/transparente.gif\" width=\"8\" height=\"8\" \/><\/td>\n<\/tr>\n<tr>\n<td colspan=\"2\" valign=\"top\" bgcolor=\"#ffffcc\">\n<div align=\"justify\">\n<div align=\"justify\">\n<p><span style=\"color: #000000; font-family: Arial,Helvetica,sans-serif; font-size: small;\"><strong>Para saber m\u00e1s&#8230;<\/strong><\/span><\/p>\n<\/div>\n<\/div>\n<ul>\n<li>Este bolet\u00edn es el veh\u00edculo de comunicaci\u00f3n diario de la p\u00e1gina <a href=\"http:\/\/fraynelson.com\">FRAYNELSON.COM<\/a>, Casa para tu Fe Cat\u00f3lica. <strong>Servimos con gozo a la evangelizaci\u00f3n<\/strong> dentro de nuestra Iglesia, en comuni\u00f3n con el Santo Padre.<\/li>\n<li>Todos nuestros servicios y todo lo que encuentres en FRAYNELSON.COM es gratuito y solamente recibimos donaciones. Es decir: nunca cobramos ni aceptamos dinero por publicidad ni tampoco pagamos servicios. Todos <strong>nuestros donantes y colaboradores permanentes son voluntarios<\/strong> que viven y trabajan en distintas partes del mundo.<\/li>\n<li>Es posible que hayas recibido este mensaje sin haberlo solicitado. Nuestra intenci\u00f3n no es fastidiar a nadie, y por eso es sencillo el proceso de darse de baja. Si nunca pediste recibir este bolet\u00edn, es posible que alg\u00fan pariente o amigo tuyo haya incluido tu nombre y direcci\u00f3n. Con respeto te invito a que consideres lo que ofrecemos antes de dejarnos, pero en cualquier caso eres libre de darte de baja cuando quieras.<\/li>\n<li><i>Si deseas incluir en este bolet\u00edn tu cumplea\u00f1os, o una fecha que es importante para ti o tu familia o tu grupo<\/i>, entra a <a href=\"http:\/\/fraynelson.com\/calendario.php\"><strong>nuestro calendario<\/strong><\/a>. Las entradas a este calendario tiene que ser aprobadas antes de ser publicadas. El prop\u00f3sito es favorecer la oraci\u00f3n y amistad entre todos. \ud83d\ude42<\/li>\n<li>\u00a1Por supuesto t\u00fa tambi\u00e9n <strong>puedes invitar a otras personas<\/strong>! Estamos convencidos que un poco de nuestro Alimento del Alma puede hacer una GRAN DIFERENCIA en muchas vidas. Puedes responder a este correo indic\u00e1ndonos a qui\u00e9n quieres que regalemos nuestro Alimento. Por supuesto, si sospechas que a alguien no le va a interesar, no le hagas ni nos hagas perder tiempo. Sin embargo, es un hecho que m\u00e1s y m\u00e1s gente est\u00e1 siendo bendecida con nuestros servicios.<\/li>\n<li>Los textos del <b>SANTO DEL D\u00cdA<\/b> son responsabilidad y cortes\u00eda de <a href=\"http:\/\/aciprensa.com\">Aciprensa<\/a> o de la <a href=\"http:\/\/www.archimadrid.es\/\">Archidi\u00f3cesis de Madrid<\/a>. Ten en cuenta, sin embargo, que la celebraci\u00f3n lit\u00fargica de un santo o santa en particular depende de factores locales, del tiempo lit\u00fargico, de si cae en domingo, y algunos otros. Los breves esquemas que ofrecemos son s\u00f3lo para edificaci\u00f3n espiritual. Los dem\u00e1s textos no b\u00edblicos son responsabilidad de sus autores o si no se indica, de <b>Fray Nelson Medina, O.P.<\/b> Estos pueden ser divulgados declarando la fuente. Tus aportes en <strong>oraci\u00f3n, tiempo, servicios, ideas o dinero<\/strong> son siempre bienvenidos. Puedes visitar nuestra <a href=\"http:\/\/fraynelson.com\/ayuda.html\">p\u00e1gina de ayuda<\/a>.<\/li>\n<\/ul>\n<\/td>\n<\/tr>\n<tr bgcolor=\"#ffffcc\">\n<td colspan=\"2\" valign=\"bottom\"><img loading=\"lazy\" decoding=\"async\" src=\"http:\/\/fraynelson.com\/banco_imagenes\/transparente.gif\" width=\"8\" height=\"8\" \/><a class=\"linksmenu\" href=\"http:\/\/fraynelson.com\/sistema\/boletin\/mactboletin3.php#a\"><span style=\"color: #000066; font-family: Arial,Helvetica,sans-serif; font-size: xx-small;\"><strong>[arriba]<\/strong><\/span><\/a><\/td>\n<\/tr>\n<\/tbody>\n<\/table>\n<\/td>\n<\/tr>\n<\/tbody>\n<\/table>\n<\/div>\n<\/td>\n<\/tr>\n<\/tbody>\n<\/table>\n","protected":false},"excerpt":{"rendered":"<p>[ Ver en la WEB ] [ Suscribirse \/ Darse de baja ]<\/p>\n","protected":false},"author":1138,"featured_media":0,"comment_status":"closed","ping_status":"closed","sticky":false,"template":"","format":"standard","meta":{"footnotes":""},"categories":[919],"tags":[],"class_list":["post-48710","post","type-post","status-publish","format-standard","hentry","category-boletin"],"jetpack_featured_media_url":"","_links":{"self":[{"href":"https:\/\/fraynelson.com\/blog\/wp-json\/wp\/v2\/posts\/48710","targetHints":{"allow":["GET"]}}],"collection":[{"href":"https:\/\/fraynelson.com\/blog\/wp-json\/wp\/v2\/posts"}],"about":[{"href":"https:\/\/fraynelson.com\/blog\/wp-json\/wp\/v2\/types\/post"}],"author":[{"embeddable":true,"href":"https:\/\/fraynelson.com\/blog\/wp-json\/wp\/v2\/users\/1138"}],"replies":[{"embeddable":true,"href":"https:\/\/fraynelson.com\/blog\/wp-json\/wp\/v2\/comments?post=48710"}],"version-history":[{"count":1,"href":"https:\/\/fraynelson.com\/blog\/wp-json\/wp\/v2\/posts\/48710\/revisions"}],"predecessor-version":[{"id":48711,"href":"https:\/\/fraynelson.com\/blog\/wp-json\/wp\/v2\/posts\/48710\/revisions\/48711"}],"wp:attachment":[{"href":"https:\/\/fraynelson.com\/blog\/wp-json\/wp\/v2\/media?parent=48710"}],"wp:term":[{"taxonomy":"category","embeddable":true,"href":"https:\/\/fraynelson.com\/blog\/wp-json\/wp\/v2\/categories?post=48710"},{"taxonomy":"post_tag","embeddable":true,"href":"https:\/\/fraynelson.com\/blog\/wp-json\/wp\/v2\/tags?post=48710"}],"curies":[{"name":"wp","href":"https:\/\/api.w.org\/{rel}","templated":true}]}}