{"id":478,"date":"2004-05-15T02:10:22","date_gmt":"2004-05-15T07:10:22","guid":{"rendered":"648354062"},"modified":"2005-09-20T13:48:43","modified_gmt":"2005-09-20T13:48:43","slug":"257","status":"publish","type":"post","link":"https:\/\/fraynelson.com\/blog\/2004\/05\/15\/257\/","title":{"rendered":"Calendario Provisional de Visita a Colombia"},"content":{"rendered":"<table bgcolor=\"#cccc66\" border=\"3\">\n<tbody>\n<tr>\n<th bgcolor=\"#003366\"><font color=\"yellow\">Fecha<\/font><\/th>\n<th bgcolor=\"#003366\"><font color=\"yellow\">Actividad<\/font><\/th>\n<\/tr>\n<tr>\n<td>Jueves 12 de agosto, 7.30 pm<\/td>\n<td>Llegada al aeropuerto El Dorado en <strong>Bogot\u00e1<\/strong><\/td>\n<\/tr>\n<tr>\n<td>Viernes 13 &#8211; S\u00e1bado 14<\/td>\n<td>Con mis padres<\/td>\n<\/tr>\n<tr>\n<td>Domingo 15 &#8211; Martes 17<\/td>\n<td>Visita al Santuario en <strong>Chiquinquir\u00e1<\/strong><\/td>\n<\/tr>\n<tr>\n<td>Mi\u00e9rcoles 18<\/td>\n<td>Convento de Santo Domingo, <strong>Bogot\u00e1<\/strong><\/td>\n<\/tr>\n<tr>\n<td>Domingo 22<\/td>\n<td>Congreso de Kejaritomene<\/td>\n<\/tr>\n<tr>\n<td>Lunes 23 &#8211; Martes 24<\/td>\n<td><strong>Villavicencio<\/strong><\/td>\n<\/tr>\n<tr>\n<td>Jueves 26 &#8211; Domingo 29<\/td>\n<td>Congreso de la RCC en <strong>Cali<\/strong><\/td>\n<\/tr>\n<tr>\n<td>Mi\u00e9rc. 1\u00b0 de sept. &#8211; Viernes 3<\/td>\n<td>Grupo &#8220;Padre Nuestro&#8221; en <strong>Ibagu\u00e9<\/strong><\/td>\n<\/tr>\n<tr>\n<td>Viernes 3<\/td>\n<td>Misa de Primer Viernes con Kejaritomene<\/td>\n<\/tr>\n<tr>\n<td>S\u00e1bado 4<\/td>\n<td>Vigilia con el Grupo de V\u00edrgenes<\/td>\n<\/tr>\n<tr>\n<td>Domingo 5 &#8211; Lunes 6<\/td>\n<td>Casa de mis padres<\/td>\n<\/tr>\n<tr>\n<td>Martes 7 de septiembre, 9 am<\/td>\n<td>Salida para <strong>Dubl\u00edn<\/strong>.<\/td>\n<\/tr>\n<\/tbody>\n<\/table>\n","protected":false},"excerpt":{"rendered":"<p>Fecha Actividad Jueves 12 de agosto, 7.30 pm Llegada al aeropuerto El Dorado en Bogot\u00e1 Viernes 13 &#8211; S\u00e1bado 14 Con mis padres Domingo 15 &#8211; Martes 17 Visita al Santuario en Chiquinquir\u00e1 Mi\u00e9rcoles 18 Convento de Santo Domingo, Bogot\u00e1 Domingo 22 Congreso de Kejaritomene Lunes 23 &#8211; Martes 24 Villavicencio Jueves 26 &#8211; Domingo &hellip; <\/p>\n<p class=\"link-more\"><a href=\"https:\/\/fraynelson.com\/blog\/2004\/05\/15\/257\/\" class=\"more-link\">Continuar leyendo<span class=\"screen-reader-text\"> &#8220;Calendario Provisional de Visita a Colombia&#8221;<\/span><\/a><\/p>\n","protected":false},"author":1138,"featured_media":0,"comment_status":"open","ping_status":"open","sticky":false,"template":"","format":"standard","meta":{"footnotes":""},"categories":[36],"tags":[],"class_list":["post-478","post","type-post","status-publish","format-standard","hentry","category-misiones-y-retiros"],"jetpack_featured_media_url":"","_links":{"self":[{"href":"https:\/\/fraynelson.com\/blog\/wp-json\/wp\/v2\/posts\/478","targetHints":{"allow":["GET"]}}],"collection":[{"href":"https:\/\/fraynelson.com\/blog\/wp-json\/wp\/v2\/posts"}],"about":[{"href":"https:\/\/fraynelson.com\/blog\/wp-json\/wp\/v2\/types\/post"}],"author":[{"embeddable":true,"href":"https:\/\/fraynelson.com\/blog\/wp-json\/wp\/v2\/users\/1138"}],"replies":[{"embeddable":true,"href":"https:\/\/fraynelson.com\/blog\/wp-json\/wp\/v2\/comments?post=478"}],"version-history":[{"count":0,"href":"https:\/\/fraynelson.com\/blog\/wp-json\/wp\/v2\/posts\/478\/revisions"}],"wp:attachment":[{"href":"https:\/\/fraynelson.com\/blog\/wp-json\/wp\/v2\/media?parent=478"}],"wp:term":[{"taxonomy":"category","embeddable":true,"href":"https:\/\/fraynelson.com\/blog\/wp-json\/wp\/v2\/categories?post=478"},{"taxonomy":"post_tag","embeddable":true,"href":"https:\/\/fraynelson.com\/blog\/wp-json\/wp\/v2\/tags?post=478"}],"curies":[{"name":"wp","href":"https:\/\/api.w.org\/{rel}","templated":true}]}}