{"id":473,"date":"2004-05-19T12:13:00","date_gmt":"2004-05-19T17:13:00","guid":{"rendered":"1835630819"},"modified":"2005-09-20T13:33:45","modified_gmt":"2005-09-20T13:33:45","slug":"262","status":"publish","type":"post","link":"https:\/\/fraynelson.com\/blog\/2004\/05\/19\/262\/","title":{"rendered":"Una Gran Maravilla"},"content":{"rendered":"<p><img decoding=\"async\" src=\"http:\/\/fraynelson.com\/banco_imagenes\/christ.jpg\" alt=\"Te amamos, Jesucristo\" \/><\/p>\n<p>Es una gran maravilla,<\/p>\n<p>y yo no quiero olvidarlo,<\/p>\n<p>un milagro cada d\u00eda,<\/p>\n<p>que sigue siendo milagro.<\/p>\n<p><p>Se llama Eucarist\u00eda<\/p>\n<p>y es Cristo que se ha dado<\/p>\n<p>como Fuente de la Vida<\/p>\n<p>de la Luz y del Remanso.<\/p>\n<p><p>Es el Hijo de Mar\u00eda,<\/p>\n<p>es el Dios bien humanado,<\/p>\n<p>es la gracia que visita<\/p>\n<p>y el Cordero Inmaculado.<\/p>\n<p><p>Y s\u00e9 que no acabar\u00eda<\/p>\n<p>de exaltar bien a mi Amado<\/p>\n<p>ni con todas las poes\u00edas<\/p>\n<p>o los m\u00e1s hermosos cantos.<\/p>\n<p><p>En el Cielo hay tantos d\u00edas<\/p>\n<p>por un motivo muy claro:<\/p>\n<p>porque all\u00e1 nunca termina<\/p>\n<p>la alabanza a Cristo Santo.<\/p>\n<p><p>Fr. Nelson Medina, O.P.<\/p>\n<p>\n","protected":false},"excerpt":{"rendered":"<p>Es una gran maravilla, y yo no quiero olvidarlo, un milagro cada d\u00eda, que sigue siendo milagro. Se llama Eucarist\u00eda y es Cristo que se ha dado como Fuente de la Vida de la Luz y del Remanso. Es el Hijo de Mar\u00eda, es el Dios bien humanado, es la gracia que visita y el &hellip; <\/p>\n<p class=\"link-more\"><a href=\"https:\/\/fraynelson.com\/blog\/2004\/05\/19\/262\/\" class=\"more-link\">Continuar leyendo<span class=\"screen-reader-text\"> &#8220;Una Gran Maravilla&#8221;<\/span><\/a><\/p>\n","protected":false},"author":1138,"featured_media":0,"comment_status":"open","ping_status":"open","sticky":false,"template":"","format":"standard","meta":{"footnotes":""},"categories":[14],"tags":[],"class_list":["post-473","post","type-post","status-publish","format-standard","hentry","category-oraciones-y-poesias"],"jetpack_featured_media_url":"","_links":{"self":[{"href":"https:\/\/fraynelson.com\/blog\/wp-json\/wp\/v2\/posts\/473","targetHints":{"allow":["GET"]}}],"collection":[{"href":"https:\/\/fraynelson.com\/blog\/wp-json\/wp\/v2\/posts"}],"about":[{"href":"https:\/\/fraynelson.com\/blog\/wp-json\/wp\/v2\/types\/post"}],"author":[{"embeddable":true,"href":"https:\/\/fraynelson.com\/blog\/wp-json\/wp\/v2\/users\/1138"}],"replies":[{"embeddable":true,"href":"https:\/\/fraynelson.com\/blog\/wp-json\/wp\/v2\/comments?post=473"}],"version-history":[{"count":0,"href":"https:\/\/fraynelson.com\/blog\/wp-json\/wp\/v2\/posts\/473\/revisions"}],"wp:attachment":[{"href":"https:\/\/fraynelson.com\/blog\/wp-json\/wp\/v2\/media?parent=473"}],"wp:term":[{"taxonomy":"category","embeddable":true,"href":"https:\/\/fraynelson.com\/blog\/wp-json\/wp\/v2\/categories?post=473"},{"taxonomy":"post_tag","embeddable":true,"href":"https:\/\/fraynelson.com\/blog\/wp-json\/wp\/v2\/tags?post=473"}],"curies":[{"name":"wp","href":"https:\/\/api.w.org\/{rel}","templated":true}]}}