{"id":471,"date":"2004-05-21T12:05:15","date_gmt":"2004-05-21T17:05:15","guid":{"rendered":"435997413"},"modified":"2005-09-20T13:29:21","modified_gmt":"2005-09-20T13:29:21","slug":"264","status":"publish","type":"post","link":"https:\/\/fraynelson.com\/blog\/2004\/05\/21\/264\/","title":{"rendered":"Rostro de Pascua"},"content":{"rendered":"<p><img decoding=\"async\" src=\"http:\/\/fraynelson.com\/banco_imagenes\/PEOP0035.jpg\" alt=\"Salvados por la Misericordia\" \/><\/p>\n<p>&#8220;Llevas cara de contento,&#8221;<\/p>\n<p>le dec\u00edan por la ma\u00f1ana,<\/p>\n<p>y la gente preguntaba<\/p>\n<p>qu\u00e9 le pasar\u00eda de nuevo.<\/p>\n<p><p>&#8220;\u00bfGanaste, pues, la loter\u00eda,<\/p>\n<p>o encontraste tu princesa?<\/p>\n<p>Pues sonrisa y cara llevas<\/p>\n<p>como el sol que alumbra el d\u00eda.&#8221;<\/p>\n<p><p>&#8220;Otro sol he descubierto,<\/p>\n<p>&#8211;respondi\u00f3 el tan aludido&#8211;<\/p>\n<p>\u00bfme crees si yo te digo:<\/p>\n<p>que ahora vivo y era muerto?<\/p>\n<p><p>&#8220;A los pies de aquel sagrario<\/p>\n<p>encontr\u00e9 tan grande amor,<\/p>\n<p>y el Se\u00f1or, que all\u00ed me am\u00f3<\/p>\n<p>me mand\u00f3 al confesionario,<\/p>\n<p><p>&#8220;Y me habl\u00f3 como un amigo,<\/p>\n<p>me mostr\u00f3 su augusta cruz,<\/p>\n<p>me ba\u00f1\u00f3 de gracia y luz<\/p>\n<p>y me envi\u00f3 como testigo.<\/p>\n<p><p>&#8220;Y aunque todo parezca oscuro<\/p>\n<p>hay vida, y gracia, y perd\u00f3n,<\/p>\n<p>que Dios sigue siendo Dios<\/p>\n<p>aunque el mundo sea siempre mundo.&#8221;<\/p>\n<p><p>Fr. Nelson Medina F., O.P.<\/p>\n","protected":false},"excerpt":{"rendered":"<p>&#8220;Llevas cara de contento,&#8221; le dec\u00edan por la ma\u00f1ana, y la gente preguntaba qu\u00e9 le pasar\u00eda de nuevo. &#8220;\u00bfGanaste, pues, la loter\u00eda, o encontraste tu princesa? Pues sonrisa y cara llevas como el sol que alumbra el d\u00eda.&#8221; &#8220;Otro sol he descubierto, &#8211;respondi\u00f3 el tan aludido&#8211; \u00bfme crees si yo te digo: que ahora vivo &hellip; <\/p>\n<p class=\"link-more\"><a href=\"https:\/\/fraynelson.com\/blog\/2004\/05\/21\/264\/\" class=\"more-link\">Continuar leyendo<span class=\"screen-reader-text\"> &#8220;Rostro de Pascua&#8221;<\/span><\/a><\/p>\n","protected":false},"author":1138,"featured_media":0,"comment_status":"open","ping_status":"open","sticky":false,"template":"","format":"standard","meta":{"footnotes":""},"categories":[14],"tags":[],"class_list":["post-471","post","type-post","status-publish","format-standard","hentry","category-oraciones-y-poesias"],"jetpack_featured_media_url":"","_links":{"self":[{"href":"https:\/\/fraynelson.com\/blog\/wp-json\/wp\/v2\/posts\/471","targetHints":{"allow":["GET"]}}],"collection":[{"href":"https:\/\/fraynelson.com\/blog\/wp-json\/wp\/v2\/posts"}],"about":[{"href":"https:\/\/fraynelson.com\/blog\/wp-json\/wp\/v2\/types\/post"}],"author":[{"embeddable":true,"href":"https:\/\/fraynelson.com\/blog\/wp-json\/wp\/v2\/users\/1138"}],"replies":[{"embeddable":true,"href":"https:\/\/fraynelson.com\/blog\/wp-json\/wp\/v2\/comments?post=471"}],"version-history":[{"count":0,"href":"https:\/\/fraynelson.com\/blog\/wp-json\/wp\/v2\/posts\/471\/revisions"}],"wp:attachment":[{"href":"https:\/\/fraynelson.com\/blog\/wp-json\/wp\/v2\/media?parent=471"}],"wp:term":[{"taxonomy":"category","embeddable":true,"href":"https:\/\/fraynelson.com\/blog\/wp-json\/wp\/v2\/categories?post=471"},{"taxonomy":"post_tag","embeddable":true,"href":"https:\/\/fraynelson.com\/blog\/wp-json\/wp\/v2\/tags?post=471"}],"curies":[{"name":"wp","href":"https:\/\/api.w.org\/{rel}","templated":true}]}}