{"id":45218,"date":"2016-06-04T02:45:19","date_gmt":"2016-06-04T07:45:19","guid":{"rendered":"http:\/\/fraynelson.com\/blog\/?p=45218"},"modified":"2016-05-31T22:03:56","modified_gmt":"2016-06-01T03:03:56","slug":"breve-ordo-para-la-semana-del-5-al-11-de-junio-de-2016","status":"publish","type":"post","link":"https:\/\/fraynelson.com\/blog\/2016\/06\/04\/breve-ordo-para-la-semana-del-5-al-11-de-junio-de-2016\/","title":{"rendered":"Breve ordo para la semana del 5 al 11 de junio de 2016"},"content":{"rendered":"<p><em>Videos de micro-homil\u00edas para esta semana<\/em>:<\/p>\n<p>https:\/\/www.youtube.com\/playlist?list=PLRmr1_QLb8pdzTUM6iDu9P9OHLNqMOyNd<\/p>\n<hr \/>\n<p><em>Liturgia de las Horas para esta semana<\/em>:<\/p>\n<p><strong>5 de junio de 2016<\/strong>:<\/p>\n<ul>\n<li><a href=\"http:\/\/fraynelson.com\/conferencias\/oracion\/co10u.mp3\" target=\"_blank\">Primeras V\u00edsperas<\/a> (el s\u00e1bado 4 por la tarde)<\/li>\n<li><a href=\"http:\/\/fraynelson.com\/conferencias\/oracion\/comp06.mp3\" target=\"_blank\">Completas despu\u00e9s de Primeras V\u00edsperas del domingo<\/a> (el s\u00e1bado 4 por la noche)<\/li>\n<li><a href=\"http:\/\/fraynelson.com\/conferencias\/oracion\/co10a.mp3\" target=\"_blank\">Laudes<\/a><\/li>\n<li><a href=\"http:\/\/fraynelson.com\/conferencias\/oracion\/co10v.mp3\" target=\"_blank\">Segundas V\u00edsperas<\/a><\/li>\n<li><a href=\"http:\/\/fraynelson.com\/conferencias\/oracion\/comp00.mp3\" target=\"_blank\">Completas despu\u00e9s de Segundas V\u00edsperas del domingo<\/a><\/li>\n<\/ul>\n<p><strong>Lunes 6<\/strong>:<\/p>\n<ul>\n<li><a href=\"http:\/\/fraynelson.com\/conferencias\/oracion\/s021a.mp3\" target=\"_blank\">Laudes<\/a><\/li>\n<li><a href=\"http:\/\/fraynelson.com\/conferencias\/oracion\/s021v.mp3\" target=\"_blank\">V\u00edsperas<\/a><\/li>\n<li><a href=\"http:\/\/fraynelson.com\/conferencias\/oracion\/comp01.mp3\" target=\"_blank\">Completas<\/a><\/li>\n<\/ul>\n<p><strong>Martes 7<\/strong>:<\/p>\n<ul>\n<li><a href=\"http:\/\/fraynelson.com\/conferencias\/oracion\/s022a.mp3\" target=\"_blank\">Laudes<\/a><\/li>\n<li><a href=\"http:\/\/fraynelson.com\/conferencias\/oracion\/s022v.mp3\" target=\"_blank\">V\u00edsperas<\/a><\/li>\n<li><a href=\"http:\/\/fraynelson.com\/conferencias\/oracion\/comp02.mp3\" target=\"_blank\">Completas<\/a><\/li>\n<\/ul>\n<p><strong>Mi\u00e9rcoles 8<\/strong>:<\/p>\n<ul>\n<li><a href=\"http:\/\/fraynelson.com\/conferencias\/oracion\/s023a.mp3\" target=\"_blank\">Laudes<\/a><\/li>\n<li><a href=\"http:\/\/fraynelson.com\/conferencias\/oracion\/s023v.mp3\" target=\"_blank\">V\u00edsperas<\/a><\/li>\n<li><a href=\"http:\/\/fraynelson.com\/conferencias\/oracion\/comp03.mp3\" target=\"_blank\">Completas<\/a><\/li>\n<\/ul>\n<p><strong>Jueves 9<\/strong>:<\/p>\n<ul>\n<li><a href=\"http:\/\/fraynelson.com\/conferencias\/oracion\/s024a.mp3\" target=\"_blank\">Laudes<\/a><\/li>\n<li><a href=\"http:\/\/fraynelson.com\/conferencias\/oracion\/s024v.mp3\" target=\"_blank\">V\u00edsperas<\/a><\/li>\n<li><a href=\"http:\/\/fraynelson.com\/conferencias\/oracion\/comp04.mp3\" target=\"_blank\">Completas<\/a><\/li>\n<\/ul>\n<p><strong>Viernes 10<\/strong>:<\/p>\n<ul>\n<li><a href=\"http:\/\/fraynelson.com\/conferencias\/oracion\/s025a.mp3\" target=\"_blank\">Laudes<\/a><\/li>\n<li><a href=\"http:\/\/fraynelson.com\/conferencias\/oracion\/s025v.mp3\" target=\"_blank\">V\u00edsperas<\/a><\/li>\n<li><a href=\"http:\/\/fraynelson.com\/conferencias\/oracion\/comp05.mp3\" target=\"_blank\">Completas<\/a><\/li>\n<\/ul>\n<p><strong>S\u00e1bado 11<\/strong>: Memoria de San Bernab\u00e9, ap\u00f3stol<\/p>\n<ul>\n<li><a href=\"http:\/\/fraynelson.com\/conferencias\/oracion\/sbrna_s026a.mp3\" target=\"_blank\">Laudes<\/a><\/li>\n<\/ul>\n<hr \/>\n<p><img decoding=\"async\" src=\"http:\/\/fraynelson.com\/banco_imagenes\/liturgia\/cp_ordo.jpg\" alt=\"\" \/><\/p>\n","protected":false},"excerpt":{"rendered":"<p>Videos de micro-homil\u00edas para esta semana: https:\/\/www.youtube.com\/playlist?list=PLRmr1_QLb8pdzTUM6iDu9P9OHLNqMOyNd Liturgia de las Horas para esta semana: 5 de junio de 2016: Primeras V\u00edsperas (el s\u00e1bado 4 por la tarde) Completas despu\u00e9s de Primeras V\u00edsperas del domingo (el s\u00e1bado 4 por la noche) Laudes Segundas V\u00edsperas Completas despu\u00e9s de Segundas V\u00edsperas del domingo Lunes 6: Laudes V\u00edsperas Completas &hellip; <\/p>\n<p class=\"link-more\"><a href=\"https:\/\/fraynelson.com\/blog\/2016\/06\/04\/breve-ordo-para-la-semana-del-5-al-11-de-junio-de-2016\/\" class=\"more-link\">Continuar leyendo<span class=\"screen-reader-text\"> &#8220;Breve ordo para la semana del 5 al 11 de junio de 2016&#8221;<\/span><\/a><\/p>\n","protected":false},"author":1138,"featured_media":0,"comment_status":"closed","ping_status":"closed","sticky":false,"template":"","format":"standard","meta":{"footnotes":""},"categories":[291,431],"tags":[],"class_list":["post-45218","post","type-post","status-publish","format-standard","hentry","category-audio","category-liturgia"],"jetpack_featured_media_url":"","_links":{"self":[{"href":"https:\/\/fraynelson.com\/blog\/wp-json\/wp\/v2\/posts\/45218","targetHints":{"allow":["GET"]}}],"collection":[{"href":"https:\/\/fraynelson.com\/blog\/wp-json\/wp\/v2\/posts"}],"about":[{"href":"https:\/\/fraynelson.com\/blog\/wp-json\/wp\/v2\/types\/post"}],"author":[{"embeddable":true,"href":"https:\/\/fraynelson.com\/blog\/wp-json\/wp\/v2\/users\/1138"}],"replies":[{"embeddable":true,"href":"https:\/\/fraynelson.com\/blog\/wp-json\/wp\/v2\/comments?post=45218"}],"version-history":[{"count":3,"href":"https:\/\/fraynelson.com\/blog\/wp-json\/wp\/v2\/posts\/45218\/revisions"}],"predecessor-version":[{"id":45221,"href":"https:\/\/fraynelson.com\/blog\/wp-json\/wp\/v2\/posts\/45218\/revisions\/45221"}],"wp:attachment":[{"href":"https:\/\/fraynelson.com\/blog\/wp-json\/wp\/v2\/media?parent=45218"}],"wp:term":[{"taxonomy":"category","embeddable":true,"href":"https:\/\/fraynelson.com\/blog\/wp-json\/wp\/v2\/categories?post=45218"},{"taxonomy":"post_tag","embeddable":true,"href":"https:\/\/fraynelson.com\/blog\/wp-json\/wp\/v2\/tags?post=45218"}],"curies":[{"name":"wp","href":"https:\/\/api.w.org\/{rel}","templated":true}]}}