{"id":44400,"date":"2016-05-01T11:07:03","date_gmt":"2016-05-01T16:07:03","guid":{"rendered":"http:\/\/fraynelson.com\/blog\/?p=44400"},"modified":"2016-05-01T11:49:39","modified_gmt":"2016-05-01T16:49:39","slug":"aprender-a-gobernar","status":"publish","type":"post","link":"https:\/\/fraynelson.com\/blog\/2016\/05\/01\/aprender-a-gobernar\/","title":{"rendered":"Aprender a gobernar"},"content":{"rendered":"<p>Autoridad. -No consiste en que el de arriba &#8220;grite&#8221; al inferior, y \u00e9ste al de m\u00e1s abajo. Con ese criterio -caricatura de la autoridad-, aparte de la evidente falta de caridad y de correcci\u00f3n humana, s\u00f3lo se consigue que quien hace cabeza se vaya alejando de los gobernados, porque no les sirve: \u00a1todo lo m\u00e1s, los usa!<\/p>\n<p>No seas t\u00fa de \u00e9sos que, teniendo desgobernada su propia casa, intentan entrometerse en el gobierno de las casas de los dem\u00e1s.<\/p>\n<p>Pero&#8230; \u00bfde veras piensas que todo lo sabes, porque has sido constituido en autoridad? -Oyeme bien: el buen gobernante &#8220;sabe&#8221; que puede, \u00a1que debe!, aprender de los dem\u00e1s.<\/p>\n<p><a href=\"https:\/\/fraynelson.com\/blog\/categorias\/personas\/san-josemaria-escriva\/\">M\u00e1s pensamientos de San Josemar\u00eda.<\/a><\/p>\n","protected":false},"excerpt":{"rendered":"<p>Autoridad. -No consiste en que el de arriba &#8220;grite&#8221; al inferior, y \u00e9ste al de m\u00e1s abajo. Con ese criterio -caricatura de la autoridad-, aparte de la evidente falta de caridad y de correcci\u00f3n humana, s\u00f3lo se consigue que quien hace cabeza se vaya alejando de los gobernados, porque no les sirve: \u00a1todo lo m\u00e1s, &hellip; <\/p>\n<p class=\"link-more\"><a href=\"https:\/\/fraynelson.com\/blog\/2016\/05\/01\/aprender-a-gobernar\/\" class=\"more-link\">Continuar leyendo<span class=\"screen-reader-text\"> &#8220;Aprender a gobernar&#8221;<\/span><\/a><\/p>\n","protected":false},"author":1138,"featured_media":0,"comment_status":"closed","ping_status":"closed","sticky":false,"template":"","format":"standard","meta":{"footnotes":""},"categories":[445,953],"tags":[],"class_list":["post-44400","post","type-post","status-publish","format-standard","hentry","category-autoridad","category-camino-surco-forja"],"jetpack_featured_media_url":"","_links":{"self":[{"href":"https:\/\/fraynelson.com\/blog\/wp-json\/wp\/v2\/posts\/44400","targetHints":{"allow":["GET"]}}],"collection":[{"href":"https:\/\/fraynelson.com\/blog\/wp-json\/wp\/v2\/posts"}],"about":[{"href":"https:\/\/fraynelson.com\/blog\/wp-json\/wp\/v2\/types\/post"}],"author":[{"embeddable":true,"href":"https:\/\/fraynelson.com\/blog\/wp-json\/wp\/v2\/users\/1138"}],"replies":[{"embeddable":true,"href":"https:\/\/fraynelson.com\/blog\/wp-json\/wp\/v2\/comments?post=44400"}],"version-history":[{"count":2,"href":"https:\/\/fraynelson.com\/blog\/wp-json\/wp\/v2\/posts\/44400\/revisions"}],"predecessor-version":[{"id":44406,"href":"https:\/\/fraynelson.com\/blog\/wp-json\/wp\/v2\/posts\/44400\/revisions\/44406"}],"wp:attachment":[{"href":"https:\/\/fraynelson.com\/blog\/wp-json\/wp\/v2\/media?parent=44400"}],"wp:term":[{"taxonomy":"category","embeddable":true,"href":"https:\/\/fraynelson.com\/blog\/wp-json\/wp\/v2\/categories?post=44400"},{"taxonomy":"post_tag","embeddable":true,"href":"https:\/\/fraynelson.com\/blog\/wp-json\/wp\/v2\/tags?post=44400"}],"curies":[{"name":"wp","href":"https:\/\/api.w.org\/{rel}","templated":true}]}}