{"id":44316,"date":"2016-04-27T01:49:42","date_gmt":"2016-04-27T06:49:42","guid":{"rendered":"http:\/\/fraynelson.com\/blog\/?p=44316"},"modified":"2016-04-26T15:05:13","modified_gmt":"2016-04-26T20:05:13","slug":"44316","status":"publish","type":"post","link":"https:\/\/fraynelson.com\/blog\/2016\/04\/27\/44316\/","title":{"rendered":"Fiesta de Santa Catalina de Siena"},"content":{"rendered":"<p>Nuestra Iglesia Cat\u00f3lica llama &#8220;doctores,&#8221; del verbo &#8220;docere,&#8221; que, en lat\u00edn, significa &#8220;ense\u00f1ar,&#8221; a aquellos hombres o mujeres que por la santidad de su vida y la luz de su ense\u00f1anza son referencias seguras en la exposici\u00f3n de la fe y camino firme para el crecimiento espiritual de todos.<\/p>\n<p>En 1970 el Beato Papa Pablo VI declar\u00f3 a dos mujeres como &#8220;doctoras&#8221; de la Iglesia. Son ellas Santa Teresa de Jes\u00fas, la gran reformadora del Carmelo, mujer m\u00edstica y escritora de profunda inspiraci\u00f3n, y Santa Catalina de Siena, virgen dominica seglar, dotada por el Se\u00f1or con abundantes dones m\u00edsticos y con una sabidur\u00eda inmensa. La fiesta liturgica de esta consagrada del siglo XIV es precisamente el 29 de abril.<\/p>\n<p>Despu\u00e9s de Pablo VI, el Papa San Juan Pablo II declar\u00f3 doctora a Santa Teresa del Ni\u00f1o Jes\u00fas, monja carmelita francesa del siglo XIX, muy conocida por su ense\u00f1anza de la Infancia Espiritual. En tiempos m\u00e1s recientes, Benedicto XVI dio el mismo t\u00edtulo a Santa Hildegarda de Bingen, llegando as\u00ed al n\u00famero de cuatro doctoras de la Iglesia.<\/p>\n<p>En mi experiencia como creyente, como religioso dominico y como sacerdote predicador tengo una deuda enorme de gratitud con la Doctora de Siena, y as\u00ed suelo manifestarlo con frecuencia. Un buen resumen de su vida est\u00e1 <a href=\"http:\/\/www.corazones.org\/santos\/catalina_siena.htm\" target=\"_blank\">en este enlace<\/a>.<\/p>\n<p>Desde mi noviciado, en 1985, hasta la fecha presente, no ha hecho sino crecer mi admiraci\u00f3n por la obra de Dios en el coraz\u00f3n de esta mujer, que se dispuso con gran generosidad para servir a Cristo y su Iglesia en tiempos de dura tribulaci\u00f3n. Puedo decir que el testimonio de su integridad y la sabidur\u00eda de sus palabras me han marcado profundamente y si algo he de lamentar, al verme como disc\u00edpulo suyo, es que me encuentro m\u00e1s bien entre los mediocres y no entre los aprovechados. Una muestra de la profundidad de lo que ella ense\u00f1a y de c\u00f3mo se puede aprovechar puede atisbarse en <a href=\"https:\/\/www.youtube.com\/watch?v=Tx5b20vcZvo\" target=\"_blank\">este video<\/a>.<\/p>\n<p>A lo largo de los a\u00f1os he recogido algunas charlas en que trato de destacar elementos de la riqueza que el Esp\u00edritu Santo dio a Catalina. Estas charlas est\u00e1n a disposici\u00f3n de todos <a href=\"http:\/\/is.gd\/catheriniana\" target=\"_blank\">haciendo click aqu\u00ed<\/a>.<\/p>\n<p>Pido a Dios que, dej\u00e1ndonos guiar por luces tan altas y seguras, sepamos navegar los tiempos que nos han correspondido con fe, con esperanza y con amor agradecido. Am\u00e9n.<\/p>\n","protected":false},"excerpt":{"rendered":"<p>Nuestra Iglesia Cat\u00f3lica llama &#8220;doctores,&#8221; del verbo &#8220;docere,&#8221; que, en lat\u00edn, significa &#8220;ense\u00f1ar,&#8221; a aquellos hombres o mujeres que por la santidad de su vida y la luz de su ense\u00f1anza son referencias seguras en la exposici\u00f3n de la fe y camino firme para el crecimiento espiritual de todos. En 1970 el Beato Papa Pablo &hellip; <\/p>\n<p class=\"link-more\"><a href=\"https:\/\/fraynelson.com\/blog\/2016\/04\/27\/44316\/\" class=\"more-link\">Continuar leyendo<span class=\"screen-reader-text\"> &#8220;Fiesta de Santa Catalina de Siena&#8221;<\/span><\/a><\/p>\n","protected":false},"author":1138,"featured_media":0,"comment_status":"closed","ping_status":"closed","sticky":false,"template":"","format":"standard","meta":{"footnotes":""},"categories":[3,702],"tags":[],"class_list":["post-44316","post","type-post","status-publish","format-standard","hentry","category-noticias-personales","category-santa_catalina"],"jetpack_featured_media_url":"","_links":{"self":[{"href":"https:\/\/fraynelson.com\/blog\/wp-json\/wp\/v2\/posts\/44316","targetHints":{"allow":["GET"]}}],"collection":[{"href":"https:\/\/fraynelson.com\/blog\/wp-json\/wp\/v2\/posts"}],"about":[{"href":"https:\/\/fraynelson.com\/blog\/wp-json\/wp\/v2\/types\/post"}],"author":[{"embeddable":true,"href":"https:\/\/fraynelson.com\/blog\/wp-json\/wp\/v2\/users\/1138"}],"replies":[{"embeddable":true,"href":"https:\/\/fraynelson.com\/blog\/wp-json\/wp\/v2\/comments?post=44316"}],"version-history":[{"count":2,"href":"https:\/\/fraynelson.com\/blog\/wp-json\/wp\/v2\/posts\/44316\/revisions"}],"predecessor-version":[{"id":44318,"href":"https:\/\/fraynelson.com\/blog\/wp-json\/wp\/v2\/posts\/44316\/revisions\/44318"}],"wp:attachment":[{"href":"https:\/\/fraynelson.com\/blog\/wp-json\/wp\/v2\/media?parent=44316"}],"wp:term":[{"taxonomy":"category","embeddable":true,"href":"https:\/\/fraynelson.com\/blog\/wp-json\/wp\/v2\/categories?post=44316"},{"taxonomy":"post_tag","embeddable":true,"href":"https:\/\/fraynelson.com\/blog\/wp-json\/wp\/v2\/tags?post=44316"}],"curies":[{"name":"wp","href":"https:\/\/api.w.org\/{rel}","templated":true}]}}