{"id":443,"date":"2004-06-18T06:36:40","date_gmt":"2004-06-18T11:36:40","guid":{"rendered":"1731839680"},"modified":"2005-09-17T18:05:47","modified_gmt":"2005-09-17T18:05:47","slug":"292","status":"publish","type":"post","link":"https:\/\/fraynelson.com\/blog\/2004\/06\/18\/292\/","title":{"rendered":"Segundo Grupo"},"content":{"rendered":"<p>Hoy en la noche hemos empezado la segunda tanda de retiros, esta vez con nueve Hermanas (no s\u00e9 si antes dije que la primera tanda era de diez). Muchas dificultades de transporte por falta de pr\u00e1ctica en llegar al lugar o por otros motivos. No hay brotes de impaciencia, porque es algo menor comparado con el gozo del reencuentro. Muchas de ellas no tienen ocasi\u00f3n de verse con frecuencia.<\/p>\n<p><!--more--><\/p>\n<p>El tema de los retiros ha sido el mismo: Dinamismo Interior. Yo en mi ingenuidad pensaba que a este segundo grupo podr\u00edan adaptarse las reflexiones ya preparadas y dadas al primero, pero no es as\u00ed. Miro mucho los rostros, oro por ellas y percibo diferencias que marcan tambi\u00e9n un modo distinto de hablar de las mismas cosas.<\/p>\n<p>Ese es otro punto interesante: en realidad las cosas importantes son siempre las mismas y sin embargo siempre hay que escucharlas de modo nuevo. Es tal la naturaleza humana que necesita no s\u00f3lo aprender sino tambi\u00e9n recordar.<\/p>\n","protected":false},"excerpt":{"rendered":"<p>Hoy en la noche hemos empezado la segunda tanda de retiros, esta vez con nueve Hermanas (no s\u00e9 si antes dije que la primera tanda era de diez). Muchas dificultades de transporte por falta de pr\u00e1ctica en llegar al lugar o por otros motivos. No hay brotes de impaciencia, porque es algo menor comparado con &hellip; <\/p>\n<p class=\"link-more\"><a href=\"https:\/\/fraynelson.com\/blog\/2004\/06\/18\/292\/\" class=\"more-link\">Continuar leyendo<span class=\"screen-reader-text\"> &#8220;Segundo Grupo&#8221;<\/span><\/a><\/p>\n","protected":false},"author":1138,"featured_media":0,"comment_status":"open","ping_status":"open","sticky":false,"template":"","format":"standard","meta":{"footnotes":""},"categories":[36],"tags":[],"class_list":["post-443","post","type-post","status-publish","format-standard","hentry","category-misiones-y-retiros"],"jetpack_featured_media_url":"","_links":{"self":[{"href":"https:\/\/fraynelson.com\/blog\/wp-json\/wp\/v2\/posts\/443","targetHints":{"allow":["GET"]}}],"collection":[{"href":"https:\/\/fraynelson.com\/blog\/wp-json\/wp\/v2\/posts"}],"about":[{"href":"https:\/\/fraynelson.com\/blog\/wp-json\/wp\/v2\/types\/post"}],"author":[{"embeddable":true,"href":"https:\/\/fraynelson.com\/blog\/wp-json\/wp\/v2\/users\/1138"}],"replies":[{"embeddable":true,"href":"https:\/\/fraynelson.com\/blog\/wp-json\/wp\/v2\/comments?post=443"}],"version-history":[{"count":0,"href":"https:\/\/fraynelson.com\/blog\/wp-json\/wp\/v2\/posts\/443\/revisions"}],"wp:attachment":[{"href":"https:\/\/fraynelson.com\/blog\/wp-json\/wp\/v2\/media?parent=443"}],"wp:term":[{"taxonomy":"category","embeddable":true,"href":"https:\/\/fraynelson.com\/blog\/wp-json\/wp\/v2\/categories?post=443"},{"taxonomy":"post_tag","embeddable":true,"href":"https:\/\/fraynelson.com\/blog\/wp-json\/wp\/v2\/tags?post=443"}],"curies":[{"name":"wp","href":"https:\/\/api.w.org\/{rel}","templated":true}]}}