{"id":442,"date":"2004-06-19T07:02:09","date_gmt":"2004-06-19T12:02:09","guid":{"rendered":"1291236489"},"modified":"2005-09-17T18:05:31","modified_gmt":"2005-09-17T18:05:31","slug":"293","status":"publish","type":"post","link":"https:\/\/fraynelson.com\/blog\/2004\/06\/19\/293\/","title":{"rendered":"Dinamismo Interior y Descanso"},"content":{"rendered":"<p>En el caso de este retiro, el \u00e9nfasis ha ido por el lado del descanso. La verdad, a cada paso me acuerdo del verbo descansar y de lo que me comentaba una amiga cuando prediqu\u00e9 por primera vez ese verbo. Ella me dijo que yo sab\u00eda hablar del descanso pero no sab\u00eda descansar. Quiz\u00e1 ten\u00eda raz\u00f3n, o todav\u00eda la siga teniendo&#8230;<\/p>\n<p><!--more--><\/p>\n<p>Lo cierto del caso es que sigue siendo maravilloso ver el don de la palabra. Decididamente amo la predicaci\u00f3n. Me parece fant\u00e1stico que la vida puede recibir luz, sanaci\u00f3n, esperanza y fortaleza con la gracia de la Palabra. Pero claro, no es la palabra sola, no es el argumento desnudo. Yo personalmente, bien consciente de mis miserias, pido a Dios que mire a trav\u00e9s de mis ojos y que \u00e9l mismo d\u00e9 de su mismo amor a quienes le necesitan. Porque s\u00e9 que el necesario es \u00e9l y no yo.<\/p>\n<p>Desde esa perspectiva, el tema del descanso adquiere un aspecto muy sugestivo: no podemos vivir bajo el signo del puro y solo &#8220;deber&#8221; o sobre la base de lo que &#8220;hay-que.&#8221; Necesitamos, como dijo Pedro, &#8220;arrojar&#8221; en \u00e9l todas nuestras preocupaciones. Nadie puede vivir acumulando angustias, temores, heridas&#8230;<\/p>\n<p>Y es un hecho que quienes no tenemos pareja ni hijos corremos el riesgo de &#8220;acumular&#8221; muchas cosas, precisamente por la imposibilidad de comentarlas. Este riesgo se hace mayor cuando est\u00e1s en una cultura distinta y quiz\u00e1 incluso en un idioma distinto. Por eso el tema del descanso llega muy bien. Deliciosamente bien \ud83d\ude42<\/p>\n","protected":false},"excerpt":{"rendered":"<p>En el caso de este retiro, el \u00e9nfasis ha ido por el lado del descanso. La verdad, a cada paso me acuerdo del verbo descansar y de lo que me comentaba una amiga cuando prediqu\u00e9 por primera vez ese verbo. Ella me dijo que yo sab\u00eda hablar del descanso pero no sab\u00eda descansar. Quiz\u00e1 ten\u00eda &hellip; <\/p>\n<p class=\"link-more\"><a href=\"https:\/\/fraynelson.com\/blog\/2004\/06\/19\/293\/\" class=\"more-link\">Continuar leyendo<span class=\"screen-reader-text\"> &#8220;Dinamismo Interior y Descanso&#8221;<\/span><\/a><\/p>\n","protected":false},"author":1138,"featured_media":0,"comment_status":"open","ping_status":"open","sticky":false,"template":"","format":"standard","meta":{"footnotes":""},"categories":[36],"tags":[],"class_list":["post-442","post","type-post","status-publish","format-standard","hentry","category-misiones-y-retiros"],"jetpack_featured_media_url":"","_links":{"self":[{"href":"https:\/\/fraynelson.com\/blog\/wp-json\/wp\/v2\/posts\/442","targetHints":{"allow":["GET"]}}],"collection":[{"href":"https:\/\/fraynelson.com\/blog\/wp-json\/wp\/v2\/posts"}],"about":[{"href":"https:\/\/fraynelson.com\/blog\/wp-json\/wp\/v2\/types\/post"}],"author":[{"embeddable":true,"href":"https:\/\/fraynelson.com\/blog\/wp-json\/wp\/v2\/users\/1138"}],"replies":[{"embeddable":true,"href":"https:\/\/fraynelson.com\/blog\/wp-json\/wp\/v2\/comments?post=442"}],"version-history":[{"count":0,"href":"https:\/\/fraynelson.com\/blog\/wp-json\/wp\/v2\/posts\/442\/revisions"}],"wp:attachment":[{"href":"https:\/\/fraynelson.com\/blog\/wp-json\/wp\/v2\/media?parent=442"}],"wp:term":[{"taxonomy":"category","embeddable":true,"href":"https:\/\/fraynelson.com\/blog\/wp-json\/wp\/v2\/categories?post=442"},{"taxonomy":"post_tag","embeddable":true,"href":"https:\/\/fraynelson.com\/blog\/wp-json\/wp\/v2\/tags?post=442"}],"curies":[{"name":"wp","href":"https:\/\/api.w.org\/{rel}","templated":true}]}}