{"id":42674,"date":"2016-02-20T02:51:42","date_gmt":"2016-02-20T07:51:42","guid":{"rendered":"http:\/\/fraynelson.com\/blog\/?p=42674"},"modified":"2016-02-19T22:59:41","modified_gmt":"2016-02-20T03:59:41","slug":"en-que-consiste-la-genuina-radicalidad-cristiana","status":"publish","type":"post","link":"https:\/\/fraynelson.com\/blog\/2016\/02\/20\/en-que-consiste-la-genuina-radicalidad-cristiana\/","title":{"rendered":"\u00bfEn qu\u00e9 consiste la genuina radicalidad cristiana?"},"content":{"rendered":"<p>Cuatro elementos sobre la genuina radicalidad cristiana en el cap\u00edtulo 5 de San Mateo:<\/p>\n<p>1. Cuida tu coraz\u00f3n: que Dios lo pueda visitar y sentirse gusto en \u00e9l siempre.<\/p>\n<p>2. Vigila tus palabras; seg\u00fan el consejo de Santa Catalina de Siena, habla s\u00f3lo para dar gloria a Dios, edificar al pr\u00f3jimo o acusar tus pecados.<\/p>\n<p>3. Jam\u00e1s separes el amor a Dios y el amor al pr\u00f3jimo: ni para encerrarte en una piedad c\u00f3moda ni para imaginar que el Evangelio se limita a promoci\u00f3n humana y social.<\/p>\n<p>4. No aplaces la hora Dios, ninguna de sus horas y gracias, en tu vida.<\/p>\n<div class=\"powerpress_player\" id=\"powerpress_player_9379\"><audio class=\"wp-audio-shortcode\" id=\"audio-42674-1\" preload=\"none\" style=\"width: 100%;\" controls=\"controls\"><source type=\"audio\/mpeg\" src=\"http:\/\/traffic.libsyn.com\/fraynelson\/k015013a.mp3?_=1\" \/><a href=\"http:\/\/traffic.libsyn.com\/fraynelson\/k015013a.mp3\">http:\/\/traffic.libsyn.com\/fraynelson\/k015013a.mp3<\/a><\/audio><\/div>\n","protected":false},"excerpt":{"rendered":"<p>Cuatro elementos sobre la genuina radicalidad cristiana en el cap\u00edtulo 5 de San Mateo: 1. Cuida tu coraz\u00f3n: que Dios lo pueda visitar y sentirse gusto en \u00e9l siempre. 2. Vigila tus palabras; seg\u00fan el consejo de Santa Catalina de Siena, habla s\u00f3lo para dar gloria a Dios, edificar al pr\u00f3jimo o acusar tus pecados. &hellip; <\/p>\n<p class=\"link-more\"><a href=\"https:\/\/fraynelson.com\/blog\/2016\/02\/20\/en-que-consiste-la-genuina-radicalidad-cristiana\/\" class=\"more-link\">Continuar leyendo<span class=\"screen-reader-text\"> &#8220;\u00bfEn qu\u00e9 consiste la genuina radicalidad cristiana?&#8221;<\/span><\/a><\/p>\n","protected":false},"author":1138,"featured_media":0,"comment_status":"closed","ping_status":"closed","sticky":false,"template":"","format":"standard","meta":{"footnotes":""},"categories":[291,322,307,344],"tags":[],"class_list":["post-42674","post","type-post","status-publish","format-standard","hentry","category-audio","category-conversion","category-homilias","category-vida_cristiana"],"jetpack_featured_media_url":"","_links":{"self":[{"href":"https:\/\/fraynelson.com\/blog\/wp-json\/wp\/v2\/posts\/42674","targetHints":{"allow":["GET"]}}],"collection":[{"href":"https:\/\/fraynelson.com\/blog\/wp-json\/wp\/v2\/posts"}],"about":[{"href":"https:\/\/fraynelson.com\/blog\/wp-json\/wp\/v2\/types\/post"}],"author":[{"embeddable":true,"href":"https:\/\/fraynelson.com\/blog\/wp-json\/wp\/v2\/users\/1138"}],"replies":[{"embeddable":true,"href":"https:\/\/fraynelson.com\/blog\/wp-json\/wp\/v2\/comments?post=42674"}],"version-history":[{"count":3,"href":"https:\/\/fraynelson.com\/blog\/wp-json\/wp\/v2\/posts\/42674\/revisions"}],"predecessor-version":[{"id":42678,"href":"https:\/\/fraynelson.com\/blog\/wp-json\/wp\/v2\/posts\/42674\/revisions\/42678"}],"wp:attachment":[{"href":"https:\/\/fraynelson.com\/blog\/wp-json\/wp\/v2\/media?parent=42674"}],"wp:term":[{"taxonomy":"category","embeddable":true,"href":"https:\/\/fraynelson.com\/blog\/wp-json\/wp\/v2\/categories?post=42674"},{"taxonomy":"post_tag","embeddable":true,"href":"https:\/\/fraynelson.com\/blog\/wp-json\/wp\/v2\/tags?post=42674"}],"curies":[{"name":"wp","href":"https:\/\/api.w.org\/{rel}","templated":true}]}}