{"id":42660,"date":"2016-02-21T01:40:00","date_gmt":"2016-02-21T06:40:00","guid":{"rendered":"http:\/\/fraynelson.com\/blog\/?p=42660"},"modified":"2016-02-19T15:58:17","modified_gmt":"2016-02-19T20:58:17","slug":"nuevo-caso-de-manipulacion-de-las-palabras-del-papa-francisco","status":"publish","type":"post","link":"https:\/\/fraynelson.com\/blog\/2016\/02\/21\/nuevo-caso-de-manipulacion-de-las-palabras-del-papa-francisco\/","title":{"rendered":"Nuevo caso de manipulaci\u00f3n de las palabras del Papa Francisco"},"content":{"rendered":"<p>Los medios de comunicaci\u00f3n se apresuraron a decir que el Papa autorizaba el uso de anticonceptivos para evitar la propagaci\u00f3n del zika. Es urgente que cada vez que oigas cosas as\u00ed vayas a las fuentes. La agencia de noticias del Vaticano (news.va) trae la <a href=\"http:\/\/www.news.va\/es\/news\/dialogo-del-papa-con-los-periodista-en-el-vuelo-de\" target=\"_blanck\">transcripci\u00f3n completa<\/a> del di\u00e1logo del Papa con los periodistas en su vuelo de regreso a Roma despu\u00e9s de su viaje apost\u00f3lico a M\u00e9xico.<\/p>\n<p>En particular, lo que dijo el Papa es que no es comparable el da\u00f1o de evitar un embarazo con el da\u00f1o de eliminar a un ser humano. Y dijo que en circunstancias EXTREMAS, como por ejemplo: religiosas en peligro continuo y cercano de violaci\u00f3n, cabe el uso de anticonceptivos. Esto no es invenci\u00f3n ni magisterio de Francisco sino del Beato Papa Pablo VI. Ahora bien: \u00bfes comparable la situaci\u00f3n de una pareja que vive en su casa amenazada de mosquitos y la situaci\u00f3n de religiosas misioneras en riesgo inminente y continuo de ser violadas por tribus salvajes? \u00bfSe entiende ahora c\u00f3mo los medios de comunicaci\u00f3n han manipulado lo dicho por el Papa?<\/p>\n","protected":false},"excerpt":{"rendered":"<p>Los medios de comunicaci\u00f3n se apresuraron a decir que el Papa autorizaba el uso de anticonceptivos para evitar la propagaci\u00f3n del zika. Es urgente que cada vez que oigas cosas as\u00ed vayas a las fuentes. La agencia de noticias del Vaticano (news.va) trae la transcripci\u00f3n completa del di\u00e1logo del Papa con los periodistas en su &hellip; <\/p>\n<p class=\"link-more\"><a href=\"https:\/\/fraynelson.com\/blog\/2016\/02\/21\/nuevo-caso-de-manipulacion-de-las-palabras-del-papa-francisco\/\" class=\"more-link\">Continuar leyendo<span class=\"screen-reader-text\"> &#8220;Nuevo caso de manipulaci\u00f3n de las palabras del Papa Francisco&#8221;<\/span><\/a><\/p>\n","protected":false},"author":1138,"featured_media":0,"comment_status":"closed","ping_status":"closed","sticky":false,"template":"","format":"standard","meta":{"footnotes":""},"categories":[1063],"tags":[],"class_list":["post-42660","post","type-post","status-publish","format-standard","hentry","category-papa-francisco"],"jetpack_featured_media_url":"","_links":{"self":[{"href":"https:\/\/fraynelson.com\/blog\/wp-json\/wp\/v2\/posts\/42660","targetHints":{"allow":["GET"]}}],"collection":[{"href":"https:\/\/fraynelson.com\/blog\/wp-json\/wp\/v2\/posts"}],"about":[{"href":"https:\/\/fraynelson.com\/blog\/wp-json\/wp\/v2\/types\/post"}],"author":[{"embeddable":true,"href":"https:\/\/fraynelson.com\/blog\/wp-json\/wp\/v2\/users\/1138"}],"replies":[{"embeddable":true,"href":"https:\/\/fraynelson.com\/blog\/wp-json\/wp\/v2\/comments?post=42660"}],"version-history":[{"count":1,"href":"https:\/\/fraynelson.com\/blog\/wp-json\/wp\/v2\/posts\/42660\/revisions"}],"predecessor-version":[{"id":42661,"href":"https:\/\/fraynelson.com\/blog\/wp-json\/wp\/v2\/posts\/42660\/revisions\/42661"}],"wp:attachment":[{"href":"https:\/\/fraynelson.com\/blog\/wp-json\/wp\/v2\/media?parent=42660"}],"wp:term":[{"taxonomy":"category","embeddable":true,"href":"https:\/\/fraynelson.com\/blog\/wp-json\/wp\/v2\/categories?post=42660"},{"taxonomy":"post_tag","embeddable":true,"href":"https:\/\/fraynelson.com\/blog\/wp-json\/wp\/v2\/tags?post=42660"}],"curies":[{"name":"wp","href":"https:\/\/api.w.org\/{rel}","templated":true}]}}