{"id":42056,"date":"2016-01-29T18:48:04","date_gmt":"2016-01-29T23:48:04","guid":{"rendered":"http:\/\/fraynelson.com\/blog\/?p=42056"},"modified":"2016-01-29T18:54:43","modified_gmt":"2016-01-29T23:54:43","slug":"la-libertad-religiosa-un-derecho-humano-fundamental","status":"publish","type":"post","link":"https:\/\/fraynelson.com\/blog\/2016\/01\/29\/la-libertad-religiosa-un-derecho-humano-fundamental\/","title":{"rendered":"La libertad religiosa, un derecho humano fundamental"},"content":{"rendered":"<p><strong> 421 <\/strong><em>El Concilio Vaticano II ha comprometido a la Iglesia Cat\u00f3lica en la promoci\u00f3n de la libertad religiosa.<\/em> La Declaraci\u00f3n \u00ab <em>Dignitatis humanae<\/em> \u00bb precisa en el subt\u00edtulo que pretende proclamar \u00ab el derecho de la persona y de las comunidades a la libertad social y civil en materia religiosa \u00bb. Para que esta libertad, querida por Dios e inscrita en la naturaleza humana, pueda ejercerse, no debe ser obstaculizada, dado que \u00ab la verdad no se impone de otra manera que por la fuerza de la misma verdad \u00bb.<sup>857<\/sup> La dignidad de la persona y la naturaleza misma de la b\u00fasqueda de Dios, exigen para todos los hombres la inmunidad frente a cualquier coacci\u00f3n en el campo religioso.<sup>858<\/sup> La sociedad y el Estado no deben constre\u00f1ir a una persona a actuar contra su conciencia, ni impedirle actuar conforme a ella.<sup>859<\/sup> La libertad religiosa no supone una licencia moral para adherir al error, ni un impl\u00edcito derecho al error.<sup>860<\/sup><\/p>\n<p><strong> 422 <\/strong><em>La libertad de conciencia y de religi\u00f3n \u00ab corresponde al hombre individual y socialmente considerado \u00bb<\/em>.<sup>861<\/sup> El derecho a la libertad religiosa debe ser reconocido en el ordenamiento jur\u00eddico y sancionado como derecho civil.<sup>862<\/sup> Sin embargo, no es de por s\u00ed un derecho ilimitado. Los<em> justos l\u00edmites<\/em> al ejercicio de la libertad religiosa deben ser determinados para cada situaci\u00f3n social mediante la prudencia pol\u00edtica, seg\u00fan las exigencias del bien com\u00fan, y ratificados por la autoridad civil mediante normas jur\u00eddicas conformes al orden moral objetivo. Son normas exigidas \u00ab por la tutela eficaz, en favor de todos los ciudadanos, de estos derechos, y por la pac\u00edfica composici\u00f3n de tales derechos; por la adecuada promoci\u00f3n de esa honesta paz p\u00fablica, que es la ordenada convivencia en la verdadera justicia; y por la debida custodia de la moralidad p\u00fablica \u00bb.<sup>863<\/sup><\/p>\n<p><strong> 423 <\/strong><em>En raz\u00f3n de sus v\u00ednculos hist\u00f3ricos y culturales con una Naci\u00f3n, una comunidad religiosa puede recibir un especial reconocimiento por parte del Estado: este reconocimiento no debe, en modo alguno, generar una discriminaci\u00f3n de orden civil o social respecto a otros grupos religiosos<\/em>.<sup>864<\/sup> La visi\u00f3n de las relaciones entre los Estados y las organizaciones religiosas, promovida por el Concilio Vaticano II, corresponde a las exigencias del Estado de derecho y a las normas del derecho internacional.<sup>865<\/sup> La Iglesia es perfectamente consciente de que no todos comparten esta visi\u00f3n: por desgracia, \u00ab numerosos Estados violan este derecho [a la libertad religiosa], hasta tal punto que dar, hacer dar la catequesis o recibirla llega a ser un delito susceptible de sanci\u00f3n \u00bb.<sup>866<\/sup><\/p>\n<p><strong>NOTAS para esta secci\u00f3n<\/strong><\/p>\n<p><sup>857<\/sup>Concilio Vaticano II, Decl. <em>Dignitatis humanae, <\/em>1: AAS 58 (1966) 929.<\/p>\n<p><sup>858<\/sup>Cf. Concilio Vaticano II, Decl. <em>Dignitatis humanae,<\/em> 2: AAS 58 (1966) 930-931;<em> Catecismo de la Iglesia Cat\u00f3lica, <\/em>2106.<\/p>\n<p><sup>859<\/sup>Cf. Concilio Vaticano II, Decl. <em>Dignitatis humanae, <\/em>3: AAS 58 (1966) 931-932.<\/p>\n<p><sup>860<\/sup>Cf.<em> Catecismo de la Iglesia Cat\u00f3lica, <\/em> 2108.<\/p>\n<p><sup>861<\/sup><em>Catecismo de la Iglesia Cat\u00f3lica, <\/em>2105.<\/p>\n<p><sup>862<\/sup>Cf. Concilio Vaticano II, Decl. <em>Dignitatis humanae,<\/em> 2: AAS 58 (1966) 930-931;<em> Catecismo de la Iglesia Cat\u00f3lica, <\/em>2108.<\/p>\n<p><sup>863<\/sup>Concilio Vaticano II, Decl.<em> Dignitatis humanae,<\/em> 7: AAS 58 (1966) 935; cf.<em> Catecismo de la Iglesia Cat\u00f3lica, <\/em> 2109.<\/p>\n<p><sup>864<\/sup>Cf. Concilio Vaticano II, Decl. <em>Dignitatis humanae,<\/em> 6: AAS 58 (1966) 933-934;<em> Catecismo de la Iglesia Cat\u00f3lica, <\/em>2107.<\/p>\n<p><sup>865<\/sup>Cf. Juan Pablo II,<em> Mensaje para la Jornada Mundial de la Paz 1999,<\/em> 5: AAS 91 (1999) 380-381.<\/p>\n<p><sup>866<\/sup>Juan Pablo II, Exh. ap<em>. Catechesi tradendae,<\/em> 14: AAS 71 (1979) 1289.<\/p>\n<hr \/>\n<p><em>Este Compendio se publica \u00edntegramente, por entregas, <a href=\"https:\/\/fraynelson.com\/blog\/categorias\/iglesia-catolica\/biblioteca-vaticana\/compendio-de-doctrina-social\/?order=ASC\">aqu\u00ed<\/a>.<\/em><\/p>\n","protected":false},"excerpt":{"rendered":"<p>421 El Concilio Vaticano II ha comprometido a la Iglesia Cat\u00f3lica en la promoci\u00f3n de la libertad religiosa. La Declaraci\u00f3n \u00ab Dignitatis humanae \u00bb precisa en el subt\u00edtulo que pretende proclamar \u00ab el derecho de la persona y de las comunidades a la libertad social y civil en materia religiosa \u00bb. Para que esta libertad, &hellip; <\/p>\n<p class=\"link-more\"><a href=\"https:\/\/fraynelson.com\/blog\/2016\/01\/29\/la-libertad-religiosa-un-derecho-humano-fundamental\/\" class=\"more-link\">Continuar leyendo<span class=\"screen-reader-text\"> &#8220;La libertad religiosa, un derecho humano fundamental&#8221;<\/span><\/a><\/p>\n","protected":false},"author":1138,"featured_media":0,"comment_status":"closed","ping_status":"closed","sticky":false,"template":"","format":"standard","meta":{"footnotes":""},"categories":[1050,660,412],"tags":[],"class_list":["post-42056","post","type-post","status-publish","format-standard","hentry","category-compendio-de-doctrina-social","category-conciencia","category-libertad"],"jetpack_featured_media_url":"","_links":{"self":[{"href":"https:\/\/fraynelson.com\/blog\/wp-json\/wp\/v2\/posts\/42056","targetHints":{"allow":["GET"]}}],"collection":[{"href":"https:\/\/fraynelson.com\/blog\/wp-json\/wp\/v2\/posts"}],"about":[{"href":"https:\/\/fraynelson.com\/blog\/wp-json\/wp\/v2\/types\/post"}],"author":[{"embeddable":true,"href":"https:\/\/fraynelson.com\/blog\/wp-json\/wp\/v2\/users\/1138"}],"replies":[{"embeddable":true,"href":"https:\/\/fraynelson.com\/blog\/wp-json\/wp\/v2\/comments?post=42056"}],"version-history":[{"count":2,"href":"https:\/\/fraynelson.com\/blog\/wp-json\/wp\/v2\/posts\/42056\/revisions"}],"predecessor-version":[{"id":42063,"href":"https:\/\/fraynelson.com\/blog\/wp-json\/wp\/v2\/posts\/42056\/revisions\/42063"}],"wp:attachment":[{"href":"https:\/\/fraynelson.com\/blog\/wp-json\/wp\/v2\/media?parent=42056"}],"wp:term":[{"taxonomy":"category","embeddable":true,"href":"https:\/\/fraynelson.com\/blog\/wp-json\/wp\/v2\/categories?post=42056"},{"taxonomy":"post_tag","embeddable":true,"href":"https:\/\/fraynelson.com\/blog\/wp-json\/wp\/v2\/tags?post=42056"}],"curies":[{"name":"wp","href":"https:\/\/api.w.org\/{rel}","templated":true}]}}