{"id":42044,"date":"2016-01-28T01:48:30","date_gmt":"2016-01-28T06:48:30","guid":{"rendered":"http:\/\/fraynelson.com\/blog\/?p=42044"},"modified":"2016-01-27T22:55:26","modified_gmt":"2016-01-28T03:55:26","slug":"sobre-el-por-que-de-la-cruz","status":"publish","type":"post","link":"https:\/\/fraynelson.com\/blog\/2016\/01\/28\/sobre-el-por-que-de-la-cruz\/","title":{"rendered":"Sobre el por qu\u00e9 de la Cruz"},"content":{"rendered":"<p>No hay un proyecto, o una idea, o un ideal que no implique en su presupuesto el sufrimiento, entendiendo que en alg\u00fan momento del camino tendr\u00e1s que hacer uso de tu fortaleza para seguir, que no todo ser\u00e1 una alfombra mullida y llevadera.<\/p>\n<p>De por s\u00ed es inevitable al trabajar y convivir con otras personas el causar o recibir un da\u00f1o consciente o inconsciente entre los que estamos inmiscuidos con toda nuestra humanidad de por medio.<\/p>\n<p>Quede claro que el sacrificio de Jes\u00fas en la Cruz dej\u00f3 pagado todo, no se debe nada, la Salvaci\u00f3n se logr\u00f3 y punto, eso est\u00e1 saldado. Lo que s\u00ed es tambi\u00e9n un hecho, es que al aceptar ser parte del Coraz\u00f3n de Dios, al adherirte con toda tu alma a la gran Misi\u00f3n de ser Iglesia, en autom\u00e1tico entras tambi\u00e9n en el tener que pasar por todo lo que implica ser parte de ello, las luchas, los cansancios, las decepciones, en fin&#8230; los sufrimientos, padecimientos, la aflicciones que son de Cristo y ahora compartes con \u00c9l.<\/p>\n<p>[<em>Adaptado del <a href=\"http:\/\/tinvalro.macmate.me\/tinvalro.macmate.me\/Bienvenida.html\" target=\"_blank\">blog de Mart\u00edn Valverde<\/a><\/em>.]<\/p>\n","protected":false},"excerpt":{"rendered":"<p>No hay un proyecto, o una idea, o un ideal que no implique en su presupuesto el sufrimiento, entendiendo que en alg\u00fan momento del camino tendr\u00e1s que hacer uso de tu fortaleza para seguir, que no todo ser\u00e1 una alfombra mullida y llevadera. De por s\u00ed es inevitable al trabajar y convivir con otras personas &hellip; <\/p>\n<p class=\"link-more\"><a href=\"https:\/\/fraynelson.com\/blog\/2016\/01\/28\/sobre-el-por-que-de-la-cruz\/\" class=\"more-link\">Continuar leyendo<span class=\"screen-reader-text\"> &#8220;Sobre el por qu\u00e9 de la Cruz&#8221;<\/span><\/a><\/p>\n","protected":false},"author":1138,"featured_media":0,"comment_status":"closed","ping_status":"closed","sticky":false,"template":"","format":"standard","meta":{"footnotes":""},"categories":[316,676,29,64],"tags":[],"class_list":["post-42044","post","type-post","status-publish","format-standard","hentry","category-cruz","category-cruz-de-jesus","category-meditaciones","category-relatos-edificantes"],"jetpack_featured_media_url":"","_links":{"self":[{"href":"https:\/\/fraynelson.com\/blog\/wp-json\/wp\/v2\/posts\/42044","targetHints":{"allow":["GET"]}}],"collection":[{"href":"https:\/\/fraynelson.com\/blog\/wp-json\/wp\/v2\/posts"}],"about":[{"href":"https:\/\/fraynelson.com\/blog\/wp-json\/wp\/v2\/types\/post"}],"author":[{"embeddable":true,"href":"https:\/\/fraynelson.com\/blog\/wp-json\/wp\/v2\/users\/1138"}],"replies":[{"embeddable":true,"href":"https:\/\/fraynelson.com\/blog\/wp-json\/wp\/v2\/comments?post=42044"}],"version-history":[{"count":2,"href":"https:\/\/fraynelson.com\/blog\/wp-json\/wp\/v2\/posts\/42044\/revisions"}],"predecessor-version":[{"id":42046,"href":"https:\/\/fraynelson.com\/blog\/wp-json\/wp\/v2\/posts\/42044\/revisions\/42046"}],"wp:attachment":[{"href":"https:\/\/fraynelson.com\/blog\/wp-json\/wp\/v2\/media?parent=42044"}],"wp:term":[{"taxonomy":"category","embeddable":true,"href":"https:\/\/fraynelson.com\/blog\/wp-json\/wp\/v2\/categories?post=42044"},{"taxonomy":"post_tag","embeddable":true,"href":"https:\/\/fraynelson.com\/blog\/wp-json\/wp\/v2\/tags?post=42044"}],"curies":[{"name":"wp","href":"https:\/\/api.w.org\/{rel}","templated":true}]}}