{"id":417,"date":"2004-07-14T03:18:54","date_gmt":"2004-07-14T08:18:54","guid":{"rendered":"1140577745"},"modified":"2005-09-16T07:34:00","modified_gmt":"2005-09-16T07:34:00","slug":"318","status":"publish","type":"post","link":"https:\/\/fraynelson.com\/blog\/2004\/07\/14\/318\/","title":{"rendered":"\u00bfAtrapados en el presente?"},"content":{"rendered":"<p>De una cosa he quedado vivamente convencido a ra\u00edz de mi viaje por Espa\u00f1a e Italia: estos queridos europeos saben disfrutar la vida. No lo digo de un modo superficial; no aludo simplemente a la comodidad que pueda tener un hotel, el refinado sabor de una comida o la luz deslumbrante de una playa en verano. Disfrutar no es algo que se queda en lo que la vida ofrece sino que tiene que ver con una serie de actitudes internas y de planes y resoluciones previas. De hecho, uno encuentra personas que &#8220;objetivamente&#8221; tendr\u00edan mucho para disfrutar pero que no logran sentirse contentas con lo que tienen.<\/p>\n<p><!--more--><\/p>\n<p>Caminando, en cambio, por el Madrid de la noche o por las calles laber\u00ednticas de la Roma milenaria, uno ve gente que cumple con entusiasmo el mandato de Nietzsche: son &#8220;fieles a la tierra.&#8221; Y fieles tambi\u00e9n a Kant, y a la &#8220;mayor\u00eda de edad&#8221;: nadie puede guiarte m\u00e1s all\u00e1 de tu decisi\u00f3n. Y fieles a Sartre: no hay esencias, sino s\u00f3lo existencias. Ser\u00e1s lo que hagas de ti.<\/p>\n<p>Pero sobre todo: son fieles al presente. Yo, como extranjero, siento casi con pavor el ritmo de ciertas noticias que no parecen alterar a los nacidos en este continente. Hace unos d\u00edas sali\u00f3 en primera plana de un diario italiano que en cierto colegio p\u00fablico de Mil\u00e1n todos los ni\u00f1os de un cierto curso eran musulmanes. Entre tanto, la mayor parte de las italianas j\u00f3venes temen que tener un hijo (\u00a1no se hable de m\u00e1s de uno!) arruine para siempre todo lo que han hecho por su piel. Y yo me pregunto con toda ingenuidad: \u00bfser\u00e1n especialmente amables los musulmanes que sirvan de gu\u00edas tur\u00edsticos entre los monumentos cat\u00f3licos de Roma o de Florencia? Y sin embargo, la cosa no parece interesarle m\u00e1s que a unos pocos escritores o pensadores que de inmediato son tachados de &#8220;ultraderecha&#8221;&#8230;<\/p>\n<p>En el caso de las comunidades religiosas hay cifras que ya no son escandalosas sino definitivas. La muerte ha sido decretada ya sobre un n\u00famero de comunidades, sobre todo femeninas, que de hecho ya no reciben vocaciones porque no tienen c\u00f3mo formarlas. Otras, en cambio, ponen su esperanza en chicas africanas, latinoamericanas, filipinas o indias. En Inglaterra hace tiempos que no es noticia que una iglesia (usualmente anglicana, por razones obvias) cambie su uso y se convierta en hotel, galer\u00eda de arte, auditorio o incluso restaurante o discoteca. Es de muy mal gusto, sin embargo, opinar sobre ello, y menos a\u00fan hacerlo p\u00fablicamente.<\/p>\n<p>Los hilos de la familia, de la fe y de la herencia cultural se deshacen en hilachas que poco importan o poco parecen importar a millones de hombres y mujeres que est\u00e1n muy ocupados ganando dinero en oto\u00f1o, invierno y primavera, y gast\u00e1ndolo en verano. Son civilizados; a menudo, atentos; m\u00e1s de una vez cordiales. Pero sus ojos est\u00e1n en el aqu\u00ed y el ahora. Los veo atrapados en el presente. Temo que despierten demasiado tarde.<\/p>\n<p>No puedo negar que amo a Europa y que me importa, porque culturalmente mi pueblo se debe en primer lugar a lo que ha recibido de todos estos pa\u00edses, empezando por Espa\u00f1a.<\/p>\n","protected":false},"excerpt":{"rendered":"<p>De una cosa he quedado vivamente convencido a ra\u00edz de mi viaje por Espa\u00f1a e Italia: estos queridos europeos saben disfrutar la vida. No lo digo de un modo superficial; no aludo simplemente a la comodidad que pueda tener un hotel, el refinado sabor de una comida o la luz deslumbrante de una playa en &hellip; <\/p>\n<p class=\"link-more\"><a href=\"https:\/\/fraynelson.com\/blog\/2004\/07\/14\/318\/\" class=\"more-link\">Continuar leyendo<span class=\"screen-reader-text\"> &#8220;\u00bfAtrapados en el presente?&#8221;<\/span><\/a><\/p>\n","protected":false},"author":1138,"featured_media":0,"comment_status":"open","ping_status":"open","sticky":false,"template":"","format":"standard","meta":{"footnotes":""},"categories":[44],"tags":[],"class_list":["post-417","post","type-post","status-publish","format-standard","hentry","category-europa-y-occidente"],"jetpack_featured_media_url":"","_links":{"self":[{"href":"https:\/\/fraynelson.com\/blog\/wp-json\/wp\/v2\/posts\/417","targetHints":{"allow":["GET"]}}],"collection":[{"href":"https:\/\/fraynelson.com\/blog\/wp-json\/wp\/v2\/posts"}],"about":[{"href":"https:\/\/fraynelson.com\/blog\/wp-json\/wp\/v2\/types\/post"}],"author":[{"embeddable":true,"href":"https:\/\/fraynelson.com\/blog\/wp-json\/wp\/v2\/users\/1138"}],"replies":[{"embeddable":true,"href":"https:\/\/fraynelson.com\/blog\/wp-json\/wp\/v2\/comments?post=417"}],"version-history":[{"count":0,"href":"https:\/\/fraynelson.com\/blog\/wp-json\/wp\/v2\/posts\/417\/revisions"}],"wp:attachment":[{"href":"https:\/\/fraynelson.com\/blog\/wp-json\/wp\/v2\/media?parent=417"}],"wp:term":[{"taxonomy":"category","embeddable":true,"href":"https:\/\/fraynelson.com\/blog\/wp-json\/wp\/v2\/categories?post=417"},{"taxonomy":"post_tag","embeddable":true,"href":"https:\/\/fraynelson.com\/blog\/wp-json\/wp\/v2\/tags?post=417"}],"curies":[{"name":"wp","href":"https:\/\/api.w.org\/{rel}","templated":true}]}}