{"id":408,"date":"2004-07-23T12:16:02","date_gmt":"2004-07-23T17:16:02","guid":{"rendered":"1276172293"},"modified":"2005-09-16T09:08:39","modified_gmt":"2005-09-16T09:08:39","slug":"327","status":"publish","type":"post","link":"https:\/\/fraynelson.com\/blog\/2004\/07\/23\/327\/","title":{"rendered":"Elogio breve de Irlanda (3a. parte)"},"content":{"rendered":"<p>Hace poco fui a hacer turismo por Dubl\u00edn. \u00bfLugar de destino? Una antigua prisi\u00f3n, Kilmainham. \u00bfPrisi\u00f3n? S\u00ed, como se oye. Turismo en una prisi\u00f3n donde lo que vas a escuchar es un relato conmovedor de sufrimiento y hero\u00edsmo, hasta visitar las celdas en que pasaron su \u00faltima noche muchos de los pr\u00f3ceres de la Rep\u00fablica de Irlanda, antes de ser ejecutados en la horca o ante el pelot\u00f3n de fusilamiento.<\/p>\n<p><!--more--><\/p>\n<p>El sufrimiento hace parte de Irlanda; la ha tejido y madurado tanto como el verde precioso de sus llanuras o el rumor grat\u00edsimo de sus aguas. Yo dir\u00eda que en general los irlandeses conocen el precio de cada cosa, porque todo les ha costado. Nadie valora tanto el sue\u00f1o como quien sabe de cansancio y nadie aprecia tanto la fuente como el que se muere de sed.<\/p>\n<p>No olvidemos que la peor cat\u00e1strofe de Europa en el siglo XIX fue la Hambruna que se carg\u00f3 m\u00e1s de un mill\u00f3n de vidas en este suelo, y oblig\u00f3 a emigrar a cerca de un mill\u00f3n y medio de personas. La mayor parte de ellas fueron a los Estados Unidos de Am\u00e9rica, lo cual fue su salvaci\u00f3n, aunque tambi\u00e9n ocasi\u00f3n de discriminaciones y privaciones sin cuento. Duele decirlo pero aquella era la \u00e9poca en que algunos lugares pon\u00edan letreros que dec\u00edan: &#8220;No Dogs, No blacks, No Irish,&#8221; es decir: no se admiten ni perros, ni negros ni irlandeses. Est\u00e1bamos a d\u00e9cadas de Abraham Lincoln y a un siglo de Martin Luther King&#8230;<\/p>\n<p>Las luchas por lograr la independencia del Imperio Brit\u00e1nico y el hambre no son los \u00fanicos dolores que han forjado a este pa\u00eds. Irlanda ha sido vista como la cenicienta por una gran parte de Europa, y de hecho, son las ayudas de la Comunidad Europea las que han transformado radicalmente el panorama econ\u00f3mico que hoy se ve y se siente. Antes de esa inyecci\u00f3n la pobreza y su largo cortejo de males azotaron largamente a los irlandeses, que adem\u00e1s tuvieron que soportar ser vistos por sus vecinos ingleses como ciudadanos de segunda o como gente de menor val\u00eda.<\/p>\n<p>Se puede preguntar por qu\u00e9 este aspecto del dolor, los complejos y el sufrimiento me atrae. Son varias razones. No cabe duda de que la experiencia de sufrir nos hace m\u00e1s humildes, solidarios, maduros y trascendentes. Por constaste, quienes viven siempre en la despreocupaci\u00f3n de la abundancia tienden f\u00e1cilmente a la soberbia, la insensibilidad, la superficialidad y el materialismo, como de hecho vemos que sucede en toda Europa (\u00a1sin que Irlanda sea ahora mismo una gran excepci\u00f3n!)<\/p>\n<p>Sin embargo, la Historia tiene su peso y las lecciones aprendidas a tan alto precio modelan muy a fondo el alma de una naci\u00f3n. Esa alma me gusta.<\/p>\n","protected":false},"excerpt":{"rendered":"<p>Hace poco fui a hacer turismo por Dubl\u00edn. \u00bfLugar de destino? Una antigua prisi\u00f3n, Kilmainham. \u00bfPrisi\u00f3n? S\u00ed, como se oye. Turismo en una prisi\u00f3n donde lo que vas a escuchar es un relato conmovedor de sufrimiento y hero\u00edsmo, hasta visitar las celdas en que pasaron su \u00faltima noche muchos de los pr\u00f3ceres de la Rep\u00fablica &hellip; <\/p>\n<p class=\"link-more\"><a href=\"https:\/\/fraynelson.com\/blog\/2004\/07\/23\/327\/\" class=\"more-link\">Continuar leyendo<span class=\"screen-reader-text\"> &#8220;Elogio breve de Irlanda (3a. parte)&#8221;<\/span><\/a><\/p>\n","protected":false},"author":1138,"featured_media":0,"comment_status":"open","ping_status":"open","sticky":false,"template":"","format":"standard","meta":{"footnotes":""},"categories":[46],"tags":[],"class_list":["post-408","post","type-post","status-publish","format-standard","hentry","category-irlanda-y-reino-unido"],"jetpack_featured_media_url":"","_links":{"self":[{"href":"https:\/\/fraynelson.com\/blog\/wp-json\/wp\/v2\/posts\/408","targetHints":{"allow":["GET"]}}],"collection":[{"href":"https:\/\/fraynelson.com\/blog\/wp-json\/wp\/v2\/posts"}],"about":[{"href":"https:\/\/fraynelson.com\/blog\/wp-json\/wp\/v2\/types\/post"}],"author":[{"embeddable":true,"href":"https:\/\/fraynelson.com\/blog\/wp-json\/wp\/v2\/users\/1138"}],"replies":[{"embeddable":true,"href":"https:\/\/fraynelson.com\/blog\/wp-json\/wp\/v2\/comments?post=408"}],"version-history":[{"count":0,"href":"https:\/\/fraynelson.com\/blog\/wp-json\/wp\/v2\/posts\/408\/revisions"}],"wp:attachment":[{"href":"https:\/\/fraynelson.com\/blog\/wp-json\/wp\/v2\/media?parent=408"}],"wp:term":[{"taxonomy":"category","embeddable":true,"href":"https:\/\/fraynelson.com\/blog\/wp-json\/wp\/v2\/categories?post=408"},{"taxonomy":"post_tag","embeddable":true,"href":"https:\/\/fraynelson.com\/blog\/wp-json\/wp\/v2\/tags?post=408"}],"curies":[{"name":"wp","href":"https:\/\/api.w.org\/{rel}","templated":true}]}}