{"id":407,"date":"2004-07-24T12:05:16","date_gmt":"2004-07-24T17:05:16","guid":{"rendered":"959172270"},"modified":"2005-09-16T09:08:01","modified_gmt":"2005-09-16T09:08:01","slug":"328","status":"publish","type":"post","link":"https:\/\/fraynelson.com\/blog\/2004\/07\/24\/328\/","title":{"rendered":"Elogio breve de Irlanda (4a. parte)"},"content":{"rendered":"<p>Cuando hablo de Irlanda y su esplendorosa naturaleza, o de su historia marcada por el sufrimiento, por supuesto recuerdo vivamente mi propio pa\u00eds, mi Colombia amada y a\u00f1orada. Voy a describir entonces lo que significa para m\u00ed venir de Colombia a este pa\u00eds sirvi\u00e9ndome de la imagen de un reloj tradicional, de aquellos de agujas y tic-tac.<\/p>\n<p><!--more--><\/p>\n<p>En realidad es el tema del centro y la periferia. Los n\u00fameros de la circunferencia son la periferia, y desde el centro se extienden las agujas que van pasando por esos n\u00fameros.<\/p>\n<p>Esto viene a que yo creo que los distintos imperios que en el mundo han sido se han visto a s\u00ed mismos como &#8220;centro&#8221; y consecuentemente nos han considerado a los dem\u00e1s como periferia. Roma y sus provincias, Madrid y su reino donde no se pone el sol, Francia y sus colonias, Londres y su imperio, Berl\u00edn y su Reich, Washington y su &#8220;Nuevo Orden&#8221;&#8230; cada una de estas ciudades, a su propio turno, se ha sentido y valorado como centro y ombligo del mundo.<\/p>\n<p>En estas reflexiones me inspira mucho de lo que recib\u00ed como fraile estudiante dominico en nuestras clases de filosof\u00eda. Era la \u00e9poca de furor de la Teolog\u00eda y la Filosof\u00eda de la Liberaci\u00f3n. He sido y soy muy cr\u00edtico con ese enfoque, y creo que los reparos del Magisterio fueron justos y oportunos al limitarlo, pero no puedo negar que hay cosas muy l\u00facidas all\u00ed: la cr\u00edtica de Dussell, por ejemplo, al modelo dual del ser (centro) contrapuesto al no-ser (periferia); o la profunda reflexi\u00f3n de Levin\u00e1s sobre el pensamiento de <em>totalidad<\/em> (t\u00edpico del centro) contrapuesto a la inspiraci\u00f3n propia del <em>infinito<\/em>. El centro busca la palabra decisiva, total, abarcante; anhela o cree poseer la teor\u00eda completa, definitiva, en donde todo lo relevante est\u00e1 respondido y todo lo irrelevante ya se ha excluido.<\/p>\n<p>Irlanda es un pa\u00eds singular que no s\u00f3lo no ha pretendido ser centro sino que ha estado espiritualmente distante de la l\u00f3gica del imperio. Nunca fue colonia romana; no intervino en la Segunda Guerra Mundial; tiene una larga tradici\u00f3n de distancia frente a las pretensiones belicistas, vengan de donde vengan. Yo dir\u00eda que Irlanda es &#8220;periferia consciente de s\u00ed misma.&#8221; Y eso me gusta. Un humanismo para los siglos venideros necesitar\u00e1 un rostro as\u00ed.<\/p>\n<p>Miremos las estatuas de irlandeses: no tienen ni armas, ni caballos feroces, ni un tama\u00f1o colosal. Muchas son de tama\u00f1o natural y est\u00e1n al nivel de la calle. Me gusta el <em>Parque de Oriente<\/em> en Madrid, pero Felipe IV no tiene nada que ver con el James Joyce o el Charles Parnell de Dubl\u00edn. Los irlandeses tienen una sensibilidad especial que hace que lo que suena a ostentaci\u00f3n, prepotencia, &#8220;\u00faltima palabra&#8221; les despierte risa o disgusto.<\/p>\n<p>\u00bfQu\u00e9 ha exportado Irlanda? Sus letras (con varios premios N\u00f3bel), sus rezos (con la Legi\u00f3n de Mar\u00eda) y su modo de pasarla bien (con sus populares <em>pubs<\/em>). Esos son sus &#8220;imperios&#8221;: ense\u00f1ar a hablar desde lo hondo del alma; ense\u00f1ar a rezar con santa obstinaci\u00f3n, y ense\u00f1ar a aliviar el coraz\u00f3n con una buena conversaci\u00f3n&#8230; y alg\u00fan sorbo de <em>Guinness<\/em>.<\/p>\n<p>La arquitectura irlandesa en general y dublinesa en particular est\u00e1 marcada por el mismo estilo de &#8220;no al centro y s\u00ed a la periferia.&#8221; No esperes de Dubl\u00edn grandes plazas que retumben con la voz de un gran presidente; no le busques grandes explanadas donde un ej\u00e9rcito poderoso agite los \u00e1nimos pidiendo sangre; no le pidas gigantescas avenidas que te hagan sentir que est\u00e1s en el cruce de todos los grandes caminos. No les pidas eso a los irlandeses porque ni lo conocen ni les gusta demasiado. Pide parques, y tendr\u00e1s los kil\u00f3metros cuadrados de <em>Phoenix Park<\/em>; pide calles y gente normal, como t\u00fa y como todos, y lo tendr\u00e1s hasta saciarte; pide letras y voces y rincones que hagan eco a tu propia alma y se te ir\u00e1 la vida descubriendo no la <em>totalidad<\/em> pero s\u00ed el <em>infinito<\/em>.<\/p>\n<p>\u00bfSabes, adem\u00e1s, d\u00f3nde sucedieron las manifestaciones centrales que clamaban por la independencia? No en edificios de gobierno y de poder; no en laboratorios ni en cuarteles; no en mercados ni lugares de finanzas. El coraz\u00f3n de la &#8220;gran revoluci\u00f3n&#8221; irlandesa tuvo su epicentro en la Oficina Central de Correos (GPO, por su sigla en ingl\u00e9s). \u00bfNo es como una par\u00e1bola que all\u00ed donde circulan palabras, poes\u00edas, amores y dolores, se haya gestado el deseo de ser una naci\u00f3n?<\/p>\n<p>Todo ello present\u00eda yo y ahora lo veo. Y por eso, cuando mi Prior Provincial me dio posibilidad de escoger, quise un lugar as\u00ed: un giro en la circunferencia del reloj; no un salto al centro. Quise apostar al futuro que seguramente no podr\u00e9 ver pero que ya amo.<\/p>\n","protected":false},"excerpt":{"rendered":"<p>Cuando hablo de Irlanda y su esplendorosa naturaleza, o de su historia marcada por el sufrimiento, por supuesto recuerdo vivamente mi propio pa\u00eds, mi Colombia amada y a\u00f1orada. Voy a describir entonces lo que significa para m\u00ed venir de Colombia a este pa\u00eds sirvi\u00e9ndome de la imagen de un reloj tradicional, de aquellos de agujas &hellip; <\/p>\n<p class=\"link-more\"><a href=\"https:\/\/fraynelson.com\/blog\/2004\/07\/24\/328\/\" class=\"more-link\">Continuar leyendo<span class=\"screen-reader-text\"> &#8220;Elogio breve de Irlanda (4a. parte)&#8221;<\/span><\/a><\/p>\n","protected":false},"author":1138,"featured_media":0,"comment_status":"open","ping_status":"open","sticky":false,"template":"","format":"standard","meta":{"footnotes":""},"categories":[46],"tags":[],"class_list":["post-407","post","type-post","status-publish","format-standard","hentry","category-irlanda-y-reino-unido"],"jetpack_featured_media_url":"","_links":{"self":[{"href":"https:\/\/fraynelson.com\/blog\/wp-json\/wp\/v2\/posts\/407","targetHints":{"allow":["GET"]}}],"collection":[{"href":"https:\/\/fraynelson.com\/blog\/wp-json\/wp\/v2\/posts"}],"about":[{"href":"https:\/\/fraynelson.com\/blog\/wp-json\/wp\/v2\/types\/post"}],"author":[{"embeddable":true,"href":"https:\/\/fraynelson.com\/blog\/wp-json\/wp\/v2\/users\/1138"}],"replies":[{"embeddable":true,"href":"https:\/\/fraynelson.com\/blog\/wp-json\/wp\/v2\/comments?post=407"}],"version-history":[{"count":0,"href":"https:\/\/fraynelson.com\/blog\/wp-json\/wp\/v2\/posts\/407\/revisions"}],"wp:attachment":[{"href":"https:\/\/fraynelson.com\/blog\/wp-json\/wp\/v2\/media?parent=407"}],"wp:term":[{"taxonomy":"category","embeddable":true,"href":"https:\/\/fraynelson.com\/blog\/wp-json\/wp\/v2\/categories?post=407"},{"taxonomy":"post_tag","embeddable":true,"href":"https:\/\/fraynelson.com\/blog\/wp-json\/wp\/v2\/tags?post=407"}],"curies":[{"name":"wp","href":"https:\/\/api.w.org\/{rel}","templated":true}]}}