{"id":4068,"date":"2009-10-15T19:02:44","date_gmt":"2009-10-16T00:02:44","guid":{"rendered":"http:\/\/fraynelson.com\/blog\/?p=4068"},"modified":"2009-12-18T19:05:04","modified_gmt":"2009-12-19T00:05:04","slug":"benedicto-xvi-presenta-la-figura-del-padre-pio","status":"publish","type":"post","link":"https:\/\/fraynelson.com\/blog\/2009\/10\/15\/benedicto-xvi-presenta-la-figura-del-padre-pio\/","title":{"rendered":"Benedicto XVI presenta la figura del Padre Pio"},"content":{"rendered":"<p>Iniciamos el A\u00f1o sacerdotal, durante el cual recordaremos con veneraci\u00f3n y afecto el 150\u00b0 aniversario de la muerte de San Juan Mar\u00eda Vianney, el santo cura de Ars. En la carta que escrib\u00ed para esta ocasi\u00f3n quise subrayar cu\u00e1n importante es la santidad de los sacerdotes para la vida y la misi\u00f3n de la Iglesia. <\/p>\n<p><!--more--><\/p>\n<p>Al igual que el cura de Ars, tambi\u00e9n el padre P\u00edo nos recuerda la dignidad y la responsabilidad del ministerio sacerdotal. \u00bfQui\u00e9n no quedaba impresionado por el fervor con que reviv\u00eda la Pasi\u00f3n de Cristo en cada celebraci\u00f3n eucar\u00edstica? De su amor a la Eucarist\u00eda brotaba en \u00e9l, como en el cura de Ars, una disponibilidad total a acoger a los fieles, sobre todo a los pecadores. Adem\u00e1s, si San Juan Mar\u00eda Vianney, en una \u00e9poca atormentada y dif\u00edcil, trat\u00f3 de hacer, de todas las maneras posibles, que sus parroquianos descubrieran de nuevo el significado y la belleza de la penitencia sacramental, para el santo fraile del Gargano la solicitud por las almas y la conversi\u00f3n de los pecadores fueron un anhelo que lo consum\u00f3 hasta la muerte. <\/p>\n<p>\u00a1Cu\u00e1ntas personas cambiaron de vida gracias a su paciente ministerio sacerdotal! \u00a1Cu\u00e1ntas largas horas pasaba en el confesonario! Al igual que para el cura de Ars, precisamente el ministerio de confesor constituy\u00f3 el mayor t\u00edtulo de gloria y el rasgo distintivo de este santo capuchino. Por eso, \u00bfc\u00f3mo no darnos cuenta de la importancia de participar devotamente en la celebraci\u00f3n eucar\u00edstica y acudir con frecuencia al sacramento de la Confesi\u00f3n? En particular, el sacramento de la Penitencia se ha de valorar a\u00fan m\u00e1s, y los sacerdotes nunca deber\u00edan resignarse a ver sus confesonarios desiertos ni limitarse a constatar el desinter\u00e9s de los fieles ante esta extraordinaria fuente de serenidad y de paz. <\/p>\n<p>Hay otra gran lecci\u00f3n que podemos sacar de la vida del padre P\u00edo: el valor y la necesidad de la oraci\u00f3n. A quien le preguntaba qu\u00e9 pensaba de s\u00ed mismo sol\u00eda responder: &#8220;No soy m\u00e1s que un pobre fraile que ora&#8221;. Y, efectivamente, oraba siempre y por doquier con humildad, confianza y perseverancia. Este es un punto fundamental, no s\u00f3lo para la espiritualidad del sacerdote, sino tambi\u00e9n para la de todo cristiano, y mucho m\u00e1s para la vuestra, queridos religiosos y religiosas, escogidos para seguir m\u00e1s de cerca a Cristo mediante la pr\u00e1ctica de los votos de pobreza, castidad y obediencia. <\/p>\n<p>A veces nos puede asaltar cierto desaliento ante el debilitamiento e incluso ante el abandono de la fe, que se produce en nuestras sociedades secularizadas. Seguramente hace falta encontrar nuevos canales para comunicar la verdad evang\u00e9lica a los hombres y mujeres de nuestro tiempo, pero dado que el contenido esencial del anuncio cristiano sigue siendo siempre el mismo, es necesario volver a su manantial originario, a Jesucristo, que es &#8220;el mismo ayer, hoy y siempre&#8221; (<i>Hb<\/i> 13, 8). La historia humana y espiritual del padre P\u00edo ense\u00f1a que s\u00f3lo un alma \u00edntimamente unida al Crucificado logra transmitir tambi\u00e9n a los lejanos la alegr\u00eda y la riqueza del Evangelio. <\/p>\n<p>Al amor a Cristo est\u00e1 inevitablemente unido el amor a su Iglesia, guiada y animada por la fuerza del Esp\u00edritu Santo, en la cual cada uno de nosotros tiene un papel y una misi\u00f3n que desempe\u00f1ar. Queridos sacerdotes, queridos religiosos y religiosas, son diversas las misiones que os han sido encomendadas y los carismas de los que sois int\u00e9rpretes, pero deb\u00e9is realizarlos siempre con el mismo esp\u00edritu, para que vuestra presencia y vuestra acci\u00f3n en medio del pueblo cristiano sea testimonio elocuente de la primac\u00eda de Dios en vuestra vida. \u00bfNo era esto precisamente lo que todos percib\u00edan en San P\u00edo de Pietrelcina? <\/p>\n<p>Permitid ahora que dirija unas palabras en particular a los j\u00f3venes, que veo en gran n\u00famero y entusiastas. Queridos amigos, gracias por vuestra calurosa acogida y por los fervientes sentimientos de los que se han hecho int\u00e9rpretes vuestros representantes. He notado que el plan pastoral de vuestra di\u00f3cesis para el trienio 2007-2010 dedica mucha atenci\u00f3n a la misi\u00f3n en favor de la juventud y la familia, y estoy seguro de que del itinerario de escucha, confrontaci\u00f3n, di\u00e1logo y verificaci\u00f3n en el que est\u00e1is comprometidos brotar\u00e1n una atenci\u00f3n cada vez mayor a las familias y una escucha puntual de las expectativas reales de las nuevas generaciones. <\/p>\n<p>Tengo presentes los problemas que os preocupan, queridos muchachos y muchachas, y que amenazan con ahogar el entusiasmo t\u00edpico de vuestra juventud. Entre ellos, cito en particular el fen\u00f3meno del desempleo, que afecta de manera dram\u00e1tica a no pocos j\u00f3venes y muchachas del sur de Italia. No os desalent\u00e9is. Sed &#8220;j\u00f3venes de gran coraz\u00f3n&#8221;, como os han repetido con frecuencia durante este a\u00f1o desde la Misi\u00f3n diocesana juvenil, animada y guiada por el Seminario regional de Molfetta en septiembre del a\u00f1o pasado. <\/p>\n<p>La Iglesia no os abandona. Vosotros no abandon\u00e9is la Iglesia. Es necesaria vuestra aportaci\u00f3n para construir comunidades cristianas vivas y sociedades m\u00e1s justas y abiertas a la esperanza. Y si quer\u00e9is tener un &#8220;gran coraz\u00f3n&#8221;, seguid el ejemplo de Jesucristo. Precisamente anteayer contemplamos su gran Coraz\u00f3n, lleno de amor a la humanidad. \u00c9l jam\u00e1s os abandonar\u00e1 o traicionar\u00e1 vuestra confianza; jam\u00e1s os llevar\u00e1 por senderos equivocados. <\/p>\n<p>Como el padre P\u00edo, sed tambi\u00e9n vosotros amigos fieles del Se\u00f1or Jes\u00fas, manteniendo con \u00e9l una relaci\u00f3n diaria mediante la oraci\u00f3n y la escucha de su Palabra, la pr\u00e1ctica asidua de los sacramentos y la pertenencia cordial a su familia, que es la Iglesia. Esto debe estar en la base del programa de vida de cada uno de vosotros, queridos j\u00f3venes, as\u00ed como de vosotros, queridos sacerdotes, y de vosotros, queridos religiosos y religiosas. <\/p>\n<p>A cada uno y a cada una aseguro mi oraci\u00f3n, a la vez que imploro la protecci\u00f3n maternal de Santa Mar\u00eda de las Gracias, que vela sobre vosotros desde su santuario, en cuya cripta descansan los restos del padre P\u00edo. De coraz\u00f3n os doy las gracias, una vez m\u00e1s, por vuestra acogida y os bendigo a todos, as\u00ed como a vuestras familias, a vuestras comunidades, a vuestras parroquias y a toda vuestra di\u00f3cesis.<\/p>\n<p>[<i>S.S. Benedicto XVI, Discurso durante el encuentro con los sacerdotes, religiosos, religiosas y j\u00f3venes en la iglesia de San P\u00edo de Pietrelcina, el 21 de Junio de 2009<\/i>]<\/p>\n","protected":false},"excerpt":{"rendered":"<p>Iniciamos el A\u00f1o sacerdotal, durante el cual recordaremos con veneraci\u00f3n y afecto el 150\u00b0 aniversario de la muerte de San Juan Mar\u00eda Vianney, el santo cura de Ars. En la carta que escrib\u00ed para esta ocasi\u00f3n quise subrayar cu\u00e1n importante es la santidad de los sacerdotes para la vida y la misi\u00f3n de la Iglesia.<\/p>\n","protected":false},"author":1138,"featured_media":0,"comment_status":"open","ping_status":"open","sticky":false,"template":"","format":"standard","meta":{"footnotes":""},"categories":[305,42],"tags":[],"class_list":["post-4068","post","type-post","status-publish","format-standard","hentry","category-biblioteca-pontificia","category-sacerdotes-y-vocaciones"],"jetpack_featured_media_url":"","_links":{"self":[{"href":"https:\/\/fraynelson.com\/blog\/wp-json\/wp\/v2\/posts\/4068","targetHints":{"allow":["GET"]}}],"collection":[{"href":"https:\/\/fraynelson.com\/blog\/wp-json\/wp\/v2\/posts"}],"about":[{"href":"https:\/\/fraynelson.com\/blog\/wp-json\/wp\/v2\/types\/post"}],"author":[{"embeddable":true,"href":"https:\/\/fraynelson.com\/blog\/wp-json\/wp\/v2\/users\/1138"}],"replies":[{"embeddable":true,"href":"https:\/\/fraynelson.com\/blog\/wp-json\/wp\/v2\/comments?post=4068"}],"version-history":[{"count":1,"href":"https:\/\/fraynelson.com\/blog\/wp-json\/wp\/v2\/posts\/4068\/revisions"}],"predecessor-version":[{"id":4541,"href":"https:\/\/fraynelson.com\/blog\/wp-json\/wp\/v2\/posts\/4068\/revisions\/4541"}],"wp:attachment":[{"href":"https:\/\/fraynelson.com\/blog\/wp-json\/wp\/v2\/media?parent=4068"}],"wp:term":[{"taxonomy":"category","embeddable":true,"href":"https:\/\/fraynelson.com\/blog\/wp-json\/wp\/v2\/categories?post=4068"},{"taxonomy":"post_tag","embeddable":true,"href":"https:\/\/fraynelson.com\/blog\/wp-json\/wp\/v2\/tags?post=4068"}],"curies":[{"name":"wp","href":"https:\/\/api.w.org\/{rel}","templated":true}]}}