{"id":40597,"date":"2015-12-05T12:51:05","date_gmt":"2015-12-05T17:51:05","guid":{"rendered":"http:\/\/fraynelson.com\/blog\/?p=40597"},"modified":"2015-12-05T12:51:05","modified_gmt":"2015-12-05T17:51:05","slug":"unidos-en-solidaridad-y-oracion-por-venezuela","status":"publish","type":"post","link":"https:\/\/fraynelson.com\/blog\/2015\/12\/05\/unidos-en-solidaridad-y-oracion-por-venezuela\/","title":{"rendered":"Unidos en solidaridad y oraci\u00f3n por Venezuela"},"content":{"rendered":"<p><a href=\"https:\/\/fraynelson.com\/blog\/wp-content\/uploads\/2015\/12\/venezuela.jpg\"><img loading=\"lazy\" decoding=\"async\" src=\"https:\/\/fraynelson.com\/blog\/wp-content\/uploads\/2015\/12\/venezuela.jpg\" alt=\"\" width=\"400\" height=\"224\" class=\"aligncenter size-full wp-image-40603\" \/><\/a><\/p>\n<p>Plenamente conscientes del duro momento que vive el hermano pa\u00eds, y de las repercusiones inmediatas y persistentes que provienen de lo que all\u00ed suceda, miles y miles de colombianos, as\u00ed como hermanos de otras naciones seguimos con atenci\u00f3n la jornada democr\u00e1tica del domingo 6 de diciembre. Quienes somos creyentes suplicamos que el Dios poderoso y compasivo derrame un esp\u00edritu de sensatez y de amor por la justicia y el bien com\u00fan en todo el pueblo venezolano de modo que nuestros hermanos descubran con gozo que su dignidad se levanta y aires nuevos renuevan su horizonte de convivencia social. \u00a1Venezuela, te amamos!<\/p>\n","protected":false},"excerpt":{"rendered":"<p>Plenamente conscientes del duro momento que vive el hermano pa\u00eds, y de las repercusiones inmediatas y persistentes que provienen de lo que all\u00ed suceda, miles y miles de colombianos, as\u00ed como hermanos de otras naciones seguimos con atenci\u00f3n la jornada democr\u00e1tica del domingo 6 de diciembre. Quienes somos creyentes suplicamos que el Dios poderoso y &hellip; <\/p>\n<p class=\"link-more\"><a href=\"https:\/\/fraynelson.com\/blog\/2015\/12\/05\/unidos-en-solidaridad-y-oracion-por-venezuela\/\" class=\"more-link\">Continuar leyendo<span class=\"screen-reader-text\"> &#8220;Unidos en solidaridad y oraci\u00f3n por Venezuela&#8221;<\/span><\/a><\/p>\n","protected":false},"author":1138,"featured_media":0,"comment_status":"closed","ping_status":"closed","sticky":false,"template":"","format":"standard","meta":{"footnotes":""},"categories":[591],"tags":[],"class_list":["post-40597","post","type-post","status-publish","format-standard","hentry","category-venezuela"],"jetpack_featured_media_url":"","_links":{"self":[{"href":"https:\/\/fraynelson.com\/blog\/wp-json\/wp\/v2\/posts\/40597","targetHints":{"allow":["GET"]}}],"collection":[{"href":"https:\/\/fraynelson.com\/blog\/wp-json\/wp\/v2\/posts"}],"about":[{"href":"https:\/\/fraynelson.com\/blog\/wp-json\/wp\/v2\/types\/post"}],"author":[{"embeddable":true,"href":"https:\/\/fraynelson.com\/blog\/wp-json\/wp\/v2\/users\/1138"}],"replies":[{"embeddable":true,"href":"https:\/\/fraynelson.com\/blog\/wp-json\/wp\/v2\/comments?post=40597"}],"version-history":[{"count":1,"href":"https:\/\/fraynelson.com\/blog\/wp-json\/wp\/v2\/posts\/40597\/revisions"}],"predecessor-version":[{"id":40604,"href":"https:\/\/fraynelson.com\/blog\/wp-json\/wp\/v2\/posts\/40597\/revisions\/40604"}],"wp:attachment":[{"href":"https:\/\/fraynelson.com\/blog\/wp-json\/wp\/v2\/media?parent=40597"}],"wp:term":[{"taxonomy":"category","embeddable":true,"href":"https:\/\/fraynelson.com\/blog\/wp-json\/wp\/v2\/categories?post=40597"},{"taxonomy":"post_tag","embeddable":true,"href":"https:\/\/fraynelson.com\/blog\/wp-json\/wp\/v2\/tags?post=40597"}],"curies":[{"name":"wp","href":"https:\/\/api.w.org\/{rel}","templated":true}]}}