{"id":39809,"date":"2015-11-07T12:07:35","date_gmt":"2015-11-07T17:07:35","guid":{"rendered":"http:\/\/fraynelson.com\/blog\/?p=39809"},"modified":"2015-11-05T16:59:59","modified_gmt":"2015-11-05T21:59:59","slug":"la-gracia-del-lunes-9-de-noviembre-2015","status":"publish","type":"post","link":"https:\/\/fraynelson.com\/blog\/2015\/11\/07\/la-gracia-del-lunes-9-de-noviembre-2015\/","title":{"rendered":"LA GRACIA del Lunes 9 de Noviembre 2015"},"content":{"rendered":"<p>FIESTA DE LA DEDICACI\u00d3N DE LA BAS\u00cdLICA DE SAN JUAN DE LETR\u00c1N<\/p>\n<p>La fiesta de la dedicaci\u00f3n de la Bas\u00edlica de San Juan de Letr\u00e1n es se\u00f1al amor y unidad con la c\u00e1tedra de Pedro, y nos recuerda que la ense\u00f1anza de Jes\u00fas es vigente, aliment\u00e1ndonos y confirm\u00e1ndonos en la fe.<\/p>\n<div class=\"powerpress_player\" id=\"powerpress_player_3263\"><audio class=\"wp-audio-shortcode\" id=\"audio-39809-1\" preload=\"none\" style=\"width: 100%;\" controls=\"controls\"><source type=\"audio\/mpeg\" src=\"https:\/\/dl.dropboxusercontent.com\/u\/15652\/homilias_mp3\/20151109.mp3?_=1\" \/><a href=\"https:\/\/dl.dropboxusercontent.com\/u\/15652\/homilias_mp3\/20151109.mp3\">https:\/\/dl.dropboxusercontent.com\/u\/15652\/homilias_mp3\/20151109.mp3<\/a><\/audio><\/div>\n<p><iframe loading=\"lazy\" title=\"LA GRACIA del Lunes 9 de Noviembre de 2015\" width=\"525\" height=\"295\" src=\"https:\/\/www.youtube.com\/embed\/WwcJU78qyBU?feature=oembed\" frameborder=\"0\" allow=\"accelerometer; autoplay; clipboard-write; encrypted-media; gyroscope; picture-in-picture; web-share\" referrerpolicy=\"strict-origin-when-cross-origin\" allowfullscreen><\/iframe><\/p>\n<p>[REPRODUCCI\u00d3N PERMITIDA \u2013 Ay\u00fadanos a divulgar este archivo de audio en las redes sociales, blogs, emisoras de radio, y otros medios.]<\/p>\n","protected":false},"excerpt":{"rendered":"<p>FIESTA DE LA DEDICACI\u00d3N DE LA BAS\u00cdLICA DE SAN JUAN DE LETR\u00c1N La fiesta de la dedicaci\u00f3n de la Bas\u00edlica de San Juan de Letr\u00e1n es se\u00f1al amor y unidad con la c\u00e1tedra de Pedro, y nos recuerda que la ense\u00f1anza de Jes\u00fas es vigente, aliment\u00e1ndonos y confirm\u00e1ndonos en la fe. [REPRODUCCI\u00d3N PERMITIDA \u2013 Ay\u00fadanos &hellip; <\/p>\n<p class=\"link-more\"><a href=\"https:\/\/fraynelson.com\/blog\/2015\/11\/07\/la-gracia-del-lunes-9-de-noviembre-2015\/\" class=\"more-link\">Continuar leyendo<span class=\"screen-reader-text\"> &#8220;LA GRACIA del Lunes 9 de Noviembre 2015&#8221;<\/span><\/a><\/p>\n","protected":false},"author":1139,"featured_media":0,"comment_status":"closed","ping_status":"closed","sticky":false,"template":"","format":"standard","meta":{"footnotes":""},"categories":[291,307,841,472,302],"tags":[],"class_list":["post-39809","post","type-post","status-publish","format-standard","hentry","category-audio","category-homilias","category-micro-homilias","category-pedro","category-video"],"jetpack_featured_media_url":"","_links":{"self":[{"href":"https:\/\/fraynelson.com\/blog\/wp-json\/wp\/v2\/posts\/39809","targetHints":{"allow":["GET"]}}],"collection":[{"href":"https:\/\/fraynelson.com\/blog\/wp-json\/wp\/v2\/posts"}],"about":[{"href":"https:\/\/fraynelson.com\/blog\/wp-json\/wp\/v2\/types\/post"}],"author":[{"embeddable":true,"href":"https:\/\/fraynelson.com\/blog\/wp-json\/wp\/v2\/users\/1139"}],"replies":[{"embeddable":true,"href":"https:\/\/fraynelson.com\/blog\/wp-json\/wp\/v2\/comments?post=39809"}],"version-history":[{"count":3,"href":"https:\/\/fraynelson.com\/blog\/wp-json\/wp\/v2\/posts\/39809\/revisions"}],"predecessor-version":[{"id":39870,"href":"https:\/\/fraynelson.com\/blog\/wp-json\/wp\/v2\/posts\/39809\/revisions\/39870"}],"wp:attachment":[{"href":"https:\/\/fraynelson.com\/blog\/wp-json\/wp\/v2\/media?parent=39809"}],"wp:term":[{"taxonomy":"category","embeddable":true,"href":"https:\/\/fraynelson.com\/blog\/wp-json\/wp\/v2\/categories?post=39809"},{"taxonomy":"post_tag","embeddable":true,"href":"https:\/\/fraynelson.com\/blog\/wp-json\/wp\/v2\/tags?post=39809"}],"curies":[{"name":"wp","href":"https:\/\/api.w.org\/{rel}","templated":true}]}}