{"id":39710,"date":"2015-10-31T02:29:13","date_gmt":"2015-10-31T07:29:13","guid":{"rendered":"http:\/\/fraynelson.com\/blog\/?p=39710"},"modified":"2015-10-30T12:25:31","modified_gmt":"2015-10-30T17:25:31","slug":"breve-ordo-para-la-semana-del-1-al-7-de-noviembre-de-2015","status":"publish","type":"post","link":"https:\/\/fraynelson.com\/blog\/2015\/10\/31\/breve-ordo-para-la-semana-del-1-al-7-de-noviembre-de-2015\/","title":{"rendered":"Breve ordo para la semana del 1 al 7 de noviembre de 2015"},"content":{"rendered":"<p><em>Videos de micro-homil\u00edas para esta semana<\/em>:<\/p>\n<p>https:\/\/www.youtube.com\/playlist?list=PLRmr1_QLb8pfqgtEszikZt-RJ_qSgXHw7<\/p>\n<hr \/>\n<p><em>Liturgia de las Horas para esta semana<\/em>:<\/p>\n<p><strong>Domingo 1 de noviembre de 2015<\/strong>: Solemnidad de Todos los Santos<\/p>\n<ul>\n<li><a href=\"http:\/\/fraynelson.com\/conferencias\/oracion\/tsanu.mp3\" target=\"_blank\">Primeras V\u00edsperas<\/a> (el s\u00e1bado 31 de octubre por la tarde)<\/li>\n<li><a href=\"http:\/\/fraynelson.com\/conferencias\/oracion\/comp1v.mp3\" target=\"_blank\">Completas despu\u00e9s de Primeras V\u00edsperas de la Solemnidad<\/a> (el s\u00e1bado 31 de octubre por la noche)<\/li>\n<li><a href=\"http:\/\/fraynelson.com\/conferencias\/oracion\/tsana.mp3\" target=\"_blank\">Laudes<\/a><\/li>\n<li><a href=\"http:\/\/fraynelson.com\/conferencias\/oracion\/tsanv.mp3\" target=\"_blank\">Segundas V\u00edsperas<\/a><\/li>\n<li><a href=\"http:\/\/fraynelson.com\/conferencias\/oracion\/comp2v.mp3\" target=\"_blank\">Completas despu\u00e9s de Segundas V\u00edsperas de la Solemnidad<\/a><\/li>\n<\/ul>\n<p><strong>Lunes 2<\/strong>: Conmemoraci\u00f3n de todos los fieles difuntos<\/p>\n<ul>\n<li><a href=\"http:\/\/fraynelson.com\/conferencias\/oracion\/fdifa.mp3\" target=\"_blank\">Laudes<\/a><\/li>\n<li><a href=\"http:\/\/fraynelson.com\/conferencias\/oracion\/fdifv.mp3\" target=\"_blank\">V\u00edsperas<\/a><\/li>\n<li><a href=\"http:\/\/fraynelson.com\/conferencias\/oracion\/comp01.mp3\" target=\"_blank\">Completas<\/a><\/li>\n<\/ul>\n<p><strong>Martes 3<\/strong>:<\/p>\n<ul>\n<li><a href=\"http:\/\/fraynelson.com\/conferencias\/oracion\/s032a.mp3\" target=\"_blank\">Laudes<\/a><\/li>\n<li><a href=\"http:\/\/fraynelson.com\/conferencias\/oracion\/s032v.mp3\" target=\"_blank\">V\u00edsperas<\/a><\/li>\n<li><a href=\"http:\/\/fraynelson.com\/conferencias\/oracion\/comp02.mp3\" target=\"_blank\">Completas<\/a><\/li>\n<\/ul>\n<p><strong>Mi\u00e9rcoles 4<\/strong>: Memoria de San Carlos Borromeo, obispo<\/p>\n<ul>\n<li><a href=\"http:\/\/fraynelson.com\/conferencias\/oracion\/scboa_s033a.mp3\" target=\"_blank\">Laudes<\/a><\/li>\n<li><a href=\"http:\/\/fraynelson.com\/conferencias\/oracion\/scbov_s033v.mp3\" target=\"_blank\">V\u00edsperas<\/a><\/li>\n<li><a href=\"http:\/\/fraynelson.com\/conferencias\/oracion\/comp03.mp3\" target=\"_blank\">Completas<\/a><\/li>\n<\/ul>\n<p><strong>Jueves 5<\/strong>:<\/p>\n<ul>\n<li><a href=\"http:\/\/fraynelson.com\/conferencias\/oracion\/s034a.mp3\" target=\"_blank\">Laudes<\/a><\/li>\n<li><a href=\"http:\/\/fraynelson.com\/conferencias\/oracion\/s034v.mp3\" target=\"_blank\">V\u00edsperas<\/a><\/li>\n<li><a href=\"http:\/\/fraynelson.com\/conferencias\/oracion\/comp04.mp3\" target=\"_blank\">Completas<\/a><\/li>\n<\/ul>\n<p><strong>Viernes 6<\/strong>:<\/p>\n<ul>\n<li><a href=\"http:\/\/fraynelson.com\/conferencias\/oracion\/s035a.mp3\" target=\"_blank\">Laudes<\/a><\/li>\n<li><a href=\"http:\/\/fraynelson.com\/conferencias\/oracion\/s035v.mp3\" target=\"_blank\">V\u00edsperas<\/a><\/li>\n<li><a href=\"http:\/\/fraynelson.com\/conferencias\/oracion\/comp05.mp3\" target=\"_blank\">Completas<\/a><\/li>\n<\/ul>\n<p><strong>S\u00e1bado 7<\/strong>:<\/p>\n<ul>\n<li><a href=\"http:\/\/fraynelson.com\/conferencias\/oracion\/s036a.mp3\" target=\"_blank\">Laudes<\/a><\/li>\n<\/ul>\n<hr \/>\n<p><a href=\"https:\/\/fraynelson.com\/blog\/wp-content\/uploads\/2015\/10\/bo3034_ordo.jpg\"><img loading=\"lazy\" decoding=\"async\" class=\"aligncenter size-full wp-image-39499\" src=\"https:\/\/fraynelson.com\/blog\/wp-content\/uploads\/2015\/10\/bo3034_ordo.jpg\" alt=\"bo3034_ordo\" width=\"400\" height=\"400\" \/><\/a><\/p>\n","protected":false},"excerpt":{"rendered":"<p>Videos de micro-homil\u00edas para esta semana: https:\/\/www.youtube.com\/playlist?list=PLRmr1_QLb8pfqgtEszikZt-RJ_qSgXHw7 Liturgia de las Horas para esta semana: Domingo 1 de noviembre de 2015: Solemnidad de Todos los Santos Primeras V\u00edsperas (el s\u00e1bado 31 de octubre por la tarde) Completas despu\u00e9s de Primeras V\u00edsperas de la Solemnidad (el s\u00e1bado 31 de octubre por la noche) Laudes Segundas V\u00edsperas Completas &hellip; <\/p>\n<p class=\"link-more\"><a href=\"https:\/\/fraynelson.com\/blog\/2015\/10\/31\/breve-ordo-para-la-semana-del-1-al-7-de-noviembre-de-2015\/\" class=\"more-link\">Continuar leyendo<span class=\"screen-reader-text\"> &#8220;Breve ordo para la semana del 1 al 7 de noviembre de 2015&#8221;<\/span><\/a><\/p>\n","protected":false},"author":1138,"featured_media":0,"comment_status":"closed","ping_status":"closed","sticky":false,"template":"","format":"standard","meta":{"footnotes":""},"categories":[291,431],"tags":[],"class_list":["post-39710","post","type-post","status-publish","format-standard","hentry","category-audio","category-liturgia"],"jetpack_featured_media_url":"","_links":{"self":[{"href":"https:\/\/fraynelson.com\/blog\/wp-json\/wp\/v2\/posts\/39710","targetHints":{"allow":["GET"]}}],"collection":[{"href":"https:\/\/fraynelson.com\/blog\/wp-json\/wp\/v2\/posts"}],"about":[{"href":"https:\/\/fraynelson.com\/blog\/wp-json\/wp\/v2\/types\/post"}],"author":[{"embeddable":true,"href":"https:\/\/fraynelson.com\/blog\/wp-json\/wp\/v2\/users\/1138"}],"replies":[{"embeddable":true,"href":"https:\/\/fraynelson.com\/blog\/wp-json\/wp\/v2\/comments?post=39710"}],"version-history":[{"count":4,"href":"https:\/\/fraynelson.com\/blog\/wp-json\/wp\/v2\/posts\/39710\/revisions"}],"predecessor-version":[{"id":39713,"href":"https:\/\/fraynelson.com\/blog\/wp-json\/wp\/v2\/posts\/39710\/revisions\/39713"}],"wp:attachment":[{"href":"https:\/\/fraynelson.com\/blog\/wp-json\/wp\/v2\/media?parent=39710"}],"wp:term":[{"taxonomy":"category","embeddable":true,"href":"https:\/\/fraynelson.com\/blog\/wp-json\/wp\/v2\/categories?post=39710"},{"taxonomy":"post_tag","embeddable":true,"href":"https:\/\/fraynelson.com\/blog\/wp-json\/wp\/v2\/tags?post=39710"}],"curies":[{"name":"wp","href":"https:\/\/api.w.org\/{rel}","templated":true}]}}