{"id":39441,"date":"2015-10-26T12:10:54","date_gmt":"2015-10-26T17:10:54","guid":{"rendered":"http:\/\/fraynelson.com\/blog\/?p=39441"},"modified":"2015-10-22T16:00:11","modified_gmt":"2015-10-22T21:00:11","slug":"la-gracia-del-miercoles-28-de-octubre-de-2015","status":"publish","type":"post","link":"https:\/\/fraynelson.com\/blog\/2015\/10\/26\/la-gracia-del-miercoles-28-de-octubre-de-2015\/","title":{"rendered":"LA GRACIA del Mi\u00e9rcoles 28 de Octubre de 2015"},"content":{"rendered":"<p>FIESTA DE LOS AP\u00d3STOLES SAN SIM\u00d3N Y SAN JUDAS<\/p>\n<p>Reconociendo el valor y vigor de lo que Cristo ha ense\u00f1ado y que hemos recibido a trav\u00e9s de los ap\u00f3stoles, permanecemos firmes cuando se pretende destruir nuestra fe y doctrina.<\/p>\n<div class=\"powerpress_player\" id=\"powerpress_player_1384\"><audio class=\"wp-audio-shortcode\" id=\"audio-39441-1\" preload=\"none\" style=\"width: 100%;\" controls=\"controls\"><source type=\"audio\/mpeg\" src=\"https:\/\/dl.dropboxusercontent.com\/u\/15652\/homilias_mp3\/20151028.mp3?_=1\" \/><a href=\"https:\/\/dl.dropboxusercontent.com\/u\/15652\/homilias_mp3\/20151028.mp3\">https:\/\/dl.dropboxusercontent.com\/u\/15652\/homilias_mp3\/20151028.mp3<\/a><\/audio><\/div>\n<p><iframe loading=\"lazy\" title=\"LA GRACIA del Mi\u00e9rcoles 28 de Octubre de 2015\" width=\"525\" height=\"295\" src=\"https:\/\/www.youtube.com\/embed\/28eM8oQ_JnU?feature=oembed\" frameborder=\"0\" allow=\"accelerometer; autoplay; clipboard-write; encrypted-media; gyroscope; picture-in-picture; web-share\" referrerpolicy=\"strict-origin-when-cross-origin\" allowfullscreen><\/iframe><\/p>\n<p>[REPRODUCCI\u00d3N PERMITIDA \u2013 Ay\u00fadanos a divulgar este archivo de audio en las redes sociales, blogs, emisoras de radio, y otros medios.]<\/p>\n","protected":false},"excerpt":{"rendered":"<p>FIESTA DE LOS AP\u00d3STOLES SAN SIM\u00d3N Y SAN JUDAS Reconociendo el valor y vigor de lo que Cristo ha ense\u00f1ado y que hemos recibido a trav\u00e9s de los ap\u00f3stoles, permanecemos firmes cuando se pretende destruir nuestra fe y doctrina. [REPRODUCCI\u00d3N PERMITIDA \u2013 Ay\u00fadanos a divulgar este archivo de audio en las redes sociales, blogs, emisoras &hellip; <\/p>\n<p class=\"link-more\"><a href=\"https:\/\/fraynelson.com\/blog\/2015\/10\/26\/la-gracia-del-miercoles-28-de-octubre-de-2015\/\" class=\"more-link\">Continuar leyendo<span class=\"screen-reader-text\"> &#8220;LA GRACIA del Mi\u00e9rcoles 28 de Octubre de 2015&#8221;<\/span><\/a><\/p>\n","protected":false},"author":1139,"featured_media":0,"comment_status":"closed","ping_status":"closed","sticky":false,"template":"","format":"standard","meta":{"footnotes":""},"categories":[291,307,56,841,302],"tags":[],"class_list":["post-39441","post","type-post","status-publish","format-standard","hentry","category-audio","category-homilias","category-la-iglesia-hoy","category-micro-homilias","category-video"],"jetpack_featured_media_url":"","_links":{"self":[{"href":"https:\/\/fraynelson.com\/blog\/wp-json\/wp\/v2\/posts\/39441","targetHints":{"allow":["GET"]}}],"collection":[{"href":"https:\/\/fraynelson.com\/blog\/wp-json\/wp\/v2\/posts"}],"about":[{"href":"https:\/\/fraynelson.com\/blog\/wp-json\/wp\/v2\/types\/post"}],"author":[{"embeddable":true,"href":"https:\/\/fraynelson.com\/blog\/wp-json\/wp\/v2\/users\/1139"}],"replies":[{"embeddable":true,"href":"https:\/\/fraynelson.com\/blog\/wp-json\/wp\/v2\/comments?post=39441"}],"version-history":[{"count":4,"href":"https:\/\/fraynelson.com\/blog\/wp-json\/wp\/v2\/posts\/39441\/revisions"}],"predecessor-version":[{"id":39466,"href":"https:\/\/fraynelson.com\/blog\/wp-json\/wp\/v2\/posts\/39441\/revisions\/39466"}],"wp:attachment":[{"href":"https:\/\/fraynelson.com\/blog\/wp-json\/wp\/v2\/media?parent=39441"}],"wp:term":[{"taxonomy":"category","embeddable":true,"href":"https:\/\/fraynelson.com\/blog\/wp-json\/wp\/v2\/categories?post=39441"},{"taxonomy":"post_tag","embeddable":true,"href":"https:\/\/fraynelson.com\/blog\/wp-json\/wp\/v2\/tags?post=39441"}],"curies":[{"name":"wp","href":"https:\/\/api.w.org\/{rel}","templated":true}]}}