{"id":39345,"date":"2015-10-17T01:57:40","date_gmt":"2015-10-17T06:57:40","guid":{"rendered":"http:\/\/fraynelson.com\/blog\/?p=39345"},"modified":"2015-10-16T17:58:55","modified_gmt":"2015-10-16T22:58:55","slug":"prepararse-para-lo-improbable","status":"publish","type":"post","link":"https:\/\/fraynelson.com\/blog\/2015\/10\/17\/prepararse-para-lo-improbable\/","title":{"rendered":"Prepararse para lo improbable"},"content":{"rendered":"<p>Hacer una lista de lo <em>imprevisto<\/em> puede ser bastante frustrante. Es darse cuenta de <strong>cu\u00e1ntas cosas ya han sucedido sin que las vi\u00e9ramos venir<\/strong>: toda una colecci\u00f3n de sorpresas, a veces gratas, y a veces no tanto.<\/p>\n<p>Todav\u00eda m\u00e1s dif\u00edcil es hacer la lista de lo <em>imprevisible<\/em>. Apenas contamos con algunas instancias de fen\u00f3menos que tal vez se repetir\u00e1n y amplificar\u00e1n en el futuro. <strong>\u00bfC\u00f3mo distinguir la se\u00f1al del ruido? \u00bfQu\u00e9 acontecimientos son simplemente marginales, y cu\u00e1les son signo de tendencias que despu\u00e9s cobrar\u00e1n fuerza?<\/strong> Cristo nos manda que leamos los signos de los tiempos pero nuestra capacidad de lectura no suele estar al nivel requerido para tal empe\u00f1o.<\/p>\n<p><img loading=\"lazy\" decoding=\"async\" align=\"right\" height=\"334\" src=\"http:\/\/fraynelson.com\/banco_imagenes\/recomendados\/20120310.jpg\" width=\"321\" \/>Y sin embargo, la tarea hay que hacerla, y a\u00fan nuestras equivocaciones pueden al final traer algo bueno. En esa l\u00ednea <strong>quiero presentar una breve lista de realidades nuevas que creo que deber\u00edan atraer la atenci\u00f3n de nuestros pastores<\/strong>, y en general de todos los que amamos la Iglesia.<\/p>\n<p><strong class=\"rojo\">1. Hay que prepararse mejor para las entrevistas y sesiones de preguntas<\/strong><span class=\"rojo\">.<\/span> Quiero saber: \u00bfQui\u00e9n entrena a los obispos, los te\u00f3logos, o al Papa en esto de las entrevistas? No soy un experto pero creo que hay bastante espacio para mejorar aqu\u00ed. Es preciso comprender que, de modo ordinario,<strong> los intereses del periodista y los del entrevistado est\u00e1n cruzados<\/strong>: al primero le interesa la novedad, el conflicto, incluso el esc\u00e1ndalo; se supone que al segundo le preocupa m\u00e1s confirmar en la fe, ampliar un punto de vista mientras se afianza la certeza de las ense\u00f1anzas recibidas. En asuntos doctrinales lo que debe esperarse del ministro ordenado es firmeza, claridad y luego tambi\u00e9n buena pedagog\u00eda. No veo yo mucho entrenamiento real en esas exigencias.<!--more--><\/p>\n<p><strong class=\"rojo\">2. Todav\u00eda m\u00e1s: hay que prepararse para las preguntas ofensivas, blasfemas o \u00edntimas<\/strong>. En los medios seculares ya hemos visto casos de periodistas que quieren hacer avanzar su carrera a fuerza de presionar por el lado de lo inusual, lo turbio o lo \u00edntimo. No hace mucho, un periodista le preguntaba a un actor, en una rueda de prensa, sobre c\u00f3mo era su vida sexual en el presente. Con agilidad el entrevistado replic\u00f3 algo as\u00ed como: \u201c\u00bfPor qu\u00e9 te interesa eso?\u201d La cosa pas\u00f3 como una muestra de inteligencia emocional sin la trascendencia que el tal periodista quer\u00eda. Otro ejemplo: para poner en situaci\u00f3n inc\u00f3moda a los entrevistados en una ronda de preguntas para precandidatos presidenciales republicanos, en Estados Unidos, <strong>los periodistas dejaron de lado las formulaciones que resultan m\u00e1s familiares y c\u00f3modas, es decir, las puramente te\u00f3ricas<\/strong>, y empezaron a preguntar cosas como: \u201c\u00bfIr\u00eda usted a la boda de un amigo suyo homosexual que ha decidido casarse con su novio?\u201d A veces tiemblo al pensar cu\u00e1ntos sacerdotes u obispos sabr\u00edan salir airosos de un momento medi\u00e1tico semejante.<\/p>\n<p><strong class=\"rojo\">3. El repugnante estilo Femen \/ Willy Toledo se volver\u00e1 m\u00e1s frecuente<\/strong>. Para quienes no las conozcan, las Femen son un grupo de mujeres, procedentes y actuantes en muchos pa\u00edses, que suelen lograr notoriedad usando sus propios cuerpos semidesnudos para atraer atenci\u00f3n. Como no es frecuente que una mujer ande por ah\u00ed mostrando los pechos y gritando de modo cuasi hist\u00e9rico, las tales Femen logran a menudo su principal objetivo: titulares de prensa y registro fotogr\u00e1fico. Si luego pasan unos d\u00edas de arresto, eso poco importa. En su mente oscurecida supongo que lo ven como parte de su \u201cheroica\u201d lucha por conseguir una sociedad m\u00e1s justa o igualitaria, seg\u00fan lo entienden ellas. <strong>Hay que reconocer que el elemento sorpresa suele jugar a favor suyo<\/strong>. Ya intentaron algo con un pesebre en el Vaticano y de seguro ellas, u otros antisistema semejantes, seguir\u00e1n saboteando y vandalizando edificios y reuniones de lo que no comparten. \u00bfQui\u00e9n en la Iglesia est\u00e1 preparado para eso? Una variante de las Femen ya ha asomado de tiempo atr\u00e1s. En algunas manifestaciones masivas de fieles en torno al Papa Juan Pablo II no faltaron los que llevaban objetos o pancartas ofensivas, obscenas o blasfemas, por ejemplo: preservativos grotescos inflados. \u00bfQu\u00e9 tan preparados estamos para ser saboteados?<\/p>\n<p><strong><img loading=\"lazy\" decoding=\"async\" align=\"left\" height=\"334\" src=\"http:\/\/fraynelson.com\/banco_imagenes\/recomendados\/20120310.jpg\" width=\"321\" \/><span class=\"rojo\">4. La ley se nos aplicar\u00e1 de modo injusto<\/span>.<\/strong> Si alguno blasfema contra la Virgen del Pilar, se puede poner una demanda reclamando ataque, odio o irrespeto al sentimiento religioso. Pero ya sabemos que muchas de esa demandas son f\u00e1ciles de estancar y neutralizar usando por ejemplo el derecho a la libre expresi\u00f3n. Por supuesto: los tribunales no son consecuentes. Si una mayor\u00eda de padres de familia cat\u00f3licos quieren la presencia de un monumento religioso en lugar p\u00fablico, ya no vale la libertad de expresi\u00f3n sino el respeto a las minor\u00edas. <strong>Es tal el n\u00famero de derechos que pueden invocarse en el terreno legal que a menudo uno siente que todo depende de lo que el juez o la instancia respectiva quiera<\/strong>. Y est\u00e1 visto que muchos de esos no quieren arriesgar nada por defender a la Iglesia. Ya se sabe que es barato y queda impune la ofensa a los cat\u00f3licos. \u00bfDebemos resignarnos a ello como si fuera el final de la historia? \u00bfLos abogados cat\u00f3licos no pueden hacer m\u00e1s? \u00bfLos laicos no pueden manifestarse m\u00e1s o mejor? Bueno pues ah\u00ed hemos tocado un punto d\u00e9bil y doloroso: la capacidad real de reacci\u00f3n unificada de nuestra gente es m\u00ednima. Alguien dir\u00e1 que es el precio que pagamos por la deficiente formaci\u00f3n que damos a nuestros laicos, y <strong>es tan extendida la mentalidad de mantenerlos en una especie de minor\u00eda de edad, que cuando los necesitamos para que hagan respetar lo que a todos debe importarnos, no aparecen<\/strong>. S\u00f3lo por recordar un dato doloroso m\u00e1s: cuando el fallecido presidente venezolano Hugo Ch\u00e1vez insultaba en p\u00fablico al nuncio de turno, \u00bfrecuerda alguien que se hubieran dado levantamientos masivos de voces cat\u00f3licas? Pregunto: \u00bfcu\u00e1ndo vamos a empezar a entrenarnos para eso: para que nuestra gente no se deje ofender en sus creencias ni en la persona de sus pastores?<\/p>\n<p><strong class=\"rojo\">5. Intentar\u00e1n estrangularnos con multas abultadas y absurdas<\/strong>. Es el estilo de Obama cuando se trata de imponer una legislaci\u00f3n que aplasta los derechos de la conciencia: \u00bfque no quieres doblegarte para subsidiar anticonceptivos y abortos? Ya te cae tu multa. Una multa brutal, acumulable, asfixiante. De nuevo: <strong>\u00bfd\u00f3nde est\u00e1n los laicos listos para contra-atacar frente a ese abuso?<\/strong> \u00bfQu\u00e9 lugar tienen estos temas en la formaci\u00f3n de los futuros sacerdotes?<\/p>\n<p><strong><span class=\"rojo\">6. Hay que temer nuevas y m\u00e1s visibles disidencias dentro de la Iglesia<\/span>.<\/strong> Pocas cosas tan perjudiciales para nuestro pueblo cat\u00f3lico que esas discusiones, tipo s\u00ednodo de la familia, que dejan en todos la sensaci\u00f3n de que nuestra doctrina es puro asunto de conveniencias o de fuerzas \u201cpol\u00edticas\u201d en contienda, es decir: pura ense\u00f1anza de hombres. <strong>No importa ya lo que se diga como conclusi\u00f3n en el s\u00ednodo, hay da\u00f1os que ya est\u00e1n hechos<\/strong> porque ya hay millones que han sembrado profundamente en su cerebro la idea de que una firma del Papa podr\u00eda aprobar el \u201cdivorcio,\u201d autorizar la comuni\u00f3n de los divorciados vueltos a casar, o equiparar las relaciones homosexuales con las propias de la naturaleza humana. Ese da\u00f1o ya est\u00e1 hecho. Incluso si, como es previsible, el Papa actual refrenda y confirma en todas sus partes las ense\u00f1anzas brillantes y s\u00f3lidas de una <em>Humanae Vitae<\/em>, o de una <em>Familiaris Consortio<\/em>, ya la gente qued\u00f3 con la idea de que las cosas se pueden cambiar a golpe de bulas y decretos. Y si las cosas no cambian ahora, lo que buena parte de la misma gente dir\u00e1 es que \u201c<em>las presiones neoconservadoras no le dejaron completar al Papa Francisco su propuesta llena de misericordia y de realismo pastoral<\/em>.\u201d Ya me parece estar leyendo titulares semejantes en medios como <em>Religi\u00f3n Digital<\/em>. La pregunta es: sucedido ya ese da\u00f1o, \u00bfc\u00f3mo hemos de prepararnos, y c\u00f3mo han de prepararse los actuales seminaristas para predicar en el ambiente enrarecido post-sinodal?<\/p>\n<p><strong class=\"rojo\">7. Hay mucha gente desanimada y hay muchos confundidos, de buena o de mala fe<\/strong>. Pero tambi\u00e9n hay gente que, m\u00e1s all\u00e1 de su dolor o perplejidad, quieren servir a la \u00fanica Iglesia de Cristo. Yo mismo he encontrado a muchos as\u00ed: gente sencilla, o de grande preparaci\u00f3n acad\u00e9mica, que de alg\u00fan modo est\u00e1 esperando su hora para servir y aportar. \u00bfCu\u00e1les son los amplios canales abiertos por donde se puede orientar tan oportuna generosidad? <strong>No pensemos que todos los j\u00f3venes est\u00e1n felices con la predicaci\u00f3n de la misericordia deformada o de la mediocridad entronizada<\/strong>. \u00bfHay quien los escuche, quien los aliente, quien complete su formaci\u00f3n y les ayude a organizarse?<\/p>\n<p>Son preguntas que estimo \u00fatiles para ver con <strong>ojos nuevos, cargados tanto de realismo como de fe<\/strong>, el futuro que ya lleg\u00f3 a nuestra puerta.<\/p>\n","protected":false},"excerpt":{"rendered":"<p>Hacer una lista de lo imprevisto puede ser bastante frustrante. Es darse cuenta de cu\u00e1ntas cosas ya han sucedido sin que las vi\u00e9ramos venir: toda una colecci\u00f3n de sorpresas, a veces gratas, y a veces no tanto. Todav\u00eda m\u00e1s dif\u00edcil es hacer la lista de lo imprevisible. Apenas contamos con algunas instancias de fen\u00f3menos que &hellip; <\/p>\n<p class=\"link-more\"><a href=\"https:\/\/fraynelson.com\/blog\/2015\/10\/17\/prepararse-para-lo-improbable\/\" class=\"more-link\">Continuar leyendo<span class=\"screen-reader-text\"> &#8220;Prepararse para lo improbable&#8221;<\/span><\/a><\/p>\n","protected":false},"author":1138,"featured_media":0,"comment_status":"closed","ping_status":"closed","sticky":false,"template":"","format":"standard","meta":{"footnotes":""},"categories":[43,41,56,40],"tags":[],"class_list":["post-39345","post","type-post","status-publish","format-standard","hentry","category-evangelizar-hoy","category-hacer-teologia-hoy","category-la-iglesia-hoy","category-vivir-la-fe-hoy"],"jetpack_featured_media_url":"","_links":{"self":[{"href":"https:\/\/fraynelson.com\/blog\/wp-json\/wp\/v2\/posts\/39345","targetHints":{"allow":["GET"]}}],"collection":[{"href":"https:\/\/fraynelson.com\/blog\/wp-json\/wp\/v2\/posts"}],"about":[{"href":"https:\/\/fraynelson.com\/blog\/wp-json\/wp\/v2\/types\/post"}],"author":[{"embeddable":true,"href":"https:\/\/fraynelson.com\/blog\/wp-json\/wp\/v2\/users\/1138"}],"replies":[{"embeddable":true,"href":"https:\/\/fraynelson.com\/blog\/wp-json\/wp\/v2\/comments?post=39345"}],"version-history":[{"count":1,"href":"https:\/\/fraynelson.com\/blog\/wp-json\/wp\/v2\/posts\/39345\/revisions"}],"predecessor-version":[{"id":39346,"href":"https:\/\/fraynelson.com\/blog\/wp-json\/wp\/v2\/posts\/39345\/revisions\/39346"}],"wp:attachment":[{"href":"https:\/\/fraynelson.com\/blog\/wp-json\/wp\/v2\/media?parent=39345"}],"wp:term":[{"taxonomy":"category","embeddable":true,"href":"https:\/\/fraynelson.com\/blog\/wp-json\/wp\/v2\/categories?post=39345"},{"taxonomy":"post_tag","embeddable":true,"href":"https:\/\/fraynelson.com\/blog\/wp-json\/wp\/v2\/tags?post=39345"}],"curies":[{"name":"wp","href":"https:\/\/api.w.org\/{rel}","templated":true}]}}