{"id":39245,"date":"2015-10-12T14:17:57","date_gmt":"2015-10-12T19:17:57","guid":{"rendered":"http:\/\/fraynelson.com\/blog\/?p=39245"},"modified":"2015-10-12T14:17:57","modified_gmt":"2015-10-12T19:17:57","slug":"gimnasio-mental-072","status":"publish","type":"post","link":"https:\/\/fraynelson.com\/blog\/2015\/10\/12\/gimnasio-mental-072\/","title":{"rendered":"Gimnasio Mental 072"},"content":{"rendered":"<p><img decoding=\"async\" src=\"http:\/\/fraynelson.com\/banco_imagenes\/recomendados\/20151014.jpg\" alt=\"\" \/><\/p>\n<p>Tres hermanitos, Antonio, Bernardo y Celino, quedaron solos en casa. Cuando mam\u00e1 volvi\u00f3 descubri\u00f3 que uno de ellos, y s\u00f3lo uno, hab\u00eda sustra\u00eddo una galleta de la bolsa especial de galletas de la abuela. Interrogados, los ni\u00f1os dijeron estas tres frases: Antonio dijo que no se hab\u00eda robado la galleta. Bernardo dijo que Antonio la hab\u00eda robado. Celino dijo que \u00e9l la hab\u00eda robado. La mam\u00e1, que conoce bien a sus hijos, sabe que s\u00f3lo una de esas tres frases es cierta. Seg\u00fan eso, \u00bfcu\u00e1l de las siguientes cinco frases podemos estar seguros de que es verdadera? (1) Alberto no se rob\u00f3 la galleta. (2) Celino no se rob\u00f3 la galleta. (3) Alberto se la rob\u00f3. (4) Bernardo la rob\u00f3. (5) Celino la rob\u00f3.<\/p>\n<p>[Si buscas la soluci\u00f3n al <a title=\"Gimnasio Mental 071\" href=\"https:\/\/fraynelson.com\/blog\/2015\/10\/05\/gimnasio-mental-071\/\" target=\"_blank\">Gimnasio 071<\/a>, haz click <a href=\"http:\/\/fraynelson.com\/banco_imagenes\/recomendados\/20151007s.jpg\" target=\"_blank\">aqu\u00ed<\/a>.]<\/p>\n","protected":false},"excerpt":{"rendered":"<p>Tres hermanitos, Antonio, Bernardo y Celino, quedaron solos en casa. Cuando mam\u00e1 volvi\u00f3 descubri\u00f3 que uno de ellos, y s\u00f3lo uno, hab\u00eda sustra\u00eddo una galleta de la bolsa especial de galletas de la abuela. Interrogados, los ni\u00f1os dijeron estas tres frases: Antonio dijo que no se hab\u00eda robado la galleta. Bernardo dijo que Antonio la &hellip; <\/p>\n<p class=\"link-more\"><a href=\"https:\/\/fraynelson.com\/blog\/2015\/10\/12\/gimnasio-mental-072\/\" class=\"more-link\">Continuar leyendo<span class=\"screen-reader-text\"> &#8220;Gimnasio Mental 072&#8221;<\/span><\/a><\/p>\n","protected":false},"author":1138,"featured_media":0,"comment_status":"closed","ping_status":"closed","sticky":false,"template":"","format":"standard","meta":{"footnotes":""},"categories":[1158],"tags":[],"class_list":["post-39245","post","type-post","status-publish","format-standard","hentry","category-gimnasio-mental"],"jetpack_featured_media_url":"","_links":{"self":[{"href":"https:\/\/fraynelson.com\/blog\/wp-json\/wp\/v2\/posts\/39245","targetHints":{"allow":["GET"]}}],"collection":[{"href":"https:\/\/fraynelson.com\/blog\/wp-json\/wp\/v2\/posts"}],"about":[{"href":"https:\/\/fraynelson.com\/blog\/wp-json\/wp\/v2\/types\/post"}],"author":[{"embeddable":true,"href":"https:\/\/fraynelson.com\/blog\/wp-json\/wp\/v2\/users\/1138"}],"replies":[{"embeddable":true,"href":"https:\/\/fraynelson.com\/blog\/wp-json\/wp\/v2\/comments?post=39245"}],"version-history":[{"count":2,"href":"https:\/\/fraynelson.com\/blog\/wp-json\/wp\/v2\/posts\/39245\/revisions"}],"predecessor-version":[{"id":39247,"href":"https:\/\/fraynelson.com\/blog\/wp-json\/wp\/v2\/posts\/39245\/revisions\/39247"}],"wp:attachment":[{"href":"https:\/\/fraynelson.com\/blog\/wp-json\/wp\/v2\/media?parent=39245"}],"wp:term":[{"taxonomy":"category","embeddable":true,"href":"https:\/\/fraynelson.com\/blog\/wp-json\/wp\/v2\/categories?post=39245"},{"taxonomy":"post_tag","embeddable":true,"href":"https:\/\/fraynelson.com\/blog\/wp-json\/wp\/v2\/tags?post=39245"}],"curies":[{"name":"wp","href":"https:\/\/api.w.org\/{rel}","templated":true}]}}