{"id":38767,"date":"2015-09-24T11:01:10","date_gmt":"2015-09-24T16:01:10","guid":{"rendered":"http:\/\/fraynelson.com\/blog\/?p=38767"},"modified":"2015-09-24T11:01:10","modified_gmt":"2015-09-24T16:01:10","slug":"alimento-20150926","status":"publish","type":"post","link":"https:\/\/fraynelson.com\/blog\/2015\/09\/24\/alimento-20150926\/","title":{"rendered":"ALIMENTO 20150926"},"content":{"rendered":"<div align=\"center\">\n<p><b>[<\/b> <a href=\"https:\/\/fraynelson.com\/blog\/2015\/09\/24\/alimento-20150926\/\" target=\"_blank\">Ver en la WEB<\/a> <b>] [<\/b> <a href=\"http:\/\/fraynelson.com\/suscripciones.html\" target=\"_blank\">Suscribirse \/ Darse de baja<\/a> <b>]<\/b><\/p>\n<\/div>\n<p><!--more--><\/p>\n<table border=\"0\" width=\"80%\" cellspacing=\"2\" cellpadding=\"2\" align=\"center\" bgcolor=\"#ffffcc\">\n<tbody>\n<tr>\n<td>\n<div align=\"center\">\n<table border=\"0\" cellspacing=\"0\" cellpadding=\"0\" align=\"center\" bgcolor=\"#ffffff\">\n<tbody>\n<tr>\n<td colspan=\"2\" bgcolor=\"#ffffcc\">\n<div align=\"center\"><img decoding=\"async\" src=\"http:\/\/fraynelson.com\/banco_imagenes\/casita.jpg\" alt=\"\" height=\"115\" \/><\/div>\n<\/td>\n<\/tr>\n<tr>\n<td colspan=\"2\" bgcolor=\"#ffffff\" height=\"1\">\n<div align=\"center\"><span style=\"color: #ffffff; font-family: Arial,Helvetica,sans-serif; font-size: xx-small;\"><img decoding=\"async\" src=\"http:\/\/fraynelson.com\/_blnk.gif\" alt=\"\" height=\"1\" vspace=\"1\" \/><\/span><\/div>\n<\/td>\n<\/tr>\n<tr>\n<td colspan=\"2\" bgcolor=\"#ffffff\" height=\"1\">\n<div align=\"center\">\n<table border=\"0\" width=\"98%\" cellspacing=\"0\" cellpadding=\"0\" align=\"center\" bgcolor=\"#590b00\">\n<tbody>\n<tr>\n<td width=\"5\" height=\"45\"><\/td>\n<td>\n<div align=\"center\">\n<p><span class=\"resaltado\"><span style=\"color: #ffffcc; font-family: Arial,Helvetica,sans-serif; font-size: medium;\"><strong>Alimento del Alma<\/strong><\/span><strong><br \/>\n<span style=\"color: #ffffcc; font-family: Arial,Helvetica,sans-serif; font-size: small;\">S\u00e1bado 26 de septiembre de 2015<\/span><\/strong><\/span><br \/>\n<span style=\"color: #ffffcc; font-family: Arial,Helvetica,sans-serif; font-size: xx-small;\"><span class=\"cierre\">Convento de Santo Domingo, Bogot\u00e1, COLOMBIA.<br \/>\nTel. +57 (1) 249-3385<\/span><\/span><\/p>\n<\/div>\n<\/td>\n<td bgcolor=\"#ffcc99\">\n<div align=\"center\"><span style=\"color: #590b00; font-family: Arial,Helvetica,sans-serif; font-size: small;\"><strong>No. 8623<\/strong><\/span><\/div>\n<\/td>\n<\/tr>\n<\/tbody>\n<\/table>\n<\/div>\n<\/td>\n<\/tr>\n<tr>\n<td colspan=\"2\">\n<table border=\"0\" cellspacing=\"2\" cellpadding=\"2\" align=\"center\">\n<tbody>\n<tr>\n<td valign=\"top\" bgcolor=\"#ffffdd\" height=\"2989\">\n<table border=\"0\" width=\"98%\" align=\"center\">\n<tbody>\n<tr>\n<td colspan=\"2\" bgcolor=\"#ffcc99\">\n<div align=\"center\"><span style=\"color: #590b00; font-family: Verdana,Arial,Helvetica,sans-serif; font-size: small;\"><strong>Cada d\u00eda tiene su gracia&#8230;<\/strong><\/span><\/div>\n<\/td>\n<\/tr>\n<tr bgcolor=\"#ffffff\">\n<td>\n<p align=\"center\"><a href=\"http:\/\/is.gd\/fraynelson20150926\" target=\"_blank\"><img decoding=\"async\" src=\"http:\/\/fraynelson.com\/banco_imagenes\/b_lagracia.png\" alt=\"\" border=\"0\" \/><\/a><\/p>\n<\/td>\n<\/tr>\n<tr>\n<td colspan=\"2\" bgcolor=\"#ffcc99\"><\/td>\n<\/tr>\n<\/tbody>\n<\/table>\n<p>&nbsp;<\/p>\n<p align=\"center\"><a href=\"http:\/\/www.vatican.va\" target=\"_blank\"><img decoding=\"async\" src=\"http:\/\/fraynelson.com\/banco_imagenes\/boletin_izq_016.jpg\" alt=\"\" border=\"0\" \/><\/a><\/p>\n<p>&nbsp;<\/p>\n<table border=\"0\" width=\"98%\" align=\"center\">\n<tbody>\n<tr>\n<td colspan=\"2\" bgcolor=\"#ffcc99\">\n<div align=\"center\"><span style=\"color: #590b00; font-family: Verdana,Arial,Helvetica,sans-serif; font-size: small;\"><strong>A\u00fan m\u00e1s contenido,<br \/>\nen FRAYNELSON.COM y FRAYNELSON.NET:<\/strong><\/span><\/div>\n<\/td>\n<\/tr>\n<tr bgcolor=\"#ffffff\">\n<td>\n<div align=\"center\"><span style=\"color: #590b00; font-size: large;\">\u2022<\/span><\/div>\n<\/td>\n<td><a href=\"http:\/\/fraynelson.com\"><span style=\"color: #000066; font-family: Arial,Helvetica,sans-serif; font-size: small;\"><strong>Inicio<\/strong><\/span><\/a><\/td>\n<\/tr>\n<tr bgcolor=\"#ffffff\">\n<td>\n<div align=\"center\"><span style=\"color: #590b00; font-size: large;\">\u2022<\/span><\/div>\n<\/td>\n<td><a href=\"http:\/\/fraynelson.net\"><span style=\"color: #000066; font-family: Arial,Helvetica,sans-serif; font-size: small;\"><strong>AMIGOS EN LA FE<\/strong><\/span><\/a><\/td>\n<\/tr>\n<tr bgcolor=\"#ffffff\">\n<td>\n<div align=\"center\"><span style=\"color: #590b00; font-size: large;\">\u2022<\/span><\/div>\n<\/td>\n<td><a href=\"http:\/\/fraynelson.com\/calendario.php\"><span style=\"color: #000066; font-family: Arial,Helvetica,sans-serif; font-size: small;\"><strong>Calendario<\/strong><\/span><\/a><\/td>\n<\/tr>\n<tr bgcolor=\"#ffffff\">\n<td>\n<div align=\"center\"><span style=\"color: #590b00; font-size: large;\">\u2022<\/span><\/div>\n<\/td>\n<td><a href=\"https:\/\/fraynelson.com\/blog\/categorias\/audio\"><span style=\"color: #000066; font-family: Arial,Helvetica,sans-serif; font-size: small;\"><strong>Predicaci\u00f3n de viva voz<\/strong><\/span><\/a><\/td>\n<\/tr>\n<tr bgcolor=\"#ffffff\">\n<td>\n<div align=\"center\"><span style=\"color: #590b00; font-size: large;\">\u2022<\/span><\/div>\n<\/td>\n<td><a href=\"http:\/\/fraynelson.com\/homilias.html\"><span style=\"color: #000066; font-family: Arial,Helvetica,sans-serif; font-size: small;\"><strong>Homil\u00edas<\/strong><\/span><\/a><\/td>\n<\/tr>\n<tr bgcolor=\"#ffffff\">\n<td>\n<div align=\"center\"><span style=\"color: #590b00; font-size: large;\">\u2022<\/span><\/div>\n<\/td>\n<td><a href=\"http:\/\/fraynelson.com\/preguntas.php\"><span style=\"color: #000066; font-family: Arial,Helvetica,sans-serif; font-size: small;\"><strong>Preguntas y Respuestas<\/strong><\/span><\/a><\/td>\n<\/tr>\n<tr bgcolor=\"#ffffff\">\n<td>\n<div align=\"center\"><span style=\"color: #590b00; font-size: large;\">\u2022<\/span><\/div>\n<\/td>\n<td><a href=\"http:\/\/fraynelson.com\/imprenta.html\"><span style=\"color: #000066; font-family: Arial,Helvetica,sans-serif; font-size: small;\"><strong>Imprenta (PDF)<\/strong><\/span><\/a><\/td>\n<\/tr>\n<tr bgcolor=\"#ffffff\">\n<td>\n<div align=\"center\"><span style=\"color: #590b00; font-size: large;\">\u2022<\/span><\/div>\n<\/td>\n<td><a href=\"http:\/\/fraynelson.com\/wiki\"><span style=\"color: #000066; font-family: Arial,Helvetica,sans-serif; font-size: small;\"><strong>Wiki (transcripciones)<\/strong><\/span><\/a><\/td>\n<\/tr>\n<tr bgcolor=\"#ffffff\">\n<td>\n<div align=\"center\"><span style=\"color: #590b00; font-size: large;\">\u2022<\/span><\/div>\n<\/td>\n<td><a href=\"https:\/\/fraynelson.com\/blog\"><span style=\"color: #000066; font-family: Arial,Helvetica,sans-serif; font-size: small;\"><strong>Diario (Weblog)<\/strong><\/span><\/a><\/td>\n<\/tr>\n<tr bgcolor=\"#ffffff\">\n<td>\n<div align=\"center\"><span style=\"color: #590b00; font-size: large;\">\u2022<\/span><\/div>\n<\/td>\n<td><a href=\"http:\/\/fraynelson.com\/comunidad\/\"><span style=\"color: #000066; font-family: Arial,Helvetica,sans-serif; font-size: small;\"><strong>Oraci\u00f3n Compartida<\/strong><\/span><\/a><\/td>\n<\/tr>\n<tr bgcolor=\"#ffffff\">\n<td>\n<div align=\"center\"><span style=\"color: #590b00; font-size: large;\">\u2022<\/span><\/div>\n<\/td>\n<td><a href=\"http:\/\/www.htmlgear.tripod.com\/guest\/control.guest?u=fraynelson0&amp;i=1&amp;a=view\"><span style=\"color: #000066; font-family: Arial,Helvetica,sans-serif; font-size: small;\"><strong>Testimonios<\/strong><\/span><\/a><\/td>\n<\/tr>\n<tr bgcolor=\"#ffffff\">\n<td>\n<div align=\"center\"><span style=\"color: #590b00; font-size: large;\">\u2022<\/span><\/div>\n<\/td>\n<td><a href=\"http:\/\/fraynelson.com\/ayuda.html\"><span style=\"color: #000066; font-family: Arial,Helvetica,sans-serif; font-size: small;\"><strong>C\u00f3mo ayudar<\/strong><\/span><\/a><\/td>\n<\/tr>\n<tr bgcolor=\"#ffffff\">\n<td colspan=\"2\" bgcolor=\"#ffcc99\"><\/td>\n<\/tr>\n<\/tbody>\n<\/table>\n<p>&nbsp;<\/p>\n<p align=\"center\"><a href=\"http:\/\/www.opcolombia.org\" target=\"_blank\"><img decoding=\"async\" src=\"http:\/\/fraynelson.com\/banco_imagenes\/boletin_izq_02.jpg\" alt=\"\" border=\"0\" \/><\/a><\/p>\n<p>&nbsp;<\/p>\n<table border=\"0\" width=\"98%\" align=\"center\">\n<tbody>\n<tr>\n<td colspan=\"2\" bgcolor=\"#ffcc99\">\n<div align=\"center\"><span style=\"color: #590b00; font-family: Verdana,Arial,Helvetica,sans-serif; font-size: small;\"><strong>\u00a1 PONTE AL D\u00cdA !<br \/>\nEstas son nuestras series:<\/strong><\/span><\/div>\n<\/td>\n<\/tr>\n<tr bgcolor=\"#ffffff\">\n<td>\n<div align=\"center\"><span style=\"color: #590b00; font-size: large;\">\u2022<\/span><\/div>\n<\/td>\n<td><a href=\"https:\/\/fraynelson.com\/blog\/categorias\/iglesia-catolica\/biblioteca-pontificia\/\"><span style=\"color: #000066; font-family: Arial,Helvetica,sans-serif; font-size: small;\"><strong>Biblioteca Pontificia<\/strong><\/span><\/a><\/td>\n<\/tr>\n<tr bgcolor=\"#ffffff\">\n<td>\n<div align=\"center\"><span style=\"color: #590b00; font-size: large;\">\u2022<\/span><\/div>\n<\/td>\n<td><a href=\"https:\/\/fraynelson.com\/blog\/categorias\/teologia-espiritual\/las-palabras-del-angel\/\"><span style=\"color: #000066; font-family: Arial,Helvetica,sans-serif; font-size: small;\"><strong>Las Palabras del Angel<\/strong><\/span><\/a><\/td>\n<\/tr>\n<tr bgcolor=\"#ffffff\">\n<td>\n<div align=\"center\"><span style=\"color: #590b00; font-size: large;\">\u2022<\/span><\/div>\n<\/td>\n<td><a href=\"https:\/\/fraynelson.com\/blog\/categorias\/teologia-espiritual\/conoce-tu-dios\/\"><span style=\"color: #000066; font-family: Arial,Helvetica,sans-serif; font-size: small;\"><strong>Conoce a tu Dios (P. Jaime Forero, q.e.p.d)<\/strong><\/span><\/a><\/td>\n<\/tr>\n<tr bgcolor=\"#ffffff\">\n<td>\n<div align=\"center\"><span style=\"color: #590b00; font-size: large;\">\u2022<\/span><\/div>\n<\/td>\n<td><a href=\"https:\/\/fraynelson.com\/blog\/?s=ejercicios+perdon\"><span style=\"color: #000066; font-family: Arial,Helvetica,sans-serif; font-size: small;\"><strong>Ejercicios para el Perd\u00f3n (P. Jaime Forero, q.e.p.d)<\/strong><\/span><\/a><\/td>\n<\/tr>\n<tr bgcolor=\"#ffffff\">\n<td>\n<div align=\"center\"><span style=\"color: #590b00; font-size: large;\">\u2022<\/span><\/div>\n<\/td>\n<td><a href=\"http:\/\/fraynelson.com\/preguntas.php\"><span style=\"color: #000066; font-family: Arial,Helvetica,sans-serif; font-size: small;\"><strong>Preguntas &amp; Respuestas<\/strong><\/span><\/a><\/td>\n<\/tr>\n<tr bgcolor=\"#ffffff\">\n<td>\n<div align=\"center\"><span style=\"color: #590b00; font-size: large;\">\u2022<\/span><\/div>\n<\/td>\n<td><a href=\"http:\/\/www.youtube.com\/view_play_list?p=7155E7B865615CCF&amp;hl=es\"><span style=\"color: #000066; font-family: Arial,Helvetica,sans-serif; font-size: small;\"><strong>Videos publicados en el Bolet\u00edn<\/strong><\/span><\/a><\/td>\n<\/tr>\n<tr bgcolor=\"#ffffff\">\n<td>\n<div align=\"center\"><span style=\"color: #590b00; font-size: large;\">\u2022<\/span><\/div>\n<\/td>\n<td><a href=\"http:\/\/www.youtube.com\/view_play_list?p=E680DA141F25BCF5&amp;hl=es\"><span style=\"color: #000066; font-family: Arial,Helvetica,sans-serif; font-size: small;\"><strong>Cantos publicados en el Bolet\u00edn<\/strong><\/span><\/a><\/td>\n<\/tr>\n<tr bgcolor=\"#ffffff\">\n<td>\n<div align=\"center\"><span style=\"color: #590b00; font-size: large;\">\u2022<\/span><\/div>\n<\/td>\n<td><a href=\"http:\/\/fraynelson.com\/ayuda.html\"><span style=\"color: #000066; font-family: Arial,Helvetica,sans-serif; font-size: small;\"><strong>C\u00f3mo ayudar<\/strong><\/span><\/a><\/td>\n<\/tr>\n<tr bgcolor=\"#ffffff\">\n<td colspan=\"2\" bgcolor=\"#ffcc99\"><\/td>\n<\/tr>\n<\/tbody>\n<\/table>\n<p>&nbsp;<\/p>\n<div align=\"center\">\n<p><span class=\"resaltado\"><span style=\"font-family: Arial,Helvetica,sans-serif; font-size: small;\"><strong>Inscribe tu e-mail en:<br \/>\n<span style=\"color: red;\"><a href=\"http:\/\/www.fraynelson.com\">www.fraynelson.com<\/a><\/span><\/strong><\/span><\/span><\/p>\n<p>&nbsp;<\/p>\n<p align=\"center\"><a href=\"http:\/\/fraynelson.com\/ayuda.html\"><img decoding=\"async\" src=\"http:\/\/fraynelson.com\/banco_imagenes\/boletin_izq_03.jpg\" alt=\"\" border=\"0\" \/><\/a><\/p>\n<p><span class=\"resaltado\"><span style=\"font-family: Arial,Helvetica,sans-serif; font-size: small;\"><strong>Una canci\u00f3n <em>gratis<\/em><br \/>\npara este d\u00eda:<br \/>\n<a href=\"http:\/\/fraynelson.com\/cantos\/0402_cansado.rm\"><span style=\"font-size: x-large;\">Cansado<\/span><\/a><\/strong><\/span><\/span><\/p>\n<p>&nbsp;<\/p>\n<\/div>\n<\/td>\n<td valign=\"top\">\n<div align=\"center\">\n<table border=\"0\" width=\"100%\" cellspacing=\"2\" cellpadding=\"0\" bgcolor=\"#ffffff\">\n<tbody>\n<tr>\n<td>\n<div align=\"left\"><span class=\"titulo1\"><span style=\"color: #590b00; font-family: Arial,Helvetica,sans-serif; font-size: small;\"><strong><em>* Para el S\u00c1BADO: Testimonios y Narraciones *<\/em><\/strong><\/span><\/span><\/div>\n<\/td>\n<\/tr>\n<\/tbody>\n<\/table>\n<\/div>\n<table border=\"0\" width=\"100%\" cellspacing=\"0\" cellpadding=\"0\" bgcolor=\"#ffcd88\">\n<tbody>\n<tr>\n<td valign=\"center\" width=\"55%\"><a id=\"1\" name=\"1\"><\/a><\/p>\n<div align=\"left\"><a id=\"1\" name=\"1\"><\/a><img loading=\"lazy\" decoding=\"async\" src=\"http:\/\/fraynelson.com\/banco_imagenes\/arrow.gif\" alt=\"\" width=\"16\" height=\"15\" \/><a name=\"1\"><\/a><\/div>\n<\/td>\n<td>\n<div align=\"right\"><span class=\"titulo1\"><span style=\"color: #590b00; font-family: Arial,Helvetica,sans-serif; font-size: x-large;\">Desaliento, jam\u00e1s<\/span><\/span><\/div>\n<\/td>\n<\/tr>\n<tr>\n<td colspan=\"2\" valign=\"bottom\" bgcolor=\"#ffffcc\"><img loading=\"lazy\" decoding=\"async\" src=\"http:\/\/fraynelson.com\/banco_imagenes\/transparente.gif\" alt=\"\" width=\"8\" height=\"8\" \/><\/td>\n<\/tr>\n<tr>\n<td colspan=\"2\" valign=\"top\" bgcolor=\"#ffffcc\">\n<div align=\"justify\">\n<p><span style=\"color: #000000; font-family: Arial,Helvetica,sans-serif; font-size: small;\">Cierta vez se corri\u00f3 la voz que el diablo se retiraba de los negocios y vend\u00eda sus herramientas al mejor postor.<\/span><\/p>\n<p>En la noche de la venta, estaban todas las herramientas dispuestas en forma que llamaran la atenci\u00f3n, y por cierto eran un lote siniestro: odio, celos, envidia, malicia, enga\u00f1o&#8230; adem\u00e1s de todos los implementos del mal. Pero un tanto apartado del resto, hab\u00eda un instrumento de forma inofensiva, muy gastado, como si hubiese sido usado much\u00edsimas veces y cuyo precio, sin embargo, era el m\u00e1s alto de todos.<\/p>\n<p>Alguien le pregunto al diablo cual era el nombre de la herramienta &#8220;Desaliento&#8221; fue la respuesta.<\/p>\n<p>&#8220;\u00bfPor qu\u00e9 su precio es tan alto?&#8221; le preguntaron. \u201cPorque ese instrumento -respondi\u00f3 el diablo- me es m\u00e1s \u00fatil que cualquier otro; puedo entrar en la conciencia de un ser humano cuando todos los dem\u00e1s me fallan, y una vez adentro, por medio del desaliento, puedo hacer de esa persona lo que se me antoja. Esta muy gastado porque lo uso casi con todo el mundo, y como muy pocas personas saben que me pertenece, puedo abusar de \u00e9l\u201d\u2026<\/p>\n<p>El precio de desaliento era tan, pero tan alto que a\u00fan sigue siendo propiedad del diablo\u2026<\/p>\n<p><span style=\"color: #000000; font-family: Arial,Helvetica,sans-serif; font-size: small;\"><strong>Fr. Nelson M.<br \/>\namigos@fraynelson.com<\/strong><\/span><\/p>\n<\/div>\n<\/td>\n<\/tr>\n<tr bgcolor=\"#ffffcc\">\n<td colspan=\"2\" valign=\"bottom\"><img loading=\"lazy\" decoding=\"async\" src=\"http:\/\/fraynelson.com\/banco_imagenes\/transparente.gif\" alt=\"\" width=\"8\" height=\"8\" \/><a class=\"linksmenu\" href=\"http:\/\/fraynelson.com\/sistema\/boletin\/mactboletin3.php#a\"><span style=\"color: #000066; font-family: Arial,Helvetica,sans-serif; font-size: xx-small;\"><strong>[arriba]<\/strong><\/span><\/a><\/td>\n<\/tr>\n<\/tbody>\n<\/table>\n<table border=\"0\" width=\"100%\" cellspacing=\"0\" cellpadding=\"0\" bgcolor=\"#ffcd88\">\n<tbody>\n<tr>\n<td valign=\"center\" width=\"55%\"><a id=\"2\" name=\"2\"><\/a><\/p>\n<div align=\"left\"><a id=\"2\" name=\"2\"><\/a><img loading=\"lazy\" decoding=\"async\" src=\"http:\/\/fraynelson.com\/banco_imagenes\/arrow.gif\" alt=\"\" width=\"16\" height=\"15\" \/><\/div>\n<\/td>\n<td>\n<div align=\"right\"><span class=\"titulo1\"><span style=\"color: #590b00; font-family: Arial,Helvetica,sans-serif; font-size: medium;\"><strong>La Foto de Hoy<\/strong><\/span><\/span><\/div>\n<\/td>\n<\/tr>\n<tr>\n<td colspan=\"2\" valign=\"bottom\" bgcolor=\"#ffffcc\"><img loading=\"lazy\" decoding=\"async\" src=\"http:\/\/fraynelson.com\/banco_imagenes\/transparente.gif\" alt=\"\" width=\"8\" height=\"8\" \/><\/td>\n<\/tr>\n<tr>\n<td colspan=\"2\" valign=\"top\" bgcolor=\"#ffffcc\">\n<div align=\"center\">\n<p><span style=\"color: #000000; font-family: Arial,Helvetica,sans-serif; font-size: xx-small;\"><a href=\"http:\/\/fraynelson.com\/fotodeldia.php\"><img decoding=\"async\" src=\"http:\/\/fraynelson.com\/banco_imagenes\/diario\/20150926.jpg\" alt=\"\" width=\"320\" border=\"0\" \/><\/a><br \/>\n<em>Espacio para la ternura<\/em><\/span><\/p>\n<\/div>\n<\/td>\n<\/tr>\n<tr bgcolor=\"#ffffcc\">\n<td colspan=\"2\" valign=\"bottom\"><img loading=\"lazy\" decoding=\"async\" src=\"http:\/\/fraynelson.com\/banco_imagenes\/transparente.gif\" alt=\"\" width=\"8\" height=\"8\" \/><a class=\"linksmenu\" href=\"http:\/\/fraynelson.com\/sistema\/boletin\/mactboletin3.php#a\"><span style=\"color: #000066; font-family: Arial,Helvetica,sans-serif; font-size: xx-small;\"><strong>[arriba]<\/strong><\/span><\/a><\/td>\n<\/tr>\n<\/tbody>\n<\/table>\n<table border=\"0\" width=\"100%\" cellspacing=\"0\" cellpadding=\"0\" bgcolor=\"#ffcd88\">\n<tbody>\n<tr>\n<td valign=\"center\" width=\"55%\"><a id=\"3a\" name=\"3a\"><\/a><\/p>\n<div align=\"left\"><a id=\"3a\" name=\"3a\"><\/a><img loading=\"lazy\" decoding=\"async\" src=\"http:\/\/fraynelson.com\/banco_imagenes\/arrow.gif\" alt=\"\" width=\"16\" height=\"15\" \/><\/div>\n<\/td>\n<td>\n<div align=\"right\"><span class=\"titulo1\"><span style=\"color: #590b00; font-family: Arial,Helvetica,sans-serif; font-size: medium;\"><strong>Santo del D\u00eda<\/strong><\/span><\/span><\/div>\n<\/td>\n<\/tr>\n<tr>\n<td colspan=\"2\" valign=\"bottom\" bgcolor=\"#ffffcc\"><img loading=\"lazy\" decoding=\"async\" src=\"http:\/\/fraynelson.com\/banco_imagenes\/transparente.gif\" alt=\"\" width=\"8\" height=\"8\" \/><\/td>\n<\/tr>\n<tr>\n<td colspan=\"2\" valign=\"top\" bgcolor=\"#ffffcc\">\n<div align=\"left\">\n<p><span style=\"color: #000000; font-family: Arial,Helvetica,sans-serif; font-size: small;\"><b>San Cosme y San Dami\u00e1n, M\u00e1rtires<\/b>.- <\/span><\/p>\n<p><span style=\"color: #000000; font-family: Arial,Helvetica,sans-serif; font-size: small;\">Estos dos Santos han sido junto con San Lucas, los Patronos de los m\u00e9dicos cat\u00f3licos. En oriente los llaman &#8220;los no cobradores&#8221;, porque ejerc\u00edan la medicina sin cobrar nada a los pacientes pobres.<\/span><\/p>\n<p>Lo \u00fanico que les ped\u00edan, era que les permitieran hablarles por unos minutos acerca de Jesucristo y de su Evangelio.<\/p>\n<p>Lisias, el gobernador de Cilicia, se disgust\u00f3 mucho, porque estos dos hermanos propagaban efectivamente el cristianismo. Trat\u00f3 in\u00fatilmente de que dejaran de predicar.<\/p>\n<p>Como no lo consigui\u00f3, mand\u00f3 echarlos al mar. Pero una ola gigantesca los sac\u00f3 sanos y salvos a la orilla. Entonces, los envi\u00f3 a ser quemados vivos, pero las llamas no los tocaron y en cambio quemaron a los verdugos que los quer\u00edan atormentar.<\/p>\n<p>El mandatario pagano orden\u00f3 que les cortaran la cabeza. Finalmente, derramaron su sangre por proclamar el amor al Divino Salvador.<\/p>\n<p>Junto a la tumba de los dos hermanos gemelos, empezaron a obrarse milagrosas curaciones. El emperador Justiniano de Constantinopla, padeciendo de una grave enfermedad, se encomend\u00f3 a estos dos Santos M\u00e1rtires y fue curado inexplicablemente.<\/p>\n<\/div>\n<\/td>\n<\/tr>\n<tr bgcolor=\"#ffffcc\">\n<td colspan=\"2\" valign=\"bottom\"><img loading=\"lazy\" decoding=\"async\" src=\"http:\/\/fraynelson.com\/banco_imagenes\/transparente.gif\" alt=\"\" width=\"8\" height=\"8\" \/><a class=\"linksmenu\" href=\"http:\/\/fraynelson.com\/sistema\/boletin\/mactboletin3.php#a\"><span style=\"color: #000066; font-family: Arial,Helvetica,sans-serif; font-size: xx-small;\"><strong>[arriba]<\/strong><\/span><\/a><\/td>\n<\/tr>\n<\/tbody>\n<\/table>\n<table border=\"0\" width=\"100%\" cellspacing=\"0\" cellpadding=\"0\" bgcolor=\"#ffcd88\">\n<tbody>\n<tr>\n<td valign=\"center\" width=\"55%\"><a id=\"3b\" name=\"3b\"><\/a><\/p>\n<div align=\"left\"><a id=\"3b\" name=\"3b\"><\/a><img loading=\"lazy\" decoding=\"async\" src=\"http:\/\/fraynelson.com\/banco_imagenes\/arrow.gif\" alt=\"\" width=\"16\" height=\"15\" \/><\/div>\n<\/td>\n<td>\n<div align=\"right\"><span class=\"titulo1\"><span style=\"color: #590b00; font-family: Arial,Helvetica,sans-serif; font-size: medium;\"><strong>Cumplea\u00f1os<\/strong><\/span><\/span><\/div>\n<\/td>\n<\/tr>\n<tr>\n<td colspan=\"2\" valign=\"bottom\" bgcolor=\"#ffffcc\"><img loading=\"lazy\" decoding=\"async\" src=\"http:\/\/fraynelson.com\/banco_imagenes\/transparente.gif\" alt=\"\" width=\"8\" height=\"8\" \/><\/td>\n<\/tr>\n<tr>\n<td colspan=\"2\" valign=\"top\" bgcolor=\"#ffffcc\">\n<div align=\"left\">\n<p><span style=\"color: #000000; font-family: Arial,Helvetica,sans-serif; font-size: small;\"><img decoding=\"async\" src=\"http:\/\/fraynelson.com\/banco_imagenes\/cumple.gif\" alt=\"\" border=\"0\" \/> <b>Fr. Jorge Luis Villanueva \u00c1ngel, O.P. <\/b>.- Bogot\u00e1, Colombia <\/span><\/p>\n<p><span style=\"color: #000000; font-family: Arial,Helvetica,sans-serif; font-size: small;\"><img decoding=\"async\" src=\"http:\/\/fraynelson.com\/banco_imagenes\/cumple.gif\" alt=\"\" border=\"0\" \/> <b>Jayme Ribeiro <\/b>.- Atlanta, USA<\/span><\/p>\n<p><span style=\"color: #000000; font-family: Arial,Helvetica,sans-serif; font-size: small;\"><img decoding=\"async\" src=\"http:\/\/fraynelson.com\/banco_imagenes\/cumple.gif\" alt=\"\" border=\"0\" \/> <b>Adriana Luc\u00eda Pardo Bossa<\/b>.- Bogot\u00e1, Colombia<\/span><\/p>\n<p><span style=\"color: #000000; font-family: Arial,Helvetica,sans-serif; font-size: small;\"><img decoding=\"async\" src=\"http:\/\/fraynelson.com\/banco_imagenes\/cumple.gif\" alt=\"\" border=\"0\" \/> <b>Hilda R\u00edos <\/b>.- Bogot\u00e1, Colombia<\/span><\/p>\n<p><span style=\"color: #000000; font-family: Arial,Helvetica,sans-serif; font-size: small;\"><img decoding=\"async\" src=\"http:\/\/fraynelson.com\/banco_imagenes\/cumple.gif\" alt=\"\" border=\"0\" \/> <b>Javi<\/b>.- Posadas, Argentina &#8211; \u00a1Que Dios te bendiga! <\/span><\/p>\n<p><span style=\"color: #000000; font-family: Arial,Helvetica,sans-serif; font-size: small;\"><img decoding=\"async\" src=\"http:\/\/fraynelson.com\/banco_imagenes\/cumple.gif\" alt=\"\" border=\"0\" \/> <b>Manuel Santiago Cardenas Nore\u00f1a<\/b>.- <\/span><\/p>\n<p><span style=\"color: #000000; font-family: Arial,Helvetica,sans-serif; font-size: small;\"><img decoding=\"async\" src=\"http:\/\/fraynelson.com\/banco_imagenes\/cumple.gif\" alt=\"\" border=\"0\" \/> <b>Marisol Anahi Espino Nava<\/b>.- H. Tlapacoyan, Ver., M\u00e9xico &#8211; Te deseo de todo coraz\u00f3n mucha dicha y felicidad en tu coraz\u00f3n, pues te amo, te quiero muchis\u00edsimo y por eso deseo que no sufras, que todo te sea felicidad y que todos lo tropiezos de la vida te hagan mas fuerte y que nada ni nadie te detenga para que alcances lo mas deseado en tu vida.<\/span><\/p>\n<p><span style=\"color: #000000; font-family: Arial,Helvetica,sans-serif; font-size: small;\"><img decoding=\"async\" src=\"http:\/\/fraynelson.com\/banco_imagenes\/cumple.gif\" alt=\"\" border=\"0\" \/> <b>Padre Osvaldo Cano Torres<\/b>.- Medell\u00edn, Colombia (1967) &#8211; Dios lo bendiga y gracias por haber donado tu vida al amor y al servicio de los dem\u00e1s. te admiro mucho. Gloria<\/span><\/p>\n<p><span style=\"color: #000000; font-family: Arial,Helvetica,sans-serif; font-size: small;\"><img decoding=\"async\" src=\"http:\/\/fraynelson.com\/banco_imagenes\/cumple.gif\" alt=\"\" border=\"0\" \/> <b>Hna. Mar\u00eda Claudina Ram\u00edrez<\/b>.- Bogot\u00e1, Colombia<\/span><\/p>\n<p><span style=\"color: #000000; font-family: Arial,Helvetica,sans-serif; font-size: small;\"><img decoding=\"async\" src=\"http:\/\/fraynelson.com\/banco_imagenes\/cumple.gif\" alt=\"\" border=\"0\" \/> <b>Eduardo Delima <\/b>.- Barquisimeto, Venezuela (1967) &#8211; Este cumplea\u00f1os es para mi y especialmente para mi santo que le he dado tanto trabajo en esta vida.<\/span><\/p>\n<p><span style=\"color: #000000; font-family: Arial,Helvetica,sans-serif; font-size: small;\">[<a href=\"http:\/\/fraynelson.com\/calendario.php\">A\u00f1ade otro cumplea\u00f1os<\/a>]<\/span><\/p>\n<\/div>\n<\/td>\n<\/tr>\n<tr bgcolor=\"#ffffcc\">\n<td colspan=\"2\" valign=\"bottom\"><img loading=\"lazy\" decoding=\"async\" src=\"http:\/\/fraynelson.com\/banco_imagenes\/transparente.gif\" alt=\"\" width=\"8\" height=\"8\" \/><a class=\"linksmenu\" href=\"http:\/\/fraynelson.com\/sistema\/boletin\/mactboletin3.php#a\"><span style=\"color: #000066; font-family: Arial,Helvetica,sans-serif; font-size: xx-small;\"><strong>[arriba]<\/strong><\/span><\/a><\/td>\n<\/tr>\n<\/tbody>\n<\/table>\n<table border=\"0\" width=\"100%\" cellspacing=\"0\" cellpadding=\"0\" bgcolor=\"#ffcd88\">\n<tbody>\n<tr>\n<td valign=\"center\" width=\"55%\"><a id=\"3c\" name=\"3c\"><\/a><\/p>\n<div align=\"left\"><a id=\"3c\" name=\"3c\"><\/a><img loading=\"lazy\" decoding=\"async\" src=\"http:\/\/fraynelson.com\/banco_imagenes\/arrow.gif\" alt=\"\" width=\"16\" height=\"15\" \/><\/div>\n<\/td>\n<td>\n<div align=\"right\"><span class=\"titulo1\"><span style=\"color: #590b00; font-family: Arial,Helvetica,sans-serif; font-size: medium;\"><strong>Bautismos<\/strong><\/span><\/span><\/div>\n<\/td>\n<\/tr>\n<tr>\n<td colspan=\"2\" valign=\"bottom\" bgcolor=\"#ffffcc\"><img loading=\"lazy\" decoding=\"async\" src=\"http:\/\/fraynelson.com\/banco_imagenes\/transparente.gif\" alt=\"\" width=\"8\" height=\"8\" \/><\/td>\n<\/tr>\n<tr>\n<td colspan=\"2\" valign=\"top\" bgcolor=\"#ffffcc\">\n<div align=\"left\">\n<p><span style=\"color: #000000; font-family: Arial,Helvetica,sans-serif; font-size: small;\">[<a href=\"http:\/\/fraynelson.com\/calendario.php\">A\u00f1ade otro aniversario de bautismo<\/a>]<\/span><\/p>\n<\/div>\n<\/td>\n<\/tr>\n<tr bgcolor=\"#ffffcc\">\n<td colspan=\"2\" valign=\"bottom\"><img loading=\"lazy\" decoding=\"async\" src=\"http:\/\/fraynelson.com\/banco_imagenes\/transparente.gif\" alt=\"\" width=\"8\" height=\"8\" \/><a class=\"linksmenu\" href=\"http:\/\/fraynelson.com\/sistema\/boletin\/mactboletin3.php#a\"><span style=\"color: #000066; font-family: Arial,Helvetica,sans-serif; font-size: xx-small;\"><strong>[arriba]<\/strong><\/span><\/a><\/td>\n<\/tr>\n<\/tbody>\n<\/table>\n<table border=\"0\" width=\"100%\" cellspacing=\"0\" cellpadding=\"0\" bgcolor=\"#ffcd88\">\n<tbody>\n<tr>\n<td valign=\"center\" width=\"55%\"><a id=\"3d\" name=\"3d\"><\/a><\/p>\n<div align=\"left\"><a id=\"3d\" name=\"3d\"><\/a><img loading=\"lazy\" decoding=\"async\" src=\"http:\/\/fraynelson.com\/banco_imagenes\/arrow.gif\" alt=\"\" width=\"16\" height=\"15\" \/><\/div>\n<\/td>\n<td>\n<div align=\"right\"><span class=\"titulo1\"><span style=\"color: #590b00; font-family: Arial,Helvetica,sans-serif; font-size: medium;\"><strong>Aniversario de Ordenaci\u00f3n Sacerdotal<\/strong><\/span><\/span><\/div>\n<\/td>\n<\/tr>\n<tr>\n<td colspan=\"2\" valign=\"bottom\" bgcolor=\"#ffffcc\"><img loading=\"lazy\" decoding=\"async\" src=\"http:\/\/fraynelson.com\/banco_imagenes\/transparente.gif\" alt=\"\" width=\"8\" height=\"8\" \/><\/td>\n<\/tr>\n<tr>\n<td colspan=\"2\" valign=\"top\" bgcolor=\"#ffffcc\">\n<div align=\"left\">\n<p><span style=\"color: #000000; font-family: Arial,Helvetica,sans-serif; font-size: small;\">[<a href=\"http:\/\/fraynelson.com\/calendario.php\">A\u00f1ade otro aniversario de ordenaci\u00f3n<\/a>]<\/span><\/p>\n<\/div>\n<\/td>\n<\/tr>\n<tr bgcolor=\"#ffffcc\">\n<td colspan=\"2\" valign=\"bottom\"><img loading=\"lazy\" decoding=\"async\" src=\"http:\/\/fraynelson.com\/banco_imagenes\/transparente.gif\" alt=\"\" width=\"8\" height=\"8\" \/><a class=\"linksmenu\" href=\"http:\/\/fraynelson.com\/sistema\/boletin\/mactboletin3.php#a\"><span style=\"color: #000066; font-family: Arial,Helvetica,sans-serif; font-size: xx-small;\"><strong>[arriba]<\/strong><\/span><\/a><\/td>\n<\/tr>\n<\/tbody>\n<\/table>\n<table border=\"0\" width=\"100%\" cellspacing=\"0\" cellpadding=\"0\" bgcolor=\"#ffcd88\">\n<tbody>\n<tr>\n<td valign=\"center\" width=\"55%\"><a id=\"3e\" name=\"3e\"><\/a><\/p>\n<div align=\"left\"><a id=\"3e\" name=\"3e\"><\/a><img loading=\"lazy\" decoding=\"async\" src=\"http:\/\/fraynelson.com\/banco_imagenes\/arrow.gif\" alt=\"\" width=\"16\" height=\"15\" \/><\/div>\n<\/td>\n<td>\n<div align=\"right\"><span class=\"titulo1\"><span style=\"color: #590b00; font-family: Arial,Helvetica,sans-serif; font-size: medium;\"><strong>Aniversario de Matrimonio<\/strong><\/span><\/span><\/div>\n<\/td>\n<\/tr>\n<tr>\n<td colspan=\"2\" valign=\"bottom\" bgcolor=\"#ffffcc\"><img loading=\"lazy\" decoding=\"async\" src=\"http:\/\/fraynelson.com\/banco_imagenes\/transparente.gif\" alt=\"\" width=\"8\" height=\"8\" \/><\/td>\n<\/tr>\n<tr>\n<td colspan=\"2\" valign=\"top\" bgcolor=\"#ffffcc\">\n<div align=\"left\">\n<p><span style=\"color: #000000; font-family: Arial,Helvetica,sans-serif; font-size: small;\">[<a href=\"http:\/\/fraynelson.com\/calendario.php\">A\u00f1ade otro aniversario de matrimonio<\/a>]<\/span><\/p>\n<\/div>\n<\/td>\n<\/tr>\n<tr bgcolor=\"#ffffcc\">\n<td colspan=\"2\" valign=\"bottom\"><img loading=\"lazy\" decoding=\"async\" src=\"http:\/\/fraynelson.com\/banco_imagenes\/transparente.gif\" alt=\"\" width=\"8\" height=\"8\" \/><a class=\"linksmenu\" href=\"http:\/\/fraynelson.com\/sistema\/boletin\/mactboletin3.php#a\"><span style=\"color: #000066; font-family: Arial,Helvetica,sans-serif; font-size: xx-small;\"><strong>[arriba]<\/strong><\/span><\/a><\/td>\n<\/tr>\n<\/tbody>\n<\/table>\n<table border=\"0\" width=\"100%\" cellspacing=\"0\" cellpadding=\"0\" bgcolor=\"#ffcd88\">\n<tbody>\n<tr>\n<td valign=\"center\" width=\"55%\"><a id=\"3f\" name=\"3f\"><\/a><\/p>\n<div align=\"left\"><a id=\"3f\" name=\"3f\"><\/a><img loading=\"lazy\" decoding=\"async\" src=\"http:\/\/fraynelson.com\/banco_imagenes\/arrow.gif\" alt=\"\" width=\"16\" height=\"15\" \/><\/div>\n<\/td>\n<td>\n<div align=\"right\"><span class=\"titulo1\"><span style=\"color: #590b00; font-family: Arial,Helvetica,sans-serif; font-size: medium;\"><strong>Grupos, Comunidades, Congregaciones&#8230;<\/strong><\/span><\/span><\/div>\n<\/td>\n<\/tr>\n<tr>\n<td colspan=\"2\" valign=\"bottom\" bgcolor=\"#ffffcc\"><img loading=\"lazy\" decoding=\"async\" src=\"http:\/\/fraynelson.com\/banco_imagenes\/transparente.gif\" alt=\"\" width=\"8\" height=\"8\" \/><\/td>\n<\/tr>\n<tr>\n<td colspan=\"2\" valign=\"top\" bgcolor=\"#ffffcc\">\n<div align=\"left\">\n<p><span style=\"color: #000000; font-family: Arial,Helvetica,sans-serif; font-size: small;\"><img decoding=\"async\" src=\"http:\/\/fraynelson.com\/banco_imagenes\/grupo.gif\" alt=\"\" border=\"0\" \/> <b>Grupo de San Jos\u00e9<\/b>.- Bogot\u00e1, Colombia &#8211; Para que Dios Padre, San Jos\u00e9 y la Virgen Mar\u00eda nos regale la disposici\u00f3n de ir a este retiro. <\/span><\/p>\n<p><span style=\"color: #000000; font-family: Arial,Helvetica,sans-serif; font-size: small;\"><img decoding=\"async\" src=\"http:\/\/fraynelson.com\/banco_imagenes\/grupo.gif\" alt=\"\" border=\"0\" \/> <b>Comunidad de la Inmaculada Concepci\u00f3n<\/b>.- Restrepo-Meta, Colombia &#8211; Aniversario de la Fundaci\u00f3n de la Comunidad de la Inmaculada Concepci\u00f3n. Bendiciones a todos sus sacerdotes, di\u00e1conos, novicios, profesos, aspirantes, deseamos nuestro amado Dios los colme con su gracia, su amor y su misericordia. <\/span><\/p>\n<p><span style=\"color: #000000; font-family: Arial,Helvetica,sans-serif; font-size: small;\">[<a href=\"http:\/\/fraynelson.com\/calendario.php\">A\u00f1ade otro aniversario de un grupo<\/a>]<\/span><\/p>\n<\/div>\n<\/td>\n<\/tr>\n<tr bgcolor=\"#ffffcc\">\n<td colspan=\"2\" valign=\"bottom\"><img loading=\"lazy\" decoding=\"async\" src=\"http:\/\/fraynelson.com\/banco_imagenes\/transparente.gif\" alt=\"\" width=\"8\" height=\"8\" \/><a class=\"linksmenu\" href=\"http:\/\/fraynelson.com\/sistema\/boletin\/mactboletin3.php#a\"><span style=\"color: #000066; font-family: Arial,Helvetica,sans-serif; font-size: xx-small;\"><strong>[arriba]<\/strong><\/span><\/a><\/td>\n<\/tr>\n<\/tbody>\n<\/table>\n<table border=\"0\" width=\"100%\" cellspacing=\"0\" cellpadding=\"0\" bgcolor=\"#ffcd88\">\n<tbody>\n<tr>\n<td valign=\"center\" width=\"55%\"><a id=\"3g\" name=\"3g\"><\/a><\/p>\n<div align=\"left\"><a id=\"3g\" name=\"3g\"><\/a><img loading=\"lazy\" decoding=\"async\" src=\"http:\/\/fraynelson.com\/banco_imagenes\/arrow.gif\" alt=\"\" width=\"16\" height=\"15\" \/><\/div>\n<\/td>\n<td>\n<div align=\"right\"><span class=\"titulo1\"><span style=\"color: #590b00; font-family: Arial,Helvetica,sans-serif; font-size: medium;\"><strong>Evangelizaci\u00f3n Viva para hoy y los pr\u00f3ximos d\u00edas<\/strong><\/span><\/span><\/div>\n<\/td>\n<\/tr>\n<tr>\n<td colspan=\"2\" valign=\"bottom\" bgcolor=\"#ffffcc\"><img loading=\"lazy\" decoding=\"async\" src=\"http:\/\/fraynelson.com\/banco_imagenes\/transparente.gif\" alt=\"\" width=\"8\" height=\"8\" \/><\/td>\n<\/tr>\n<tr>\n<td colspan=\"2\" valign=\"top\" bgcolor=\"#ffffcc\">\n<div align=\"left\">\n<p><span style=\"color: #000000; font-family: Arial,Helvetica,sans-serif; font-size: small;\">[<a href=\"http:\/\/fraynelson.com\/calendario.php\">A\u00f1ade otro evento de evangelizaci\u00f3n<\/a>: Son bienvenidas fechas futuras, por ejemplo si deseas dar a conocer alg\u00fan congreso, concierto, retiro, o similares]<\/span><\/p>\n<\/div>\n<\/td>\n<\/tr>\n<tr bgcolor=\"#ffffcc\">\n<td colspan=\"2\" valign=\"bottom\"><img loading=\"lazy\" decoding=\"async\" src=\"http:\/\/fraynelson.com\/banco_imagenes\/transparente.gif\" alt=\"\" width=\"8\" height=\"8\" \/><a class=\"linksmenu\" href=\"http:\/\/fraynelson.com\/sistema\/boletin\/mactboletin3.php#a\"><span style=\"color: #000066; font-family: Arial,Helvetica,sans-serif; font-size: xx-small;\"><strong>[arriba]<\/strong><\/span><\/a><\/td>\n<\/tr>\n<\/tbody>\n<\/table>\n<table border=\"0\" width=\"100%\" cellspacing=\"0\" cellpadding=\"0\" bgcolor=\"#ffcd88\">\n<tbody>\n<tr>\n<td valign=\"center\" width=\"55%\"><a id=\"3h\" name=\"3h\"><\/a><\/p>\n<div align=\"left\"><a id=\"3h\" name=\"3h\"><\/a><img loading=\"lazy\" decoding=\"async\" src=\"http:\/\/fraynelson.com\/banco_imagenes\/arrow.gif\" alt=\"\" width=\"16\" height=\"15\" \/><\/div>\n<\/td>\n<td>\n<div align=\"right\"><span class=\"titulo1\"><span style=\"color: #590b00; font-family: Arial,Helvetica,sans-serif; font-size: medium;\"><strong>Otras fechas importantes para ti<\/strong><\/span><\/span><\/div>\n<\/td>\n<\/tr>\n<tr>\n<td colspan=\"2\" valign=\"bottom\" bgcolor=\"#ffffcc\"><img loading=\"lazy\" decoding=\"async\" src=\"http:\/\/fraynelson.com\/banco_imagenes\/transparente.gif\" alt=\"\" width=\"8\" height=\"8\" \/><\/td>\n<\/tr>\n<tr>\n<td colspan=\"2\" valign=\"top\" bgcolor=\"#ffffcc\">\n<div align=\"left\">\n<p><span style=\"color: #000000; font-family: Arial,Helvetica,sans-serif; font-size: small;\"><img decoding=\"async\" src=\"http:\/\/fraynelson.com\/banco_imagenes\/otros_aniversarios.gif\" alt=\"\" border=\"0\" \/> <b>Nina Z. Rivas Moreno, ocv<\/b>.- Caracas, Venezuela &#8211; Consagraci\u00f3n Virginal, seg\u00fan el canon 604 del C.D.C. (Ordo Virginum)<\/span><\/p>\n<p><span style=\"color: #000000; font-family: Arial,Helvetica,sans-serif; font-size: small;\">[<a href=\"http:\/\/fraynelson.com\/calendario.php\">A\u00f1ade otros aniversarios de personas o parejas<\/a>]<\/span><\/p>\n<\/div>\n<\/td>\n<\/tr>\n<tr bgcolor=\"#ffffcc\">\n<td colspan=\"2\" valign=\"bottom\"><img loading=\"lazy\" decoding=\"async\" src=\"http:\/\/fraynelson.com\/banco_imagenes\/transparente.gif\" alt=\"\" width=\"8\" height=\"8\" \/><a class=\"linksmenu\" href=\"http:\/\/fraynelson.com\/sistema\/boletin\/mactboletin3.php#a\"><span style=\"color: #000066; font-family: Arial,Helvetica,sans-serif; font-size: xx-small;\"><strong>[arriba]<\/strong><\/span><\/a><\/td>\n<\/tr>\n<\/tbody>\n<\/table>\n<table border=\"0\" width=\"100%\" cellspacing=\"0\" cellpadding=\"0\" bgcolor=\"#ffcd88\">\n<tbody>\n<tr>\n<td valign=\"center\" width=\"55%\"><a id=\"3i\" name=\"3i\"><\/a><\/p>\n<div align=\"left\"><a id=\"3i\" name=\"3i\"><\/a><img loading=\"lazy\" decoding=\"async\" src=\"http:\/\/fraynelson.com\/banco_imagenes\/arrow.gif\" alt=\"\" width=\"16\" height=\"15\" \/><\/div>\n<\/td>\n<td>\n<div align=\"right\"><span class=\"titulo1\"><span style=\"color: #590b00; font-family: Arial,Helvetica,sans-serif; font-size: medium;\"><strong>Fallecieron en un d\u00eda como hoy&#8230;<\/strong><\/span><\/span><\/div>\n<\/td>\n<\/tr>\n<tr>\n<td colspan=\"2\" valign=\"bottom\" bgcolor=\"#ffffcc\"><img loading=\"lazy\" decoding=\"async\" src=\"http:\/\/fraynelson.com\/banco_imagenes\/transparente.gif\" alt=\"\" width=\"8\" height=\"8\" \/><\/td>\n<\/tr>\n<tr>\n<td colspan=\"2\" valign=\"top\" bgcolor=\"#ffffcc\">\n<div align=\"left\">\n<p><span style=\"color: #000000; font-family: Arial,Helvetica,sans-serif; font-size: small;\"><img decoding=\"async\" src=\"http:\/\/fraynelson.com\/banco_imagenes\/difuntos.gif\" alt=\"\" border=\"0\" \/> <b>Francisco Pozo Vizuete<\/b>.- Guayaquil, Ecuador (1979) &#8211; Por fallecimiento del mes de mi papa <\/span><\/p>\n<p><span style=\"color: #000000; font-family: Arial,Helvetica,sans-serif; font-size: small;\">[<a href=\"http:\/\/fraynelson.com\/calendario.php\">A\u00f1ade el nombre de personas fallecidas por las que quieres que oremos<\/a>]<\/span><\/p>\n<\/div>\n<\/td>\n<\/tr>\n<tr bgcolor=\"#ffffcc\">\n<td colspan=\"2\" valign=\"bottom\"><img loading=\"lazy\" decoding=\"async\" src=\"http:\/\/fraynelson.com\/banco_imagenes\/transparente.gif\" alt=\"\" width=\"8\" height=\"8\" \/><a class=\"linksmenu\" href=\"http:\/\/fraynelson.com\/sistema\/boletin\/mactboletin3.php#a\"><span style=\"color: #000066; font-family: Arial,Helvetica,sans-serif; font-size: xx-small;\"><strong>[arriba]<\/strong><\/span><\/a><\/td>\n<\/tr>\n<\/tbody>\n<\/table>\n<table border=\"0\" width=\"100%\" cellspacing=\"0\" cellpadding=\"0\" bgcolor=\"#ffcd88\">\n<tbody>\n<tr>\n<td valign=\"center\" width=\"55%\"><a id=\"4\" name=\"4\"><\/a><\/p>\n<div align=\"left\"><a id=\"4\" name=\"4\"><\/a><img loading=\"lazy\" decoding=\"async\" src=\"http:\/\/fraynelson.com\/banco_imagenes\/arrow.gif\" alt=\"\" width=\"16\" height=\"15\" \/><\/div>\n<\/td>\n<td>\n<div align=\"right\"><span class=\"titulo1\"><span style=\"color: #590b00; font-family: Arial,Helvetica,sans-serif; font-size: medium;\"><strong>Enlace recomendado para este d\u00eda<\/strong><\/span><\/span><\/div>\n<\/td>\n<\/tr>\n<tr>\n<td colspan=\"2\" valign=\"bottom\" bgcolor=\"#ffffcc\"><img loading=\"lazy\" decoding=\"async\" src=\"http:\/\/fraynelson.com\/banco_imagenes\/transparente.gif\" alt=\"\" width=\"8\" height=\"8\" \/><\/td>\n<\/tr>\n<tr>\n<td colspan=\"2\" valign=\"top\" bgcolor=\"#ffffcc\">\n<div align=\"center\">\n<p><span style=\"color: #000000; font-family: Arial,Helvetica,sans-serif; font-size: xx-small;\"><b>Polonia se levanta en defensa de la familia seg\u00fan el plan de Dios<\/b><\/span><\/p>\n<p><center><span style=\"color: #000000; font-family: Arial,Helvetica,sans-serif; font-size: xx-small;\"><span style=\"color: #000000; font-family: Arial,Helvetica,sans-serif; font-size: xx-small;\"><a href=\"https:\/\/www.evernote.com\/shard\/s254\/sh\/d02ed79b-9ba4-4eb9-b5d2-0e7a6444aa27\/3eb843e7369bd8f451d81609ca6e203a\" target=\"_blank\"><img decoding=\"async\" src=\"http:\/\/fraynelson.com\/banco_imagenes\/recomendados\/20150926.jpg\" alt=\"\" width=\"320\" border=\"0\" \/><\/a><\/span><\/span><\/p>\n<div align=\"left\">\n<p><em>&#8220;En un comunicado publicado ayer en la web de la Conferencia Episcopal de Polonia, los obispos de la naci\u00f3n que dio al mundo a San Juan Pablo II, Papa, han dado a conocer cu\u00e1l es su postura ante el pr\u00f3ximo s\u00ednodo sobre la familia que tendr\u00e1 lugar en Roma en el mes de octubre. Como en anteriores ocasiones, se muestran absolutamente fieles al magisterio de la Iglesia&#8230;&#8221; Haz click <a href=\"https:\/\/www.evernote.com\/shard\/s254\/sh\/d02ed79b-9ba4-4eb9-b5d2-0e7a6444aa27\/3eb843e7369bd8f451d81609ca6e203a\" target=\"_blank\">AQU\u00cd<\/a>.<\/em><\/p>\n<\/div>\n<p><\/center><\/div>\n<\/td>\n<\/tr>\n<tr bgcolor=\"#ffffcc\">\n<td colspan=\"2\" valign=\"bottom\"><img loading=\"lazy\" decoding=\"async\" src=\"http:\/\/fraynelson.com\/banco_imagenes\/transparente.gif\" alt=\"\" width=\"8\" height=\"8\" \/><a class=\"linksmenu\" href=\"http:\/\/fraynelson.com\/sistema\/boletin\/mactboletin3.php#a\"><span style=\"color: #000066; font-family: Arial,Helvetica,sans-serif; font-size: xx-small;\"><strong>[arriba]<\/strong><\/span><\/a><\/td>\n<\/tr>\n<\/tbody>\n<\/table>\n<table border=\"0\" width=\"100%\" cellspacing=\"0\" cellpadding=\"0\" bgcolor=\"#ffcd88\">\n<tbody>\n<tr>\n<td valign=\"center\" width=\"55%\"><a id=\"5\" name=\"5\"><\/a><\/p>\n<div align=\"left\"><a id=\"5\" name=\"5\"><\/a><img loading=\"lazy\" decoding=\"async\" src=\"http:\/\/fraynelson.com\/banco_imagenes\/arrow.gif\" alt=\"\" width=\"16\" height=\"15\" \/><\/div>\n<\/td>\n<td>\n<div align=\"right\"><span class=\"titulo1\"><span style=\"color: #590b00; font-family: Arial,Helvetica,sans-serif; font-size: medium;\"><strong>Un poco de <span style=\"color: red;\"><em>Humor&#8230;<\/em><\/span><\/strong><\/span><\/span><\/div>\n<\/td>\n<\/tr>\n<tr>\n<td colspan=\"2\" valign=\"bottom\" bgcolor=\"#ffffcc\"><img loading=\"lazy\" decoding=\"async\" src=\"http:\/\/fraynelson.com\/banco_imagenes\/transparente.gif\" alt=\"\" width=\"8\" height=\"8\" \/><\/td>\n<\/tr>\n<tr>\n<td colspan=\"2\" valign=\"top\" bgcolor=\"#ffffcc\">\n<div align=\"center\">\n<p><span style=\"color: #000000; font-family: Arial,Helvetica,sans-serif; font-size: xx-small;\"><b>Los peligros de la astrolog\u00eda<\/b><\/span><\/p>\n<div align=\"left\">\n<p><span style=\"color: #000000; font-family: Arial,Helvetica,sans-serif; font-size: xx-small;\">Los amigos le preguntan a Jaimito:<br \/>\n&#8211; \u00a1A ver Jaimito, de qu\u00e9 signo es tu madre?<br \/>\n&#8211; Pues debe der ser de exclamaci\u00f3n porque se pasa todo el d\u00eda grit\u00e1ndome!<\/span><\/p>\n<\/div>\n<\/div>\n<\/td>\n<\/tr>\n<tr bgcolor=\"#ffffcc\">\n<td colspan=\"2\" valign=\"bottom\"><img loading=\"lazy\" decoding=\"async\" src=\"http:\/\/fraynelson.com\/banco_imagenes\/transparente.gif\" alt=\"\" width=\"8\" height=\"8\" \/><a class=\"linksmenu\" href=\"http:\/\/fraynelson.com\/sistema\/boletin\/mactboletin3.php#a\"><span style=\"color: #000066; font-family: Arial,Helvetica,sans-serif; font-size: xx-small;\"><strong>[arriba]<\/strong><\/span><\/a><\/td>\n<\/tr>\n<\/tbody>\n<\/table>\n<hr \/>\n<hr \/>\n<p><center><\/p>\n<h2>Palabra de Dios<br \/>\npara alimentar tu d\u00eda<\/h2>\n<p><\/center><\/p>\n<hr \/>\n<table border=\"0\" width=\"100%\" cellspacing=\"0\" cellpadding=\"0\" bgcolor=\"#ffcd88\">\n<tbody>\n<tr>\n<td colspan=\"2\" valign=\"top\" bgcolor=\"#ffffff\">\n<div align=\"center\">\n<p><span style=\"color: #000000; font-family: Arial,Helvetica,sans-serif; font-size: small;\">Tiempo Ordinario, A\u00f1o Impar,<br \/>\nSemana No. 25, S\u00e1bado<\/span><\/p>\n<\/div>\n<\/td>\n<\/tr>\n<\/tbody>\n<\/table>\n<hr \/>\n<table border=\"0\" width=\"100%\" cellspacing=\"0\" cellpadding=\"0\" bgcolor=\"#ffcd88\">\n<tbody>\n<tr>\n<td valign=\"center\" width=\"55%\"><a id=\"6\" name=\"6\"><\/a><\/p>\n<div align=\"left\"><a id=\"6\" name=\"6\"><\/a><img loading=\"lazy\" decoding=\"async\" src=\"http:\/\/fraynelson.com\/banco_imagenes\/arrow.gif\" alt=\"\" width=\"16\" height=\"15\" \/><\/div>\n<\/td>\n<td>\n<div align=\"right\"><span class=\"titulo1\"><span style=\"color: #590b00; font-family: Arial,Helvetica,sans-serif; font-size: medium;\"><strong>Lecturas de la S. Biblia<\/strong><\/span><\/span><\/div>\n<\/td>\n<\/tr>\n<tr>\n<td colspan=\"2\" valign=\"bottom\" bgcolor=\"#ffffcc\"><img loading=\"lazy\" decoding=\"async\" src=\"http:\/\/fraynelson.com\/banco_imagenes\/transparente.gif\" alt=\"\" width=\"8\" height=\"8\" \/><\/td>\n<\/tr>\n<tr>\n<td colspan=\"2\" valign=\"top\" bgcolor=\"#ffffcc\">\n<div align=\"justify\">\n<p><span style=\"color: #000000; font-family: Arial,Helvetica,sans-serif; font-size: small;\"><b>Temas de las lecturas: <\/b>Yo vengo a habitar dentro de ti * El Se\u00f1or nos guardar\u00e1 como pastor a su reba\u00f1o. * Al Hijo del hombre lo van a entregar. Les daba miedo preguntarle sobre el asunto<\/span><\/p>\n<p><span style=\"color: #000000; font-family: Arial,Helvetica,sans-serif; font-size: small;\"><b>Textos para este d\u00eda: <\/b><\/span><\/p>\n<p><span style=\"color: #000000; font-family: Arial,Helvetica,sans-serif; font-size: small;\"><b>Zacar\u00edas 2,5-9.14-15a<\/b>: <\/span><\/p>\n<p><span style=\"color: #000000; font-family: Arial,Helvetica,sans-serif; font-size: small;\">Alc\u00e9 la vista y vi a un hombre con un cordel de medir. Pregunt\u00e9: &#8220;\u00bfAd\u00f3nde vas?&#8221; Me contest\u00f3: &#8220;A medir Jerusal\u00e9n, para comprobar su anchura y longitud.&#8221; Entonces se adelant\u00f3 el \u00e1ngel que hablaba conmigo, y otro \u00e1ngel le sali\u00f3 al encuentro, dici\u00e9ndole: &#8220;Corre a decirle a aquel muchacho: &#8220;Por la multitud de hombres y ganados que habr\u00e1, Jerusal\u00e9n ser\u00e1 ciudad abierta; yo la rodear\u00e9 como muralla de fuego y mi gloria estar\u00e1 en medio de ella -or\u00e1culo del Se\u00f1or-.&#8221;&#8221; &#8220;Al\u00e9grate y goza, hija de Si\u00f3n, que yo vengo a habitar dentro de ti -or\u00e1culo del Se\u00f1or-. Aquel d\u00eda se unir\u00e1n al Se\u00f1or muchos pueblos, y ser\u00e1n pueblo m\u00edo, y habitar\u00e9 en medio de ti.&#8221;<\/span><\/p>\n<p><span style=\"color: #000000; font-family: Arial,Helvetica,sans-serif; font-size: small;\"><b>Jerem\u00edas 31,10-13<\/b>: <\/span><\/p>\n<p><span style=\"color: #000000; font-family: Arial,Helvetica,sans-serif; font-size: small;\">Escuchad, pueblos, la palabra del Se\u00f1or, \/ anunciadla en las islas remotas: \/ &#8220;El que dispers\u00f3 a Israel lo reunir\u00e1, \/ lo guardar\u00e1 como un pastor a su reba\u00f1o.&#8221; R. <\/span><\/p>\n<p><span style=\"color: #000000; font-family: Arial,Helvetica,sans-serif; font-size: small;\">&#8220;Porque el Se\u00f1or redimi\u00f3 a Jacob, \/ lo rescat\u00f3 de una mano m\u00e1s fuerte.&#8221; \/ Vendr\u00e1n con aclamaciones a la altura de Si\u00f3n, \/ afluir\u00e1n hacia los bienes del Se\u00f1or. R. <\/span><\/p>\n<p><span style=\"color: #000000; font-family: Arial,Helvetica,sans-serif; font-size: small;\">Entonces se alegrar\u00e1 la doncella en la danza, \/ gozar\u00e1n los j\u00f3venes y los viejos; \/ convertir\u00e9 su tristeza en gozo, \/ los alegrar\u00e9 y aliviar\u00e9 sus penas. R. <\/span><\/p>\n<p><span style=\"color: #000000; font-family: Arial,Helvetica,sans-serif; font-size: small;\"><b>Lucas 9,43b-45<\/b>: <\/span><\/p>\n<p><span style=\"color: #000000; font-family: Arial,Helvetica,sans-serif; font-size: small;\">En aquel tiempo, entre la admiraci\u00f3n general por lo que hac\u00eda, Jes\u00fas dijo a sus disc\u00edpulos: &#8220;Meteos bien esto en la cabeza: al Hijo del hombre lo van a entregar en manos de los hombres.&#8221; Pero ellos no entend\u00edan este lenguaje; les resultaba tan oscuro que no cog\u00edan el sentido. Y les daba miedo preguntarle sobre el asunto.<\/span><\/p>\n<\/div>\n<\/td>\n<\/tr>\n<tr bgcolor=\"#ffffcc\">\n<td colspan=\"2\" valign=\"bottom\"><img loading=\"lazy\" decoding=\"async\" src=\"http:\/\/fraynelson.com\/banco_imagenes\/transparente.gif\" alt=\"\" width=\"8\" height=\"8\" \/><a class=\"linksmenu\" href=\"http:\/\/fraynelson.com\/sistema\/boletin\/mactboletin3.php#a\"><span style=\"color: #000066; font-family: Arial,Helvetica,sans-serif; font-size: xx-small;\"><strong>[arriba]<\/strong><\/span><\/a><\/td>\n<\/tr>\n<\/tbody>\n<\/table>\n<table border=\"0\" width=\"100%\" cellspacing=\"0\" cellpadding=\"0\" bgcolor=\"#ffcd88\">\n<tbody>\n<tr>\n<td valign=\"center\" width=\"55%\"><a id=\"7\" name=\"7\"><\/a><\/p>\n<div align=\"left\"><a id=\"7\" name=\"7\"><\/a><img loading=\"lazy\" decoding=\"async\" src=\"http:\/\/fraynelson.com\/banco_imagenes\/arrow.gif\" alt=\"\" width=\"16\" height=\"15\" \/><\/div>\n<\/td>\n<td>\n<div align=\"right\"><span class=\"titulo1\"><span style=\"color: #590b00; font-family: Arial,Helvetica,sans-serif; font-size: medium;\"><strong>Homil\u00edas para escuchar<\/strong><\/span><\/span><\/div>\n<\/td>\n<\/tr>\n<tr>\n<td colspan=\"2\" valign=\"bottom\" bgcolor=\"#ffffcc\"><img loading=\"lazy\" decoding=\"async\" src=\"http:\/\/fraynelson.com\/banco_imagenes\/transparente.gif\" alt=\"\" width=\"8\" height=\"8\" \/><\/td>\n<\/tr>\n<tr>\n<td colspan=\"2\" valign=\"top\" bgcolor=\"#ffffcc\">\n<div align=\"center\">\n<table border=\"2\" width=\"80%\" cellspacing=\"2\" cellpadding=\"2\">\n<tbody>\n<tr>\n<th valign=\"center\" bgcolor=\"#ffcc99\">\n<h4>Versi\u00f3n<\/h4>\n<\/th>\n<th valign=\"center\" bgcolor=\"#ffcc99\">\n<h4>Fecha<\/h4>\n<\/th>\n<th valign=\"center\" bgcolor=\"#ffcc99\">\n<h4>Escuchar<\/h4>\n<\/th>\n<th valign=\"center\" bgcolor=\"#ffcc99\">\n<h4>M\u00e1s&#8230;<\/h4>\n<\/th>\n<\/tr>\n<tr>\n<td bgcolor=\"#FFFFBD\">\n<p align=\"center\">1<\/p>\n<\/td>\n<td bgcolor=\"#FFFFBD\">1997\/09\/27<\/td>\n<td bgcolor=\"#FFFFBD\"><a href=\"http:\/\/fraynelson.com\/homilias.php?year=2015&amp;mon=09&amp;mday=26#1i256001amp3\"><img decoding=\"async\" title=\"Haz click para escuchar o grabar una versi\u00f3n en MP3\" src=\"http:\/\/fraynelson.com\/banco_imagenes\/mp3_icon.gif\" alt=\"Haz click para escuchar o grabar una versi\u00f3n en MP3\" border=\"0\" \/><\/a><br \/>\n<span style=\"color: brown;\"><i>Creer en Dios es una muralla de fuego contra el pecado; pero, creer en Dios no es una muralla de fuego contra los males.<\/i><\/span><br \/>\n<b><\/b><\/td>\n<td bgcolor=\"#FFFFBD\">\n<p align=\"center\"><a href=\"http:\/\/fraynelson.com\/wiki\/index.php?title=i256001a\"><img decoding=\"async\" title=\"Click normal para ir a la transcripci\u00f3n\" src=\"http:\/\/fraynelson.com\/banco_imagenes\/text_icon.gif\" alt=\"Click normal para ir a la transcripci\u00f3n\" border=\"0\" \/><\/a><\/p>\n<\/td>\n<\/tr>\n<tr>\n<td bgcolor=\"#FFFFBD\">\n<p align=\"center\">2<\/p>\n<\/td>\n<td bgcolor=\"#FFFFBD\">1999\/09\/25<\/td>\n<td bgcolor=\"#FFFFBD\"><a href=\"http:\/\/fraynelson.com\/homilias.php?year=2015&amp;mon=09&amp;mday=26#2i256002amp3\"><img decoding=\"async\" title=\"Haz click para escuchar o grabar una versi\u00f3n en MP3\" src=\"http:\/\/fraynelson.com\/banco_imagenes\/mp3_icon.gif\" alt=\"Haz click para escuchar o grabar una versi\u00f3n en MP3\" border=\"0\" \/><\/a><br \/>\n<span style=\"color: brown;\"><i>Toda la alabanza cristiana tiene que pasar por la Cruz de Cristo.<\/i><\/span><br \/>\n<b><\/b><\/td>\n<td bgcolor=\"#FFFFBD\">\n<p align=\"center\"><a href=\"http:\/\/fraynelson.com\/wiki\/index.php?title=i256002a\"><img decoding=\"async\" title=\"Click normal para ir a la transcripci\u00f3n\" src=\"http:\/\/fraynelson.com\/banco_imagenes\/text_icon.gif\" alt=\"Click normal para ir a la transcripci\u00f3n\" border=\"0\" \/><\/a><\/p>\n<\/td>\n<\/tr>\n<tr>\n<td bgcolor=\"#FFFFBD\">\n<p align=\"center\">3<\/p>\n<\/td>\n<td bgcolor=\"#FFFFBD\">2011\/09\/24<\/td>\n<td bgcolor=\"#FFFFBD\"><a href=\"http:\/\/fraynelson.com\/homilias.php?year=2015&amp;mon=09&amp;mday=26#3i256003amp3\"><img decoding=\"async\" title=\"Haz click para escuchar o grabar una versi\u00f3n en MP3\" src=\"http:\/\/fraynelson.com\/banco_imagenes\/mp3_icon.gif\" alt=\"Haz click para escuchar o grabar una versi\u00f3n en MP3\" border=\"0\" \/><\/a><br \/>\n<span style=\"color: brown;\"><i>El destierro y las dem\u00e1s persecuciones que vivieron los jud\u00edos sirvieron al misterioso plan de la providencia divina. Zacar\u00edas, profeta de esperanza, sabe asegurar al pueblo que Dios sabe lo que est\u00e1 haciendo.<\/i><\/span><br \/>\n<b><\/b><\/td>\n<td bgcolor=\"#FFFFBD\">\n<p align=\"center\"><a href=\"http:\/\/fraynelson.com\/wiki\/index.php?title=i256003a\"><img decoding=\"async\" title=\"Click normal para ir a la transcripci\u00f3n\" src=\"http:\/\/fraynelson.com\/banco_imagenes\/text_icon.gif\" alt=\"Click normal para ir a la transcripci\u00f3n\" border=\"0\" \/><\/a><\/p>\n<\/td>\n<\/tr>\n<tr>\n<td bgcolor=\"#FFFFBD\">\n<p align=\"center\">4<\/p>\n<\/td>\n<td bgcolor=\"#FFFFBD\">2013\/09\/28<\/td>\n<td bgcolor=\"#FFFFBD\"><a href=\"http:\/\/fraynelson.com\/homilias.php?year=2015&amp;mon=09&amp;mday=26#4i256004amp3\"><img decoding=\"async\" title=\"Haz click para escuchar o grabar una versi\u00f3n en MP3\" src=\"http:\/\/fraynelson.com\/banco_imagenes\/mp3_icon.gif\" alt=\"Haz click para escuchar o grabar una versi\u00f3n en MP3\" border=\"0\" \/><\/a><br \/>\n<span style=\"color: brown;\"><i>Lo que el orgullo humano pretend\u00eda en Babilonia, la gracia divina lo otorgar\u00e1 en Jerusal\u00e9n.<\/i><\/span><br \/>\n<b><\/b><\/td>\n<td bgcolor=\"#FFFFBD\">\n<p align=\"center\"><a href=\"http:\/\/fraynelson.com\/wiki\/index.php?title=i256004a\"><img decoding=\"async\" title=\"Click normal para ir a la transcripci\u00f3n\" src=\"http:\/\/fraynelson.com\/banco_imagenes\/text_icon.gif\" alt=\"Click normal para ir a la transcripci\u00f3n\" border=\"0\" \/><\/a><\/p>\n<\/td>\n<\/tr>\n<tr>\n<td bgcolor=\"#FFFFBD\">\n<p align=\"center\">5<\/p>\n<\/td>\n<td bgcolor=\"#FFFFBD\">2015\/09\/26<\/td>\n<td bgcolor=\"#FFFFBD\"><a href=\"http:\/\/fraynelson.com\/homilias.php?year=2015&amp;mon=09&amp;mday=26#5i256005amp3\"><img decoding=\"async\" title=\"Haz click para escuchar o grabar una versi\u00f3n en MP3\" src=\"http:\/\/fraynelson.com\/banco_imagenes\/mp3_icon.gif\" alt=\"Haz click para escuchar o grabar una versi\u00f3n en MP3\" border=\"0\" \/><\/a><br \/>\n<span style=\"color: brown;\"><i>Dios se vale de muchas cosas, del destierro mismo, para hacer un llamado y enviar su mensaje de amor a todas las naciones.<\/i><\/span><br \/>\n<b><\/b><\/td>\n<td bgcolor=\"#FFFFBD\">\n<p align=\"center\"><a href=\"http:\/\/fraynelson.com\/wiki\/index.php?title=i256005a\"><img decoding=\"async\" title=\"Click normal para ir a la transcripci\u00f3n\" src=\"http:\/\/fraynelson.com\/banco_imagenes\/text_icon.gif\" alt=\"Click normal para ir a la transcripci\u00f3n\" border=\"0\" \/><\/a><\/p>\n<\/td>\n<\/tr>\n<\/tbody>\n<\/table>\n<\/div>\n<\/td>\n<\/tr>\n<tr bgcolor=\"#fffff0\">\n<td colspan=\"2\">\n<p align=\"center\"><span style=\"color: #000000; font-family: Arial,Helvetica,sans-serif; font-size: small;\">M\u00e1s informaci\u00f3n sobre este d\u00eda <a href=\"http:\/\/fraynelson.com\/homilias.php?year=2015&amp;mon=09&amp;mday=26\">aqu\u00ed<\/a><\/span><\/p>\n<\/td>\n<\/tr>\n<tr bgcolor=\"#ffffcc\">\n<td colspan=\"2\" valign=\"bottom\"><img loading=\"lazy\" decoding=\"async\" src=\"http:\/\/fraynelson.com\/banco_imagenes\/transparente.gif\" alt=\"\" width=\"8\" height=\"8\" \/><a class=\"linksmenu\" href=\"http:\/\/fraynelson.com\/sistema\/boletin\/mactboletin3.php#a\"><span style=\"color: #000066; font-family: Arial,Helvetica,sans-serif; font-size: xx-small;\"><strong>[arriba]<\/strong><\/span><\/a><\/td>\n<\/tr>\n<\/tbody>\n<\/table>\n<table border=\"0\" width=\"100%\" cellspacing=\"0\" cellpadding=\"0\" bgcolor=\"#ffcd88\">\n<tbody>\n<tr>\n<td valign=\"center\" width=\"55%\">\n<div align=\"left\"><img loading=\"lazy\" decoding=\"async\" src=\"http:\/\/fraynelson.com\/banco_imagenes\/arrow.gif\" alt=\"\" width=\"16\" height=\"15\" \/><\/div>\n<\/td>\n<td>\n<div align=\"right\"><span class=\"titulo1\"><span style=\"color: #590b00; font-family: Arial,Helvetica,sans-serif; font-size: medium;\"><strong>Homil\u00eda para leer<\/strong><\/span><\/span><\/div>\n<\/td>\n<\/tr>\n<tr>\n<td colspan=\"2\" valign=\"bottom\" bgcolor=\"#ffffcc\"><img loading=\"lazy\" decoding=\"async\" src=\"http:\/\/fraynelson.com\/banco_imagenes\/transparente.gif\" alt=\"\" width=\"8\" height=\"8\" \/><\/td>\n<\/tr>\n<tr>\n<td colspan=\"2\" valign=\"top\" bgcolor=\"#ffffcc\">\n<div align=\"justify\">\n<p><span style=\"color: #000000; font-family: Arial,Helvetica,sans-serif; font-size: small;\"><b>Temas de las lecturas: <\/b>Yo vengo a habitar dentro de ti * El Se\u00f1or nos guardar\u00e1 como pastor a su reba\u00f1o. * Al Hijo del hombre lo van a entregar. Les daba miedo preguntarle sobre el asunto<\/span><\/p>\n<h4><span style=\"color: #000000; font-family: Arial,Helvetica,sans-serif; font-size: small;\">1. Un libro enigm\u00e1tico y bello<\/span><\/h4>\n<p>1.1 El libro del profeta Zacar\u00edas hace una aparici\u00f3n demasiado discreta en la Liturgia de la Palabra de nuestra Santa Misa: s\u00f3lo lo tendemos con nosotros tres d\u00edas, si no hay alguna fiesta o solemnidad entretanto. Nos apoyamos en una breve cita de la edici\u00f3n de estudio de &#8220;Dios Habla Hoy&#8221; para enmarcar el pasaje de hoy.<\/p>\n<p>1.2 &#8220;El libro de Zacar\u00edas consta de dos partes claramente diferenciadas. La primera comienza con una exhortaci\u00f3n prof\u00e9tica al arrepentimiento y a la conversi\u00f3n (1,2\u20136), y contin\u00faa con una serie de visiones simb\u00f3licas (1,7\u20136,8). Por su forma literaria, estas visiones se asemejan a las de Am\u00f3s (7,1\u20139,4) y a las de Jerem\u00edas (1,11\u201314). Pero las de Zacar\u00edas son en general m\u00e1s complejas y detalladas, y en ellas el Se\u00f1or est\u00e1 representado por un \u00e1ngel int\u00e9rprete, que da explicaciones, hace preguntas o responde a los interrogantes que le plantea el profeta. Adem\u00e1s, el complejo simbolismo de estas visiones dificulta frecuentemente la interpretaci\u00f3n de algunos detalles.<\/p>\n<p>1.3 &#8220;No obstante esta dificultad, las ideas predominantes en la primera parte del libro son suficientemente claras. Los temas que m\u00e1s se destacan son el amor y la compasi\u00f3n del Se\u00f1or hacia Jerusal\u00e9n (1,14.16), la humillaci\u00f3n de las naciones opresoras que dispersaron a Jud\u00e1 (1,21[2,4]), la eliminaci\u00f3n de toda maldad y de todo pecado en el pueblo de Dios (5,4.8) y la esperanza mesi\u00e1nica (cf. particularmente 4,1\u201314). El profeta dedica tambi\u00e9n atenci\u00f3n especial a la reconstrucci\u00f3n del templo (1,16; 4,8\u201310; 6,15), y describe con entusiasmo el futuro esplendor de la ciudad santa: Jerusal\u00e9n ser\u00e1 una ciudad abierta, que no necesitar\u00e1 la protecci\u00f3n de una muralla, porque la gloria del Se\u00f1or habitar\u00e1 en medio de ella (2,5[9])&#8221;.<\/p>\n<p>1.4 El gran paso adelante que nos trae Zacar\u00edas en el texto de hoy es que la alegr\u00eda de la reconstrucci\u00f3n de Jerusal\u00e9n, ciertamente propia de todos los libros que se sit\u00faan en el tiempo posterior al destierro, aqu\u00ed est\u00e1 unida al gozo de ver c\u00f3mo el pueblo de Dios se extiende m\u00e1s all\u00e1 de la raza, es decir, de la descendencia seg\u00fan la carne y la sangre.<\/p>\n<p>1.5 Leemos, en efecto: &#8220;Muchas naciones se unir\u00e1n al Se\u00f1or en aquel d\u00eda; ellas tambi\u00e9n ser\u00e1n mi pueblo&#8221;. Y conmueve pensar que entre esas &#8220;muchas naciones&#8221; estamos tambi\u00e9n nosotros: colombianos, irlandeses, paraguayos, canadienses, norteamericanos, sudaneses, tibetanos&#8230; Nuestra presencia en la casa de Dios y en alianza con Dios no es un accidente: es el fruto de la voluntad ben\u00e9vola y piadosa de Dios, que lo anunci\u00f3 por boca de sus santos profetas.<\/p>\n<h4>2. M\u00e1s popularidad pero con m\u00e1s claridad<\/h4>\n<p>2.1 El evangelio de hoy, entretanto, nos presenta la parad\u00f3jica ense\u00f1anza de Cristo sobre el desenlace de su vida. Su popularidad ha crecido, pero as\u00ed tambi\u00e9n hace \u00e9l que crezca la claridad de su mensaje sobre el sombr\u00edo futuro que le aguarda.<\/p>\n<p>2.2 Definitivamente Cristo no se puso nunca a hacer extrapolaciones del tipo: &#8220;ya vemos que nos quiere mucha gente y que muchos nos aceptan; \u00a1pronto ser\u00e1n todav\u00eda m\u00e1s!&#8221;. Al contrario, haciendo evidente contrapeso a los aplausos y elogios de la gente, Cristo dice a sus disc\u00edpulos (\u00a1y a s\u00ed mismo!) que lo que viene es traici\u00f3n, dolor, tortura, cruz y muerte.<\/p>\n<p>2.3 Es interesante la anotaci\u00f3n que nos da Lucas. Los disc\u00edpulos, por una parte no entienden, pero por otra sienten temor de preguntar. \u00bfPor qu\u00e9 temor? Un comentarista protestante, Matthew Henry, adelanta una hip\u00f3tesis: &#8220;no quer\u00edan ser despertados de su sue\u00f1o placentero&#8221;, porque en realidad es &#8220;sue\u00f1o&#8221; pretender que la vida cristiana va de victoria en aplauso y de elogio en risa. Otros piensan que el temor ven\u00eda de no querer ser reprendidos en su ignorancia, pues en otros lugares vemos que alguna vez Cristo les hab\u00eda mostrado su torpeza y se hab\u00eda quejado de su lentitud para aprender (cf. Mt 16,9) y tambi\u00e9n de su poca fe (cf. Lc 9,41). Esto es interesante reconocerlo, porque esa misma clase de temores pueden asaltarnos a nosotros.<\/p>\n<\/div>\n<\/td>\n<\/tr>\n<tr bgcolor=\"#ffffcc\">\n<td colspan=\"2\" valign=\"bottom\"><img loading=\"lazy\" decoding=\"async\" src=\"http:\/\/fraynelson.com\/banco_imagenes\/transparente.gif\" alt=\"\" width=\"8\" height=\"8\" \/><a class=\"linksmenu\" href=\"http:\/\/fraynelson.com\/sistema\/boletin\/mactboletin3.php#a\"><span style=\"color: #000066; font-family: Arial,Helvetica,sans-serif; font-size: xx-small;\"><strong>[arriba]<\/strong><\/span><\/a><\/td>\n<\/tr>\n<\/tbody>\n<\/table>\n<\/td>\n<\/tr>\n<\/tbody>\n<\/table>\n<table border=\"0\" width=\"100%\" cellspacing=\"0\" cellpadding=\"0\" bgcolor=\"#ffcd88\">\n<tbody>\n<tr>\n<td valign=\"center\" width=\"55%\"><a id=\"8\" name=\"8\"><\/a><\/p>\n<div align=\"left\"><a id=\"8\" name=\"8\"><\/a><img loading=\"lazy\" decoding=\"async\" src=\"http:\/\/fraynelson.com\/banco_imagenes\/arrow.gif\" alt=\"\" width=\"16\" height=\"15\" \/><\/div>\n<\/td>\n<td>\n<div align=\"right\"><span class=\"titulo1\"><span style=\"color: #590b00; font-family: Arial,Helvetica,sans-serif; font-size: x-large;\"><strong><span style=\"color: red;\"><em>Video<\/em><\/span> recomendado para este dia<em>!<\/em><\/strong><\/span><\/span><\/div>\n<\/td>\n<\/tr>\n<tr>\n<td colspan=\"2\" valign=\"bottom\" bgcolor=\"#ffffcc\"><img loading=\"lazy\" decoding=\"async\" src=\"http:\/\/fraynelson.com\/banco_imagenes\/transparente.gif\" alt=\"\" width=\"8\" height=\"8\" \/><\/td>\n<\/tr>\n<tr>\n<td colspan=\"2\" valign=\"top\" bgcolor=\"#ffffcc\">\n<div align=\"center\">\n<p><span style=\"color: #000000; font-family: Arial,Helvetica,sans-serif; font-size: small;\"><strong><a href=\"http:\/\/www.youtube.com\/watch?v=-X0WIXjVB38\"><img decoding=\"async\" src=\"http:\/\/fraynelson.com\/banco_imagenes\/videos\/20150926.jpg\" alt=\"\" border=\"0\" \/><\/a><\/p>\n<p>5. Toda la teolog\u00eda tiene su origen en una iniciativa divina: Dios ha querido revelarse a nosotros. En la filosof\u00eda, en cambio, la iniciativa est\u00e1 en la capacidad racional humana que aplica sus energ\u00edas a aquello que le atrae y desaf\u00eda.<\/strong><\/span><\/p>\n<\/div>\n<\/td>\n<\/tr>\n<tr bgcolor=\"#ffffcc\">\n<td colspan=\"2\" valign=\"bottom\"><img loading=\"lazy\" decoding=\"async\" src=\"http:\/\/fraynelson.com\/banco_imagenes\/transparente.gif\" alt=\"\" width=\"8\" height=\"8\" \/><a class=\"linksmenu\" href=\"http:\/\/fraynelson.com\/sistema\/boletin\/mactboletin3.php#a\"><span style=\"color: #000066; font-family: Arial,Helvetica,sans-serif; font-size: xx-small;\"><strong>[arriba]<\/strong><\/span><\/a><\/td>\n<\/tr>\n<\/tbody>\n<\/table>\n<table border=\"0\" width=\"100%\" cellspacing=\"0\" cellpadding=\"0\" bgcolor=\"#ffcd88\">\n<tbody>\n<tr>\n<td valign=\"center\" width=\"55%\"><a id=\"9\" name=\"9\"><\/a><\/p>\n<div align=\"left\"><a id=\"9\" name=\"9\"><\/a><img loading=\"lazy\" decoding=\"async\" src=\"http:\/\/fraynelson.com\/banco_imagenes\/arrow.gif\" alt=\"\" width=\"16\" height=\"15\" \/><\/div>\n<\/td>\n<td>\n<div align=\"right\"><span class=\"titulo1\"><span style=\"color: #590b00; font-family: Arial,Helvetica,sans-serif; font-size: medium;\"><strong>Informaci\u00f3n legal y de suscripci\u00f3n<\/strong><\/span><\/span><\/div>\n<\/td>\n<\/tr>\n<tr>\n<td colspan=\"2\" valign=\"bottom\" bgcolor=\"#ffffcc\"><img loading=\"lazy\" decoding=\"async\" src=\"http:\/\/fraynelson.com\/banco_imagenes\/transparente.gif\" alt=\"\" width=\"8\" height=\"8\" \/><\/td>\n<\/tr>\n<tr>\n<td colspan=\"2\" valign=\"top\" bgcolor=\"#ffffcc\">\n<div align=\"justify\">\n<div align=\"justify\">\n<p><span style=\"color: #000000; font-family: Arial,Helvetica,sans-serif; font-size: small;\"><strong>Para saber m\u00e1s&#8230;<\/strong><\/span><\/p>\n<\/div>\n<\/div>\n<ul>\n<li>Este bolet\u00edn es el veh\u00edculo de comunicaci\u00f3n diario de la p\u00e1gina <a href=\"http:\/\/fraynelson.com\">FRAYNELSON.COM<\/a>, Casa para tu Fe Cat\u00f3lica. <strong>Servimos con gozo a la evangelizaci\u00f3n<\/strong> dentro de nuestra Iglesia, en comuni\u00f3n con el Santo Padre.<\/li>\n<li>Todos nuestros servicios y todo lo que encuentres en FRAYNELSON.COM es gratuito y solamente recibimos donaciones. Es decir: nunca cobramos ni aceptamos dinero por publicidad ni tampoco pagamos servicios. Todos <strong>nuestros donantes y colaboradores permanentes son voluntarios<\/strong> que viven y trabajan en distintas partes del mundo.<\/li>\n<li>Es posible que hayas recibido este mensaje sin haberlo solicitado. Nuestra intenci\u00f3n no es fastidiar a nadie, y por eso es sencillo el proceso de darse de baja. Si nunca pediste recibir este bolet\u00edn, es posible que alg\u00fan pariente o amigo tuyo haya incluido tu nombre y direcci\u00f3n. Con respeto te invito a que consideres lo que ofrecemos antes de dejarnos, pero en cualquier caso eres libre de darte de baja cuando quieras.<\/li>\n<li><i>Si deseas incluir en este bolet\u00edn tu cumplea\u00f1os, o una fecha que es importante para ti o tu familia o tu grupo<\/i>, entra a <a href=\"http:\/\/fraynelson.com\/calendario.php\"><strong>nuestro calendario<\/strong><\/a>. Las entradas a este calendario tiene que ser aprobadas antes de ser publicadas. El prop\u00f3sito es favorecer la oraci\u00f3n y amistad entre todos. \ud83d\ude42<\/li>\n<li>\u00a1Por supuesto t\u00fa tambi\u00e9n <strong>puedes invitar a otras personas<\/strong>! Estamos convencidos que un poco de nuestro Alimento del Alma puede hacer una GRAN DIFERENCIA en muchas vidas. Puedes responder a este correo indic\u00e1ndonos a qui\u00e9n quieres que regalemos nuestro Alimento. Por supuesto, si sospechas que a alguien no le va a interesar, no le hagas ni nos hagas perder tiempo. Sin embargo, es un hecho que m\u00e1s y m\u00e1s gente est\u00e1 siendo bendecida con nuestros servicios.<\/li>\n<li>Los textos del <b>SANTO DEL D\u00cdA<\/b> son responsabilidad y cortes\u00eda de <a href=\"http:\/\/aciprensa.com\">Aciprensa<\/a> o de la <a href=\"http:\/\/www.archimadrid.es\/\">Archidi\u00f3cesis de Madrid<\/a>. Ten en cuenta, sin embargo, que la celebraci\u00f3n lit\u00fargica de un santo o santa en particular depende de factores locales, del tiempo lit\u00fargico, de si cae en domingo, y algunos otros. Los breves esquemas que ofrecemos son s\u00f3lo para edificaci\u00f3n espiritual. Los dem\u00e1s textos no b\u00edblicos son responsabilidad de sus autores o si no se indica, de <b>Fray Nelson Medina, O.P.<\/b> Estos pueden ser divulgados declarando la fuente. Tus aportes en <strong>oraci\u00f3n, tiempo, servicios, ideas o dinero<\/strong> son siempre bienvenidos. Puedes visitar nuestra <a href=\"http:\/\/fraynelson.com\/ayuda.html\">p\u00e1gina de ayuda<\/a>.<\/li>\n<\/ul>\n<\/td>\n<\/tr>\n<tr bgcolor=\"#ffffcc\">\n<td colspan=\"2\" valign=\"bottom\"><img loading=\"lazy\" decoding=\"async\" src=\"http:\/\/fraynelson.com\/banco_imagenes\/transparente.gif\" alt=\"\" width=\"8\" height=\"8\" \/><a class=\"linksmenu\" href=\"http:\/\/fraynelson.com\/sistema\/boletin\/mactboletin3.php#a\"><span style=\"color: #000066; font-family: Arial,Helvetica,sans-serif; font-size: xx-small;\"><strong>[arriba]<\/strong><\/span><\/a><\/td>\n<\/tr>\n<\/tbody>\n<\/table>\n<\/td>\n<\/tr>\n<\/tbody>\n<\/table>\n<\/div>\n<\/td>\n<\/tr>\n<\/tbody>\n<\/table>\n","protected":false},"excerpt":{"rendered":"<p>[ Ver en la WEB ] [ Suscribirse \/ Darse de baja ]<\/p>\n","protected":false},"author":1138,"featured_media":0,"comment_status":"closed","ping_status":"closed","sticky":false,"template":"","format":"standard","meta":{"footnotes":""},"categories":[919],"tags":[],"class_list":["post-38767","post","type-post","status-publish","format-standard","hentry","category-boletin"],"jetpack_featured_media_url":"","_links":{"self":[{"href":"https:\/\/fraynelson.com\/blog\/wp-json\/wp\/v2\/posts\/38767","targetHints":{"allow":["GET"]}}],"collection":[{"href":"https:\/\/fraynelson.com\/blog\/wp-json\/wp\/v2\/posts"}],"about":[{"href":"https:\/\/fraynelson.com\/blog\/wp-json\/wp\/v2\/types\/post"}],"author":[{"embeddable":true,"href":"https:\/\/fraynelson.com\/blog\/wp-json\/wp\/v2\/users\/1138"}],"replies":[{"embeddable":true,"href":"https:\/\/fraynelson.com\/blog\/wp-json\/wp\/v2\/comments?post=38767"}],"version-history":[{"count":1,"href":"https:\/\/fraynelson.com\/blog\/wp-json\/wp\/v2\/posts\/38767\/revisions"}],"predecessor-version":[{"id":38768,"href":"https:\/\/fraynelson.com\/blog\/wp-json\/wp\/v2\/posts\/38767\/revisions\/38768"}],"wp:attachment":[{"href":"https:\/\/fraynelson.com\/blog\/wp-json\/wp\/v2\/media?parent=38767"}],"wp:term":[{"taxonomy":"category","embeddable":true,"href":"https:\/\/fraynelson.com\/blog\/wp-json\/wp\/v2\/categories?post=38767"},{"taxonomy":"post_tag","embeddable":true,"href":"https:\/\/fraynelson.com\/blog\/wp-json\/wp\/v2\/tags?post=38767"}],"curies":[{"name":"wp","href":"https:\/\/api.w.org\/{rel}","templated":true}]}}