{"id":38521,"date":"2015-09-16T09:01:32","date_gmt":"2015-09-16T14:01:32","guid":{"rendered":"http:\/\/fraynelson.com\/blog\/?p=38521"},"modified":"2015-09-12T14:47:12","modified_gmt":"2015-09-12T19:47:12","slug":"visperas-20150916","status":"publish","type":"post","link":"https:\/\/fraynelson.com\/blog\/2015\/09\/16\/visperas-20150916\/","title":{"rendered":"V\u00cdSPERAS 20150916"},"content":{"rendered":"<p>#VisperasFrayNelson para la <strong>Memoria de los Santos Cornelio, Papa, y Cipriano, Obispo, M\u00e1rtires<\/strong><\/p>\n<p><a href=\"https:\/\/fraynelson.com\/blog\/wp-content\/uploads\/2015\/09\/cipriano_y_cornelio2.jpg\"><img loading=\"lazy\" decoding=\"async\" src=\"https:\/\/fraynelson.com\/blog\/wp-content\/uploads\/2015\/09\/cipriano_y_cornelio2.jpg\" alt=\"cipriano_y_cornelio2\" width=\"400\" height=\"526\" class=\"aligncenter size-full wp-image-38540\" \/><\/a><\/p>\n<div class=\"powerpress_player\" id=\"powerpress_player_9007\"><audio class=\"wp-audio-shortcode\" id=\"audio-38521-1\" preload=\"none\" style=\"width: 100%;\" controls=\"controls\"><source type=\"audio\/mpeg\" src=\"http:\/\/fraynelson.com\/conferencias\/oracion\/scycv_s043v.mp3?_=1\" \/><a href=\"http:\/\/fraynelson.com\/conferencias\/oracion\/scycv_s043v.mp3\">http:\/\/fraynelson.com\/conferencias\/oracion\/scycv_s043v.mp3<\/a><\/audio><\/div>\n<p>[REPRODUCCI\u00d3N PERMITIDA &#8211; Ay\u00fadanos a divulgar este camino de oraci\u00f3n en las redes sociales, blogs, emisoras de radio, y otros medios.]<\/p>\n","protected":false},"excerpt":{"rendered":"<p>#VisperasFrayNelson para la Memoria de los Santos Cornelio, Papa, y Cipriano, Obispo, M\u00e1rtires [REPRODUCCI\u00d3N PERMITIDA &#8211; Ay\u00fadanos a divulgar este camino de oraci\u00f3n en las redes sociales, blogs, emisoras de radio, y otros medios.]<\/p>\n","protected":false},"author":1138,"featured_media":0,"comment_status":"closed","ping_status":"closed","sticky":false,"template":"","format":"standard","meta":{"footnotes":""},"categories":[291,413,1097],"tags":[],"class_list":["post-38521","post","type-post","status-publish","format-standard","hentry","category-audio","category-oracion","category-visperas"],"jetpack_featured_media_url":"","_links":{"self":[{"href":"https:\/\/fraynelson.com\/blog\/wp-json\/wp\/v2\/posts\/38521","targetHints":{"allow":["GET"]}}],"collection":[{"href":"https:\/\/fraynelson.com\/blog\/wp-json\/wp\/v2\/posts"}],"about":[{"href":"https:\/\/fraynelson.com\/blog\/wp-json\/wp\/v2\/types\/post"}],"author":[{"embeddable":true,"href":"https:\/\/fraynelson.com\/blog\/wp-json\/wp\/v2\/users\/1138"}],"replies":[{"embeddable":true,"href":"https:\/\/fraynelson.com\/blog\/wp-json\/wp\/v2\/comments?post=38521"}],"version-history":[{"count":3,"href":"https:\/\/fraynelson.com\/blog\/wp-json\/wp\/v2\/posts\/38521\/revisions"}],"predecessor-version":[{"id":38550,"href":"https:\/\/fraynelson.com\/blog\/wp-json\/wp\/v2\/posts\/38521\/revisions\/38550"}],"wp:attachment":[{"href":"https:\/\/fraynelson.com\/blog\/wp-json\/wp\/v2\/media?parent=38521"}],"wp:term":[{"taxonomy":"category","embeddable":true,"href":"https:\/\/fraynelson.com\/blog\/wp-json\/wp\/v2\/categories?post=38521"},{"taxonomy":"post_tag","embeddable":true,"href":"https:\/\/fraynelson.com\/blog\/wp-json\/wp\/v2\/tags?post=38521"}],"curies":[{"name":"wp","href":"https:\/\/api.w.org\/{rel}","templated":true}]}}