{"id":38272,"date":"2015-09-01T05:07:50","date_gmt":"2015-09-01T10:07:50","guid":{"rendered":"http:\/\/fraynelson.com\/blog\/?p=38272"},"modified":"2015-08-31T19:09:43","modified_gmt":"2015-09-01T00:09:43","slug":"alimento-20150903","status":"publish","type":"post","link":"https:\/\/fraynelson.com\/blog\/2015\/09\/01\/alimento-20150903\/","title":{"rendered":"ALIMENTO 20150903"},"content":{"rendered":"<div align=\"center\">\n<p><b>[<\/b> <a href=\"https:\/\/fraynelson.com\/blog\/2015\/09\/01\/alimento-20150903\/\" target=\"_blank\">Ver en la WEB<\/a> <b>] [<\/b> <a href=\"http:\/\/fraynelson.com\/suscripciones.html\" target=\"_blank\">Suscribirse \/ Darse de baja<\/a> <b>]<\/b><\/p>\n<\/div>\n<p><!--more--><\/p>\n<table border=\"0\" width=\"80%\" cellspacing=\"2\" cellpadding=\"2\" align=\"center\" bgcolor=\"#ffffcc\">\n<tbody>\n<tr>\n<td>\n<div align=\"center\">\n<table border=\"0\" cellspacing=\"0\" cellpadding=\"0\" align=\"center\" bgcolor=\"#ffffff\">\n<tbody>\n<tr>\n<td colspan=\"2\" bgcolor=\"#ffffcc\">\n<div align=\"center\"><img decoding=\"async\" src=\"http:\/\/fraynelson.com\/banco_imagenes\/casita.jpg\" alt=\"\" height=\"115\" \/><\/div>\n<\/td>\n<\/tr>\n<tr>\n<td colspan=\"2\" bgcolor=\"#ffffff\" height=\"1\">\n<div align=\"center\"><span style=\"color: #ffffff; font-family: Arial,Helvetica,sans-serif; font-size: xx-small;\"><img decoding=\"async\" src=\"http:\/\/fraynelson.com\/_blnk.gif\" alt=\"\" height=\"1\" vspace=\"1\" \/><\/span><\/div>\n<\/td>\n<\/tr>\n<tr>\n<td colspan=\"2\" bgcolor=\"#ffffff\" height=\"1\">\n<div align=\"center\">\n<table border=\"0\" width=\"98%\" cellspacing=\"0\" cellpadding=\"0\" align=\"center\" bgcolor=\"#590b00\">\n<tbody>\n<tr>\n<td width=\"5\" height=\"45\"><\/td>\n<td>\n<div align=\"center\">\n<p><span class=\"resaltado\"><span style=\"color: #ffffcc; font-family: Arial,Helvetica,sans-serif; font-size: medium;\"><strong>Alimento del Alma<\/strong><\/span><strong><br \/>\n<span style=\"color: #ffffcc; font-family: Arial,Helvetica,sans-serif; font-size: small;\">Jueves 03 de septiembre de 2015<\/span><\/strong><\/span><br \/>\n<span style=\"color: #ffffcc; font-family: Arial,Helvetica,sans-serif; font-size: xx-small;\"><span class=\"cierre\">Convento de Santo Domingo, Bogot\u00e1, COLOMBIA.<br \/>\nTel. +57 (1) 249-3385<\/span><\/span><\/p>\n<\/div>\n<\/td>\n<td bgcolor=\"#ffcc99\">\n<div align=\"center\"><span style=\"color: #590b00; font-family: Arial,Helvetica,sans-serif; font-size: small;\"><strong>No. 8600<\/strong><\/span><\/div>\n<\/td>\n<\/tr>\n<\/tbody>\n<\/table>\n<\/div>\n<\/td>\n<\/tr>\n<tr>\n<td colspan=\"2\">\n<table border=\"0\" cellspacing=\"2\" cellpadding=\"2\" align=\"center\">\n<tbody>\n<tr>\n<td valign=\"top\" bgcolor=\"#ffffdd\" height=\"2989\">\n<table border=\"0\" width=\"98%\" align=\"center\">\n<tbody>\n<tr>\n<td colspan=\"2\" bgcolor=\"#ffcc99\">\n<div align=\"center\"><span style=\"color: #590b00; font-family: Verdana,Arial,Helvetica,sans-serif; font-size: small;\"><strong>Cada d\u00eda tiene su gracia&#8230;<\/strong><\/span><\/div>\n<\/td>\n<\/tr>\n<tr bgcolor=\"#ffffff\">\n<td>\n<p align=\"center\"><a href=\"http:\/\/is.gd\/fraynelson20150903\" target=\"_blank\"><img decoding=\"async\" src=\"http:\/\/fraynelson.com\/banco_imagenes\/b_lagracia.png\" alt=\"\" border=\"0\" \/><\/a><\/p>\n<\/td>\n<\/tr>\n<tr>\n<td colspan=\"2\" bgcolor=\"#ffcc99\"><\/td>\n<\/tr>\n<\/tbody>\n<\/table>\n<p>&nbsp;<\/p>\n<p align=\"center\"><a href=\"http:\/\/www.vatican.va\" target=\"_blank\"><img decoding=\"async\" src=\"http:\/\/fraynelson.com\/banco_imagenes\/boletin_izq_013.jpg\" alt=\"\" border=\"0\" \/><\/a><\/p>\n<p>&nbsp;<\/p>\n<table border=\"0\" width=\"98%\" align=\"center\">\n<tbody>\n<tr>\n<td colspan=\"2\" bgcolor=\"#ffcc99\">\n<div align=\"center\"><span style=\"color: #590b00; font-family: Verdana,Arial,Helvetica,sans-serif; font-size: small;\"><strong>A\u00fan m\u00e1s contenido,<br \/>\nen FRAYNELSON.COM y FRAYNELSON.NET:<\/strong><\/span><\/div>\n<\/td>\n<\/tr>\n<tr bgcolor=\"#ffffff\">\n<td>\n<div align=\"center\"><span style=\"color: #590b00; font-size: large;\">\u2022<\/span><\/div>\n<\/td>\n<td><a href=\"http:\/\/fraynelson.com\"><span style=\"color: #000066; font-family: Arial,Helvetica,sans-serif; font-size: small;\"><strong>Inicio<\/strong><\/span><\/a><\/td>\n<\/tr>\n<tr bgcolor=\"#ffffff\">\n<td>\n<div align=\"center\"><span style=\"color: #590b00; font-size: large;\">\u2022<\/span><\/div>\n<\/td>\n<td><a href=\"http:\/\/fraynelson.net\"><span style=\"color: #000066; font-family: Arial,Helvetica,sans-serif; font-size: small;\"><strong>AMIGOS EN LA FE<\/strong><\/span><\/a><\/td>\n<\/tr>\n<tr bgcolor=\"#ffffff\">\n<td>\n<div align=\"center\"><span style=\"color: #590b00; font-size: large;\">\u2022<\/span><\/div>\n<\/td>\n<td><a href=\"http:\/\/fraynelson.com\/calendario.php\"><span style=\"color: #000066; font-family: Arial,Helvetica,sans-serif; font-size: small;\"><strong>Calendario<\/strong><\/span><\/a><\/td>\n<\/tr>\n<tr bgcolor=\"#ffffff\">\n<td>\n<div align=\"center\"><span style=\"color: #590b00; font-size: large;\">\u2022<\/span><\/div>\n<\/td>\n<td><a href=\"https:\/\/fraynelson.com\/blog\/categorias\/audio\"><span style=\"color: #000066; font-family: Arial,Helvetica,sans-serif; font-size: small;\"><strong>Predicaci\u00f3n de viva voz<\/strong><\/span><\/a><\/td>\n<\/tr>\n<tr bgcolor=\"#ffffff\">\n<td>\n<div align=\"center\"><span style=\"color: #590b00; font-size: large;\">\u2022<\/span><\/div>\n<\/td>\n<td><a href=\"http:\/\/fraynelson.com\/homilias.html\"><span style=\"color: #000066; font-family: Arial,Helvetica,sans-serif; font-size: small;\"><strong>Homil\u00edas<\/strong><\/span><\/a><\/td>\n<\/tr>\n<tr bgcolor=\"#ffffff\">\n<td>\n<div align=\"center\"><span style=\"color: #590b00; font-size: large;\">\u2022<\/span><\/div>\n<\/td>\n<td><a href=\"http:\/\/fraynelson.com\/preguntas.php\"><span style=\"color: #000066; font-family: Arial,Helvetica,sans-serif; font-size: small;\"><strong>Preguntas y Respuestas<\/strong><\/span><\/a><\/td>\n<\/tr>\n<tr bgcolor=\"#ffffff\">\n<td>\n<div align=\"center\"><span style=\"color: #590b00; font-size: large;\">\u2022<\/span><\/div>\n<\/td>\n<td><a href=\"http:\/\/fraynelson.com\/imprenta.html\"><span style=\"color: #000066; font-family: Arial,Helvetica,sans-serif; font-size: small;\"><strong>Imprenta (PDF)<\/strong><\/span><\/a><\/td>\n<\/tr>\n<tr bgcolor=\"#ffffff\">\n<td>\n<div align=\"center\"><span style=\"color: #590b00; font-size: large;\">\u2022<\/span><\/div>\n<\/td>\n<td><a href=\"http:\/\/fraynelson.com\/wiki\"><span style=\"color: #000066; font-family: Arial,Helvetica,sans-serif; font-size: small;\"><strong>Wiki (transcripciones)<\/strong><\/span><\/a><\/td>\n<\/tr>\n<tr bgcolor=\"#ffffff\">\n<td>\n<div align=\"center\"><span style=\"color: #590b00; font-size: large;\">\u2022<\/span><\/div>\n<\/td>\n<td><a href=\"https:\/\/fraynelson.com\/blog\"><span style=\"color: #000066; font-family: Arial,Helvetica,sans-serif; font-size: small;\"><strong>Diario (Weblog)<\/strong><\/span><\/a><\/td>\n<\/tr>\n<tr bgcolor=\"#ffffff\">\n<td>\n<div align=\"center\"><span style=\"color: #590b00; font-size: large;\">\u2022<\/span><\/div>\n<\/td>\n<td><a href=\"http:\/\/fraynelson.com\/comunidad\/\"><span style=\"color: #000066; font-family: Arial,Helvetica,sans-serif; font-size: small;\"><strong>Oraci\u00f3n Compartida<\/strong><\/span><\/a><\/td>\n<\/tr>\n<tr bgcolor=\"#ffffff\">\n<td>\n<div align=\"center\"><span style=\"color: #590b00; font-size: large;\">\u2022<\/span><\/div>\n<\/td>\n<td><a href=\"http:\/\/www.htmlgear.tripod.com\/guest\/control.guest?u=fraynelson0&amp;i=1&amp;a=view\"><span style=\"color: #000066; font-family: Arial,Helvetica,sans-serif; font-size: small;\"><strong>Testimonios<\/strong><\/span><\/a><\/td>\n<\/tr>\n<tr bgcolor=\"#ffffff\">\n<td>\n<div align=\"center\"><span style=\"color: #590b00; font-size: large;\">\u2022<\/span><\/div>\n<\/td>\n<td><a href=\"http:\/\/fraynelson.com\/ayuda.html\"><span style=\"color: #000066; font-family: Arial,Helvetica,sans-serif; font-size: small;\"><strong>C\u00f3mo ayudar<\/strong><\/span><\/a><\/td>\n<\/tr>\n<tr bgcolor=\"#ffffff\">\n<td colspan=\"2\" bgcolor=\"#ffcc99\"><\/td>\n<\/tr>\n<\/tbody>\n<\/table>\n<p>&nbsp;<\/p>\n<p align=\"center\"><a href=\"http:\/\/www.opcolombia.org\" target=\"_blank\"><img decoding=\"async\" src=\"http:\/\/fraynelson.com\/banco_imagenes\/boletin_izq_02.jpg\" alt=\"\" border=\"0\" \/><\/a><\/p>\n<p>&nbsp;<\/p>\n<table border=\"0\" width=\"98%\" align=\"center\">\n<tbody>\n<tr>\n<td colspan=\"2\" bgcolor=\"#ffcc99\">\n<div align=\"center\"><span style=\"color: #590b00; font-family: Verdana,Arial,Helvetica,sans-serif; font-size: small;\"><strong>\u00a1 PONTE AL D\u00cdA !<br \/>\nEstas son nuestras series:<\/strong><\/span><\/div>\n<\/td>\n<\/tr>\n<tr bgcolor=\"#ffffff\">\n<td>\n<div align=\"center\"><span style=\"color: #590b00; font-size: large;\">\u2022<\/span><\/div>\n<\/td>\n<td><a href=\"https:\/\/fraynelson.com\/blog\/categorias\/iglesia-catolica\/biblioteca-pontificia\/\"><span style=\"color: #000066; font-family: Arial,Helvetica,sans-serif; font-size: small;\"><strong>Biblioteca Pontificia<\/strong><\/span><\/a><\/td>\n<\/tr>\n<tr bgcolor=\"#ffffff\">\n<td>\n<div align=\"center\"><span style=\"color: #590b00; font-size: large;\">\u2022<\/span><\/div>\n<\/td>\n<td><a href=\"https:\/\/fraynelson.com\/blog\/categorias\/teologia-espiritual\/las-palabras-del-angel\/\"><span style=\"color: #000066; font-family: Arial,Helvetica,sans-serif; font-size: small;\"><strong>Las Palabras del Angel<\/strong><\/span><\/a><\/td>\n<\/tr>\n<tr bgcolor=\"#ffffff\">\n<td>\n<div align=\"center\"><span style=\"color: #590b00; font-size: large;\">\u2022<\/span><\/div>\n<\/td>\n<td><a href=\"https:\/\/fraynelson.com\/blog\/categorias\/teologia-espiritual\/conoce-tu-dios\/\"><span style=\"color: #000066; font-family: Arial,Helvetica,sans-serif; font-size: small;\"><strong>Conoce a tu Dios (P. Jaime Forero, q.e.p.d)<\/strong><\/span><\/a><\/td>\n<\/tr>\n<tr bgcolor=\"#ffffff\">\n<td>\n<div align=\"center\"><span style=\"color: #590b00; font-size: large;\">\u2022<\/span><\/div>\n<\/td>\n<td><a href=\"https:\/\/fraynelson.com\/blog\/?s=ejercicios+perdon\"><span style=\"color: #000066; font-family: Arial,Helvetica,sans-serif; font-size: small;\"><strong>Ejercicios para el Perd\u00f3n (P. Jaime Forero, q.e.p.d)<\/strong><\/span><\/a><\/td>\n<\/tr>\n<tr bgcolor=\"#ffffff\">\n<td>\n<div align=\"center\"><span style=\"color: #590b00; font-size: large;\">\u2022<\/span><\/div>\n<\/td>\n<td><a href=\"http:\/\/fraynelson.com\/preguntas.php\"><span style=\"color: #000066; font-family: Arial,Helvetica,sans-serif; font-size: small;\"><strong>Preguntas &amp; Respuestas<\/strong><\/span><\/a><\/td>\n<\/tr>\n<tr bgcolor=\"#ffffff\">\n<td>\n<div align=\"center\"><span style=\"color: #590b00; font-size: large;\">\u2022<\/span><\/div>\n<\/td>\n<td><a href=\"http:\/\/www.youtube.com\/view_play_list?p=7155E7B865615CCF&amp;hl=es\"><span style=\"color: #000066; font-family: Arial,Helvetica,sans-serif; font-size: small;\"><strong>Videos publicados en el Bolet\u00edn<\/strong><\/span><\/a><\/td>\n<\/tr>\n<tr bgcolor=\"#ffffff\">\n<td>\n<div align=\"center\"><span style=\"color: #590b00; font-size: large;\">\u2022<\/span><\/div>\n<\/td>\n<td><a href=\"http:\/\/www.youtube.com\/view_play_list?p=E680DA141F25BCF5&amp;hl=es\"><span style=\"color: #000066; font-family: Arial,Helvetica,sans-serif; font-size: small;\"><strong>Cantos publicados en el Bolet\u00edn<\/strong><\/span><\/a><\/td>\n<\/tr>\n<tr bgcolor=\"#ffffff\">\n<td>\n<div align=\"center\"><span style=\"color: #590b00; font-size: large;\">\u2022<\/span><\/div>\n<\/td>\n<td><a href=\"http:\/\/fraynelson.com\/ayuda.html\"><span style=\"color: #000066; font-family: Arial,Helvetica,sans-serif; font-size: small;\"><strong>C\u00f3mo ayudar<\/strong><\/span><\/a><\/td>\n<\/tr>\n<tr bgcolor=\"#ffffff\">\n<td colspan=\"2\" bgcolor=\"#ffcc99\"><\/td>\n<\/tr>\n<\/tbody>\n<\/table>\n<p>&nbsp;<\/p>\n<div align=\"center\">\n<p><span class=\"resaltado\"><span style=\"font-family: Arial,Helvetica,sans-serif; font-size: small;\"><strong>Inscribe tu e-mail en:<br \/>\n<span style=\"color: red;\"><a href=\"http:\/\/www.fraynelson.com\">www.fraynelson.com<\/a><\/span><\/strong><\/span><\/span><\/p>\n<p>&nbsp;<\/p>\n<p align=\"center\"><a href=\"http:\/\/fraynelson.com\/ayuda.html\"><img decoding=\"async\" src=\"http:\/\/fraynelson.com\/banco_imagenes\/boletin_izq_03.jpg\" alt=\"\" border=\"0\" \/><\/a><\/p>\n<p><span class=\"resaltado\"><span style=\"font-family: Arial,Helvetica,sans-serif; font-size: small;\"><strong>Una canci\u00f3n <em>gratis<\/em><br \/>\npara este d\u00eda:<br \/>\n<a href=\"http:\/\/fraynelson.com\/cantos\/0116_que_rian.rm\"><span style=\"font-size: x-large;\">Que Rian<\/span><\/a><\/strong><\/span><\/span><\/p>\n<p>&nbsp;<\/p>\n<\/div>\n<\/td>\n<td valign=\"top\">\n<div align=\"center\">\n<table border=\"0\" width=\"100%\" cellspacing=\"2\" cellpadding=\"0\" bgcolor=\"#ffffff\">\n<tbody>\n<tr>\n<td>\n<div align=\"left\"><span class=\"titulo1\"><span style=\"color: #590b00; font-family: Arial,Helvetica,sans-serif; font-size: small;\"><strong><em>* Para el JUEVES: Caj\u00f3n de preguntas y respuestas *<\/em><\/strong><\/span><\/span><\/div>\n<\/td>\n<\/tr>\n<\/tbody>\n<\/table>\n<\/div>\n<table border=\"0\" width=\"100%\" cellspacing=\"0\" cellpadding=\"0\" bgcolor=\"#ffcd88\">\n<tbody>\n<tr>\n<td valign=\"center\" width=\"55%\"><a id=\"1\" name=\"1\"><\/a><\/p>\n<div align=\"left\"><a id=\"1\" name=\"1\"><\/a><img loading=\"lazy\" decoding=\"async\" src=\"http:\/\/fraynelson.com\/banco_imagenes\/arrow.gif\" alt=\"\" width=\"16\" height=\"15\" \/><a name=\"1\"><\/a><\/div>\n<\/td>\n<td>\n<div align=\"right\"><span class=\"titulo1\"><span style=\"color: #590b00; font-family: Arial,Helvetica,sans-serif; font-size: x-large;\">\u00bfPropiamente qu\u00e9 son los ministerios, consagraciones, devociones..?<\/span><\/span><\/div>\n<\/td>\n<\/tr>\n<tr>\n<td colspan=\"2\" valign=\"bottom\" bgcolor=\"#ffffcc\"><img loading=\"lazy\" decoding=\"async\" src=\"http:\/\/fraynelson.com\/banco_imagenes\/transparente.gif\" alt=\"\" width=\"8\" height=\"8\" \/><\/td>\n<\/tr>\n<tr>\n<td colspan=\"2\" valign=\"top\" bgcolor=\"#ffffcc\">\n<div align=\"justify\">\n<p><span style=\"color: #000000; font-family: Arial,Helvetica,sans-serif; font-size: small;\"><em>Estimado Fray Nelson: Reciba un cordial saludo con sincera gratitud por su bondad en su ministerio sacerdotal. Ruego su caridad en responder este mensaje para aclarar la siguiente duda: Me pregunto sobre la diferencia entre Laicado y Voluntariado. Entre ministerio, consagraci\u00f3n y devoci\u00f3n. Finalmente, me pregunto si es correcto cuando afirman que la Adoraci\u00f3n Eucar\u00edstica, a Jes\u00fas Sacramentado es una devoci\u00f3n. Dios le pague y le colme con su bendici\u00f3n. &#8212; C.M.Q.B.<\/em><\/span><\/p>\n<p>* * *<\/p>\n<p>&#8220;Laicado&#8221; es la caracter\u00edstica de aquel n\u00famero inmenso de fieles bautizados que son la mayort\u00eda del pueblo cristiano y que, viviendo en medio de las realidades de este mundo, tienen como misi\u00f3n propia conducirlas de acuerdo con el plan de Dios y para el reinado de Cristo. Padres de familia, cient\u00edficos, literatos, artistas, profesores, deportitstas&#8230; son incontables los caminos de los hijos de Dios en esta tierra. A medida que se hacen conscientes del valor de su bautismo y de su uni\u00f3n con Cristo, son instrumentos muy fuertes y necesarios para que la vida nueva propia de nuestra fe impregne todas las \u00e1reas de la vida.<\/p>\n<p>Un &#8220;voluntariado&#8221; en cambio es un grupo de personas que se asocian para hacer algunas obras buenas, usualmente en favor de personas en condici\u00f3n de fragilidad y dependencia, o tambi\u00e9n como respuesta a algunas necesidades de la sociedad. En un voluntariado hay de todo, y no se debe presumir siquiera que tengan una misma fe. Siendo algo provechoso, en muchas ocasiones, tambi\u00e9n puede ser una especied e tranquilizador de la conciencia, como para no pensar en las grandes y nobles exigencias de nuestra fe, a saber, la santidad, la evangelizaci\u00f3n, el reinado de Cristo. Entre estar en un voluntariado y no hacer nada, parece mejor estar en el voluntariado; pero es poca cosa frente a un verdadero compromiso de fe.<\/p>\n<p>La palabra &#8220;ministerio&#8221; significa originalmente un &#8220;servicio.&#8221; Los sacerdotes, por ejemplo, son llamados &#8220;ministros del altar&#8221; pero como cerca del altar se realizan tantos servicios, de una o de otra forma, bien se puede decir que los ac\u00f3litos son tambi\u00e9n &#8220;ministros del altar.&#8221; de hecho, la Iglesia Cat\u00f3lica confiere de modo oficial y solemne el &#8220;ministerio&#8221; del acolitado a quienes se espera que un d\u00eda sean ordenados sacerdotes pero en principio ese ministerio lo podr\u00edan recibir tambi\u00e9n personas que no tienen el sacerdocio en su horizonte de vida pues el acolitado y el lectorado son ministerios propiamente &#8220;laicales.&#8221;<\/p>\n<p>Un poco por influencia protestante, aunque no particularmente da\u00f1ina en esta materia, se habla hoy tambi\u00e9n de otros ministerios, en el sentido de servicios, en algunos lugares. As\u00ed por ejemplo, se habla de un &#8220;ministerio de m\u00fasica&#8221; para referirse al grupo que acompa\u00f1a algunas celebraciones o eventos de evangelizaci\u00f3n. En algunos sitios de Estados Unidos he o\u00eddo la expresi\u00f3n: el &#8220;ministerio&#8221; para referirse a comunidades enteras que desarrollan distintas actividades propias de la evangelizaci\u00f3n.<\/p>\n<p>La &#8220;consagraci\u00f3n&#8221; indica en principio una de dos cosas: (1) Opci\u00f3n de algunas personas que, renunciando a la posibilidad de formar su propia familia, toman como suyos los intereses del Reino de Dios y a ellos se entregan con particular ardor; es el caso de los monjes, las monjas, las v\u00edrgenes consagradas y los miembros de las comunidades religiosas, tanto femeninas como masculinas. Este tipo de consagraci\u00f3n se concreta en los VOTOS: t\u00edpicamente, votos de pobreza, castidad y obediencia. (2) Acci\u00f3n y efecto dle sacramento del orden, en sus diversos grados: di\u00e1cono, sacerdote y obispo.<\/p>\n<p>La misma palabra &#8220;consagraci\u00f3n&#8221; ha adquirido matices m\u00e1s amplios por la obra de predicaci\u00f3n y evangelizaci\u00f3n de santos como Luis Mar\u00eda Grignon de Monfort, que propag\u00f3 ampliamente la &#8220;consagraci\u00f3n&#8221; a la Virgen Mar\u00eda. En este caso, el sentido es que bajo la gu\u00eda y protecci\u00f3n cercana de Maria podemos alcanzar con mayor agilidad y profundidad una genuina vida cristiana. Otras consagraciones semejantes son las que se realizan al \u00e1ngel de la guarda, a San Jos\u00e9, o incluso como expresi\u00f3n de la pertenencia a un movimiento eclesial. No deber\u00eda extenderse y estirarse tanto esta palabra, me atrevo a decir, porque termina perdiendo su aut\u00e9ntico valor.<\/p>\n<p>Una &#8220;devoci\u00f3n&#8221; es una pr\u00e1ctica, que normalmente incluye acciones y palabras, con la que algunos fieles consideran que su vida cristiana se afianza, crece o florece con mayor fuerza. El origen de la palabra &#8220;devoci\u00f3n&#8221; indica algo a lo que uno se &#8220;entrega&#8221; como queda sugerido tambi\u00e9n con las consagraciones. Y sin embargo, el uso real de la palabra indica algo que es en cierto modo opcional, es decir, que no perteece a las obligaciones propias del cristiano por el solo hecho de ser cristiano.<\/p>\n<p>Por supuesto, las devociones son muchas: estamos hablando de peregrinaciones, novenas, reuniones piadosas de distintos tipos.<\/p>\n<p>Surge la pregunta: \u00bfes la adoraci\u00f3n al Sant\u00edsimo una devoci\u00f3n? Claramente cumple con la definici\u00f3n propuesta: incluye acciones espec\u00edficas, tiene un prop\u00f3sito de crecimiento en la fe y la gracia, y de suyo no es obligatorio. Es muy, muy recomendable, pero no es obligatorio al punto de lo que es en cambio, por dar un ejemplo, la participaci\u00f3n en la eucarist\u00eda dominical. Lo que s\u00ed debemos decir es que, entre todas las devociones, nada se le compara, y a todas supera.<\/p>\n<p><span style=\"color: #000000; font-family: Arial,Helvetica,sans-serif; font-size: small;\"><strong>Fr. Nelson M.<br \/>\namigos@fraynelson.com<\/strong><\/span><\/p>\n<\/div>\n<\/td>\n<\/tr>\n<tr bgcolor=\"#ffffcc\">\n<td colspan=\"2\" valign=\"bottom\"><img loading=\"lazy\" decoding=\"async\" src=\"http:\/\/fraynelson.com\/banco_imagenes\/transparente.gif\" alt=\"\" width=\"8\" height=\"8\" \/><a class=\"linksmenu\" href=\"http:\/\/fraynelson.com\/sistema\/boletin\/mactboletin3.php#a\"><span style=\"color: #000066; font-family: Arial,Helvetica,sans-serif; font-size: xx-small;\"><strong>[arriba]<\/strong><\/span><\/a><\/td>\n<\/tr>\n<\/tbody>\n<\/table>\n<table border=\"0\" width=\"100%\" cellspacing=\"0\" cellpadding=\"0\" bgcolor=\"#ffcd88\">\n<tbody>\n<tr>\n<td valign=\"center\" width=\"55%\"><a id=\"2\" name=\"2\"><\/a><\/p>\n<div align=\"left\"><a id=\"2\" name=\"2\"><\/a><img loading=\"lazy\" decoding=\"async\" src=\"http:\/\/fraynelson.com\/banco_imagenes\/arrow.gif\" alt=\"\" width=\"16\" height=\"15\" \/><\/div>\n<\/td>\n<td>\n<div align=\"right\"><span class=\"titulo1\"><span style=\"color: #590b00; font-family: Arial,Helvetica,sans-serif; font-size: medium;\"><strong>La Foto de Hoy<\/strong><\/span><\/span><\/div>\n<\/td>\n<\/tr>\n<tr>\n<td colspan=\"2\" valign=\"bottom\" bgcolor=\"#ffffcc\"><img loading=\"lazy\" decoding=\"async\" src=\"http:\/\/fraynelson.com\/banco_imagenes\/transparente.gif\" alt=\"\" width=\"8\" height=\"8\" \/><\/td>\n<\/tr>\n<tr>\n<td colspan=\"2\" valign=\"top\" bgcolor=\"#ffffcc\">\n<div align=\"center\">\n<p><span style=\"color: #000000; font-family: Arial,Helvetica,sans-serif; font-size: xx-small;\"><a href=\"http:\/\/fraynelson.com\/fotodeldia.php\"><img decoding=\"async\" src=\"http:\/\/fraynelson.com\/banco_imagenes\/diario\/20150903.jpg\" alt=\"\" width=\"320\" border=\"0\" \/><\/a><br \/>\n<em>A veces las fotos no salen como se quisiera je je<\/em><\/span><\/p>\n<\/div>\n<\/td>\n<\/tr>\n<tr bgcolor=\"#ffffcc\">\n<td colspan=\"2\" valign=\"bottom\"><img loading=\"lazy\" decoding=\"async\" src=\"http:\/\/fraynelson.com\/banco_imagenes\/transparente.gif\" alt=\"\" width=\"8\" height=\"8\" \/><a class=\"linksmenu\" href=\"http:\/\/fraynelson.com\/sistema\/boletin\/mactboletin3.php#a\"><span style=\"color: #000066; font-family: Arial,Helvetica,sans-serif; font-size: xx-small;\"><strong>[arriba]<\/strong><\/span><\/a><\/td>\n<\/tr>\n<\/tbody>\n<\/table>\n<table border=\"0\" width=\"100%\" cellspacing=\"0\" cellpadding=\"0\" bgcolor=\"#ffcd88\">\n<tbody>\n<tr>\n<td valign=\"center\" width=\"55%\"><a id=\"3a\" name=\"3a\"><\/a><\/p>\n<div align=\"left\"><a id=\"3a\" name=\"3a\"><\/a><img loading=\"lazy\" decoding=\"async\" src=\"http:\/\/fraynelson.com\/banco_imagenes\/arrow.gif\" alt=\"\" width=\"16\" height=\"15\" \/><\/div>\n<\/td>\n<td>\n<div align=\"right\"><span class=\"titulo1\"><span style=\"color: #590b00; font-family: Arial,Helvetica,sans-serif; font-size: medium;\"><strong>Santo del D\u00eda<\/strong><\/span><\/span><\/div>\n<\/td>\n<\/tr>\n<tr>\n<td colspan=\"2\" valign=\"bottom\" bgcolor=\"#ffffcc\"><img loading=\"lazy\" decoding=\"async\" src=\"http:\/\/fraynelson.com\/banco_imagenes\/transparente.gif\" alt=\"\" width=\"8\" height=\"8\" \/><\/td>\n<\/tr>\n<tr>\n<td colspan=\"2\" valign=\"top\" bgcolor=\"#ffffcc\">\n<div align=\"left\">\n<p><span style=\"color: #000000; font-family: Arial,Helvetica,sans-serif; font-size: small;\"><b>San Gregorio Magno, Papa y Doctor de la Iglesia<\/b>.- <\/span><\/p>\n<p><span style=\"color: #000000; font-family: Arial,Helvetica,sans-serif; font-size: small;\">El Papa Gregorio I, con m\u00e1s justicia llamado &#8220;Magno&#8221;, fue el primer Pont\u00edfice monje. Ascendi\u00f3 a la silla apost\u00f3lica cuando Italia se hallaba en una condici\u00f3n deplorable como consecuencia de las luchas entre los ostrogodos y el emperador Justiniano, que terminaron con la derrota y muerte de Totila en el a\u00f1o 562.<\/span><\/p>\n<p>Aunque San Gregorio cumpl\u00eda fiel y honrosamente sus funciones como prefecto, desde hac\u00eda tiempo se sent\u00eda llamado a una vocaci\u00f3n superior. Por fin resolvi\u00f3 apartarse del mundo y consagrarse al servicio de Dios, siendo ordenado s\u00e9ptimo di\u00e1cono de la Iglesia Romana y enviado como embajador ante la corte bizantina.<\/p>\n<p>A principios del a\u00f1o 586, tras volver a Roma, se convirti\u00f3 en Abad del Monasterio de San Andr\u00e9s. En el a\u00f1o 590, una terrible epidemia arrebat\u00f3 la vida al Papa Pelagio, y el pueblo escogi\u00f3 a Gregorio como nuevo Pont\u00edfice.<\/p>\n<p>Desde el momento que asumi\u00f3 el cargo de Papa, se impuso el doble deber de catequizar y cumplir con la disciplina. Prohibi\u00f3 el cobro injusto de primas por entierros en iglesias, por ordenaciones o por conferir el palio, y no permiti\u00f3 a los di\u00e1conos dirigir la parte cantada de la Misa, a menos que fueran escogidos por sus voces m\u00e1s que por su car\u00e1cter.<\/p>\n<p>Tambi\u00e9n destac\u00f3 como predicador, escogiendo temas del evangelio del d\u00eda y hasta nosotros han llegado algunas de sus homil\u00edas, llenas de elocuencia y sentido com\u00fan, terminadas con una ense\u00f1anza moral que pod\u00eda adaptarse a cada caso.<\/p>\n<p>Fue un excelente administrador de la Sede Pontificia, pues todos los s\u00fabditos estaban contentos con lo que les tocaba en la distribuci\u00f3n de bienes, y a\u00fan entraba dinero a la tesorer\u00eda.<\/p>\n<p>De toda su labor religiosa en occidente, la conversi\u00f3n de Inglaterra y el \u00e9xito que coron\u00f3 sus esfuerzos encaminados hacia esta direcci\u00f3n, fue para \u00e9l el mayor triunfo de su vida.<\/p>\n<p>Se le reconoce a San Gregorio la compilaci\u00f3n del Antiphonario, la revisi\u00f3n y reestructuraci\u00f3n del sistema de m\u00fasica sacra, la fundaci\u00f3n de la famosa Schola Cantorum de Roma y la composici\u00f3n de varios himnos muy conocidos.<\/p>\n<p>Pero su verdadera obra se proyecta en otras direcciones. Se le venera como el cuarto Doctor de la Iglesia Latina, por haber dado una clara expresi\u00f3n a ciertas doctrinas religiosas que a\u00fan no hab\u00edan sido bien definidas. Y quiz\u00e1 su mayor labor, fue el fortalecimiento de la Sede Romana.<\/p>\n<\/div>\n<\/td>\n<\/tr>\n<tr bgcolor=\"#ffffcc\">\n<td colspan=\"2\" valign=\"bottom\"><img loading=\"lazy\" decoding=\"async\" src=\"http:\/\/fraynelson.com\/banco_imagenes\/transparente.gif\" alt=\"\" width=\"8\" height=\"8\" \/><a class=\"linksmenu\" href=\"http:\/\/fraynelson.com\/sistema\/boletin\/mactboletin3.php#a\"><span style=\"color: #000066; font-family: Arial,Helvetica,sans-serif; font-size: xx-small;\"><strong>[arriba]<\/strong><\/span><\/a><\/td>\n<\/tr>\n<\/tbody>\n<\/table>\n<table border=\"0\" width=\"100%\" cellspacing=\"0\" cellpadding=\"0\" bgcolor=\"#ffcd88\">\n<tbody>\n<tr>\n<td valign=\"center\" width=\"55%\"><a id=\"3b\" name=\"3b\"><\/a><\/p>\n<div align=\"left\"><a id=\"3b\" name=\"3b\"><\/a><img loading=\"lazy\" decoding=\"async\" src=\"http:\/\/fraynelson.com\/banco_imagenes\/arrow.gif\" alt=\"\" width=\"16\" height=\"15\" \/><\/div>\n<\/td>\n<td>\n<div align=\"right\"><span class=\"titulo1\"><span style=\"color: #590b00; font-family: Arial,Helvetica,sans-serif; font-size: medium;\"><strong>Cumplea\u00f1os<\/strong><\/span><\/span><\/div>\n<\/td>\n<\/tr>\n<tr>\n<td colspan=\"2\" valign=\"bottom\" bgcolor=\"#ffffcc\"><img loading=\"lazy\" decoding=\"async\" src=\"http:\/\/fraynelson.com\/banco_imagenes\/transparente.gif\" alt=\"\" width=\"8\" height=\"8\" \/><\/td>\n<\/tr>\n<tr>\n<td colspan=\"2\" valign=\"top\" bgcolor=\"#ffffcc\">\n<div align=\"left\">\n<p><span style=\"color: #000000; font-family: Arial,Helvetica,sans-serif; font-size: small;\"><img decoding=\"async\" src=\"http:\/\/fraynelson.com\/banco_imagenes\/cumple.gif\" alt=\"\" border=\"0\" \/> <b>Alberto Su\u00e1rez<\/b>.- Toronto, Canad\u00e1.<\/span><\/p>\n<p><span style=\"color: #000000; font-family: Arial,Helvetica,sans-serif; font-size: small;\"><img decoding=\"async\" src=\"http:\/\/fraynelson.com\/banco_imagenes\/cumple.gif\" alt=\"\" border=\"0\" \/> <b>Fr. Luis Carlos Perea Sastoque, O.P.<\/b>.- Bogot\u00e1, Colombia<\/span><\/p>\n<p><span style=\"color: #000000; font-family: Arial,Helvetica,sans-serif; font-size: small;\"><img decoding=\"async\" src=\"http:\/\/fraynelson.com\/banco_imagenes\/cumple.gif\" alt=\"\" border=\"0\" \/> <b>Fr. Aldemar de Jes\u00fas Garc\u00eda Ceballos, O.P. <\/b>.- Medell\u00edn, Colombia<\/span><\/p>\n<p><span style=\"color: #000000; font-family: Arial,Helvetica,sans-serif; font-size: small;\"><img decoding=\"async\" src=\"http:\/\/fraynelson.com\/banco_imagenes\/cumple.gif\" alt=\"\" border=\"0\" \/> <b>Mar\u00eda del Consuelo Fragoso<\/b>.- M\u00e9xico, M\u00e9xico (1943) &#8211; Una excelente mam\u00e1<\/span><\/p>\n<p><span style=\"color: #000000; font-family: Arial,Helvetica,sans-serif; font-size: small;\">[<a href=\"http:\/\/fraynelson.com\/calendario.php\">A\u00f1ade otro cumplea\u00f1os<\/a>]<\/span><\/p>\n<\/div>\n<\/td>\n<\/tr>\n<tr bgcolor=\"#ffffcc\">\n<td colspan=\"2\" valign=\"bottom\"><img loading=\"lazy\" decoding=\"async\" src=\"http:\/\/fraynelson.com\/banco_imagenes\/transparente.gif\" alt=\"\" width=\"8\" height=\"8\" \/><a class=\"linksmenu\" href=\"http:\/\/fraynelson.com\/sistema\/boletin\/mactboletin3.php#a\"><span style=\"color: #000066; font-family: Arial,Helvetica,sans-serif; font-size: xx-small;\"><strong>[arriba]<\/strong><\/span><\/a><\/td>\n<\/tr>\n<\/tbody>\n<\/table>\n<table border=\"0\" width=\"100%\" cellspacing=\"0\" cellpadding=\"0\" bgcolor=\"#ffcd88\">\n<tbody>\n<tr>\n<td valign=\"center\" width=\"55%\"><a id=\"3c\" name=\"3c\"><\/a><\/p>\n<div align=\"left\"><a id=\"3c\" name=\"3c\"><\/a><img loading=\"lazy\" decoding=\"async\" src=\"http:\/\/fraynelson.com\/banco_imagenes\/arrow.gif\" alt=\"\" width=\"16\" height=\"15\" \/><\/div>\n<\/td>\n<td>\n<div align=\"right\"><span class=\"titulo1\"><span style=\"color: #590b00; font-family: Arial,Helvetica,sans-serif; font-size: medium;\"><strong>Bautismos<\/strong><\/span><\/span><\/div>\n<\/td>\n<\/tr>\n<tr>\n<td colspan=\"2\" valign=\"bottom\" bgcolor=\"#ffffcc\"><img loading=\"lazy\" decoding=\"async\" src=\"http:\/\/fraynelson.com\/banco_imagenes\/transparente.gif\" alt=\"\" width=\"8\" height=\"8\" \/><\/td>\n<\/tr>\n<tr>\n<td colspan=\"2\" valign=\"top\" bgcolor=\"#ffffcc\">\n<div align=\"left\">\n<p><span style=\"color: #000000; font-family: Arial,Helvetica,sans-serif; font-size: small;\">[<a href=\"http:\/\/fraynelson.com\/calendario.php\">A\u00f1ade otro aniversario de bautismo<\/a>]<\/span><\/p>\n<\/div>\n<\/td>\n<\/tr>\n<tr bgcolor=\"#ffffcc\">\n<td colspan=\"2\" valign=\"bottom\"><img loading=\"lazy\" decoding=\"async\" src=\"http:\/\/fraynelson.com\/banco_imagenes\/transparente.gif\" alt=\"\" width=\"8\" height=\"8\" \/><a class=\"linksmenu\" href=\"http:\/\/fraynelson.com\/sistema\/boletin\/mactboletin3.php#a\"><span style=\"color: #000066; font-family: Arial,Helvetica,sans-serif; font-size: xx-small;\"><strong>[arriba]<\/strong><\/span><\/a><\/td>\n<\/tr>\n<\/tbody>\n<\/table>\n<table border=\"0\" width=\"100%\" cellspacing=\"0\" cellpadding=\"0\" bgcolor=\"#ffcd88\">\n<tbody>\n<tr>\n<td valign=\"center\" width=\"55%\"><a id=\"3d\" name=\"3d\"><\/a><\/p>\n<div align=\"left\"><a id=\"3d\" name=\"3d\"><\/a><img loading=\"lazy\" decoding=\"async\" src=\"http:\/\/fraynelson.com\/banco_imagenes\/arrow.gif\" alt=\"\" width=\"16\" height=\"15\" \/><\/div>\n<\/td>\n<td>\n<div align=\"right\"><span class=\"titulo1\"><span style=\"color: #590b00; font-family: Arial,Helvetica,sans-serif; font-size: medium;\"><strong>Aniversario de Ordenaci\u00f3n Sacerdotal<\/strong><\/span><\/span><\/div>\n<\/td>\n<\/tr>\n<tr>\n<td colspan=\"2\" valign=\"bottom\" bgcolor=\"#ffffcc\"><img loading=\"lazy\" decoding=\"async\" src=\"http:\/\/fraynelson.com\/banco_imagenes\/transparente.gif\" alt=\"\" width=\"8\" height=\"8\" \/><\/td>\n<\/tr>\n<tr>\n<td colspan=\"2\" valign=\"top\" bgcolor=\"#ffffcc\">\n<div align=\"left\">\n<p><span style=\"color: #000000; font-family: Arial,Helvetica,sans-serif; font-size: small;\">[<a href=\"http:\/\/fraynelson.com\/calendario.php\">A\u00f1ade otro aniversario de ordenaci\u00f3n<\/a>]<\/span><\/p>\n<\/div>\n<\/td>\n<\/tr>\n<tr bgcolor=\"#ffffcc\">\n<td colspan=\"2\" valign=\"bottom\"><img loading=\"lazy\" decoding=\"async\" src=\"http:\/\/fraynelson.com\/banco_imagenes\/transparente.gif\" alt=\"\" width=\"8\" height=\"8\" \/><a class=\"linksmenu\" href=\"http:\/\/fraynelson.com\/sistema\/boletin\/mactboletin3.php#a\"><span style=\"color: #000066; font-family: Arial,Helvetica,sans-serif; font-size: xx-small;\"><strong>[arriba]<\/strong><\/span><\/a><\/td>\n<\/tr>\n<\/tbody>\n<\/table>\n<table border=\"0\" width=\"100%\" cellspacing=\"0\" cellpadding=\"0\" bgcolor=\"#ffcd88\">\n<tbody>\n<tr>\n<td valign=\"center\" width=\"55%\"><a id=\"3e\" name=\"3e\"><\/a><\/p>\n<div align=\"left\"><a id=\"3e\" name=\"3e\"><\/a><img loading=\"lazy\" decoding=\"async\" src=\"http:\/\/fraynelson.com\/banco_imagenes\/arrow.gif\" alt=\"\" width=\"16\" height=\"15\" \/><\/div>\n<\/td>\n<td>\n<div align=\"right\"><span class=\"titulo1\"><span style=\"color: #590b00; font-family: Arial,Helvetica,sans-serif; font-size: medium;\"><strong>Aniversario de Matrimonio<\/strong><\/span><\/span><\/div>\n<\/td>\n<\/tr>\n<tr>\n<td colspan=\"2\" valign=\"bottom\" bgcolor=\"#ffffcc\"><img loading=\"lazy\" decoding=\"async\" src=\"http:\/\/fraynelson.com\/banco_imagenes\/transparente.gif\" alt=\"\" width=\"8\" height=\"8\" \/><\/td>\n<\/tr>\n<tr>\n<td colspan=\"2\" valign=\"top\" bgcolor=\"#ffffcc\">\n<div align=\"left\">\n<p><span style=\"color: #000000; font-family: Arial,Helvetica,sans-serif; font-size: small;\"><img decoding=\"async\" src=\"http:\/\/fraynelson.com\/banco_imagenes\/matri.gif\" alt=\"\" border=\"0\" \/> <b>Jimena y Markus MangoldBenavides<\/b>.- Lima, Per\u00fa (2005) &#8211; Aqu\u00ed se casaron, regresaron de lejos con la gracia de Dios y labrar\u00e1n un futuro hermoso para sus tres reto\u00f1os. Dios los bendiga!<\/span><\/p>\n<p><span style=\"color: #000000; font-family: Arial,Helvetica,sans-serif; font-size: small;\"><img decoding=\"async\" src=\"http:\/\/fraynelson.com\/banco_imagenes\/matri.gif\" alt=\"\" border=\"0\" \/> <b>Marta Cristina Basualdo y Jos\u00e9 Carlos Cvetic<\/b>.- Comodoro Rivadavia, Argentina (1977) &#8211; Dios conserve nuestro amor.<\/span><\/p>\n<p><span style=\"color: #000000; font-family: Arial,Helvetica,sans-serif; font-size: small;\">[<a href=\"http:\/\/fraynelson.com\/calendario.php\">A\u00f1ade otro aniversario de matrimonio<\/a>]<\/span><\/p>\n<\/div>\n<\/td>\n<\/tr>\n<tr bgcolor=\"#ffffcc\">\n<td colspan=\"2\" valign=\"bottom\"><img loading=\"lazy\" decoding=\"async\" src=\"http:\/\/fraynelson.com\/banco_imagenes\/transparente.gif\" alt=\"\" width=\"8\" height=\"8\" \/><a class=\"linksmenu\" href=\"http:\/\/fraynelson.com\/sistema\/boletin\/mactboletin3.php#a\"><span style=\"color: #000066; font-family: Arial,Helvetica,sans-serif; font-size: xx-small;\"><strong>[arriba]<\/strong><\/span><\/a><\/td>\n<\/tr>\n<\/tbody>\n<\/table>\n<table border=\"0\" width=\"100%\" cellspacing=\"0\" cellpadding=\"0\" bgcolor=\"#ffcd88\">\n<tbody>\n<tr>\n<td valign=\"center\" width=\"55%\"><a id=\"3f\" name=\"3f\"><\/a><\/p>\n<div align=\"left\"><a id=\"3f\" name=\"3f\"><\/a><img loading=\"lazy\" decoding=\"async\" src=\"http:\/\/fraynelson.com\/banco_imagenes\/arrow.gif\" alt=\"\" width=\"16\" height=\"15\" \/><\/div>\n<\/td>\n<td>\n<div align=\"right\"><span class=\"titulo1\"><span style=\"color: #590b00; font-family: Arial,Helvetica,sans-serif; font-size: medium;\"><strong>Grupos, Comunidades, Congregaciones&#8230;<\/strong><\/span><\/span><\/div>\n<\/td>\n<\/tr>\n<tr>\n<td colspan=\"2\" valign=\"bottom\" bgcolor=\"#ffffcc\"><img loading=\"lazy\" decoding=\"async\" src=\"http:\/\/fraynelson.com\/banco_imagenes\/transparente.gif\" alt=\"\" width=\"8\" height=\"8\" \/><\/td>\n<\/tr>\n<tr>\n<td colspan=\"2\" valign=\"top\" bgcolor=\"#ffffcc\">\n<div align=\"left\">\n<p><span style=\"color: #000000; font-family: Arial,Helvetica,sans-serif; font-size: small;\">[<a href=\"http:\/\/fraynelson.com\/calendario.php\">A\u00f1ade otro aniversario de un grupo<\/a>]<\/span><\/p>\n<\/div>\n<\/td>\n<\/tr>\n<tr bgcolor=\"#ffffcc\">\n<td colspan=\"2\" valign=\"bottom\"><img loading=\"lazy\" decoding=\"async\" src=\"http:\/\/fraynelson.com\/banco_imagenes\/transparente.gif\" alt=\"\" width=\"8\" height=\"8\" \/><a class=\"linksmenu\" href=\"http:\/\/fraynelson.com\/sistema\/boletin\/mactboletin3.php#a\"><span style=\"color: #000066; font-family: Arial,Helvetica,sans-serif; font-size: xx-small;\"><strong>[arriba]<\/strong><\/span><\/a><\/td>\n<\/tr>\n<\/tbody>\n<\/table>\n<table border=\"0\" width=\"100%\" cellspacing=\"0\" cellpadding=\"0\" bgcolor=\"#ffcd88\">\n<tbody>\n<tr>\n<td valign=\"center\" width=\"55%\"><a id=\"3g\" name=\"3g\"><\/a><\/p>\n<div align=\"left\"><a id=\"3g\" name=\"3g\"><\/a><img loading=\"lazy\" decoding=\"async\" src=\"http:\/\/fraynelson.com\/banco_imagenes\/arrow.gif\" alt=\"\" width=\"16\" height=\"15\" \/><\/div>\n<\/td>\n<td>\n<div align=\"right\"><span class=\"titulo1\"><span style=\"color: #590b00; font-family: Arial,Helvetica,sans-serif; font-size: medium;\"><strong>Evangelizaci\u00f3n Viva para hoy y los pr\u00f3ximos d\u00edas<\/strong><\/span><\/span><\/div>\n<\/td>\n<\/tr>\n<tr>\n<td colspan=\"2\" valign=\"bottom\" bgcolor=\"#ffffcc\"><img loading=\"lazy\" decoding=\"async\" src=\"http:\/\/fraynelson.com\/banco_imagenes\/transparente.gif\" alt=\"\" width=\"8\" height=\"8\" \/><\/td>\n<\/tr>\n<tr>\n<td colspan=\"2\" valign=\"top\" bgcolor=\"#ffffcc\">\n<div align=\"left\">\n<p><span style=\"color: #000000; font-family: Arial,Helvetica,sans-serif; font-size: small;\">[<a href=\"http:\/\/fraynelson.com\/calendario.php\">A\u00f1ade otro evento de evangelizaci\u00f3n<\/a>: Son bienvenidas fechas futuras, por ejemplo si deseas dar a conocer alg\u00fan congreso, concierto, retiro, o similares]<\/span><\/p>\n<\/div>\n<\/td>\n<\/tr>\n<tr bgcolor=\"#ffffcc\">\n<td colspan=\"2\" valign=\"bottom\"><img loading=\"lazy\" decoding=\"async\" src=\"http:\/\/fraynelson.com\/banco_imagenes\/transparente.gif\" alt=\"\" width=\"8\" height=\"8\" \/><a class=\"linksmenu\" href=\"http:\/\/fraynelson.com\/sistema\/boletin\/mactboletin3.php#a\"><span style=\"color: #000066; font-family: Arial,Helvetica,sans-serif; font-size: xx-small;\"><strong>[arriba]<\/strong><\/span><\/a><\/td>\n<\/tr>\n<\/tbody>\n<\/table>\n<table border=\"0\" width=\"100%\" cellspacing=\"0\" cellpadding=\"0\" bgcolor=\"#ffcd88\">\n<tbody>\n<tr>\n<td valign=\"center\" width=\"55%\"><a id=\"3h\" name=\"3h\"><\/a><\/p>\n<div align=\"left\"><a id=\"3h\" name=\"3h\"><\/a><img loading=\"lazy\" decoding=\"async\" src=\"http:\/\/fraynelson.com\/banco_imagenes\/arrow.gif\" alt=\"\" width=\"16\" height=\"15\" \/><\/div>\n<\/td>\n<td>\n<div align=\"right\"><span class=\"titulo1\"><span style=\"color: #590b00; font-family: Arial,Helvetica,sans-serif; font-size: medium;\"><strong>Otras fechas importantes para ti<\/strong><\/span><\/span><\/div>\n<\/td>\n<\/tr>\n<tr>\n<td colspan=\"2\" valign=\"bottom\" bgcolor=\"#ffffcc\"><img loading=\"lazy\" decoding=\"async\" src=\"http:\/\/fraynelson.com\/banco_imagenes\/transparente.gif\" alt=\"\" width=\"8\" height=\"8\" \/><\/td>\n<\/tr>\n<tr>\n<td colspan=\"2\" valign=\"top\" bgcolor=\"#ffffcc\">\n<div align=\"left\">\n<p><span style=\"color: #000000; font-family: Arial,Helvetica,sans-serif; font-size: small;\"><img decoding=\"async\" src=\"http:\/\/fraynelson.com\/banco_imagenes\/otros_aniversarios.gif\" alt=\"\" border=\"0\" \/> <b>Fundaci\u00f3n de la escuela de l\u00edderes de la central de juventudes de Colombia<\/b>.- La capilla, Cundinamarca (1961) &#8211; Te esperamos en el encuentro del Domingo 4 de septiembre en la capilla cachipay cundinamarca para la celebracion del aniversario de la fundaci\u00f3n y rendir homenaje a pafer su fundador. Padre Juan Guillermo Garc\u00eda<\/span><\/p>\n<p><span style=\"color: #000000; font-family: Arial,Helvetica,sans-serif; font-size: small;\">[<a href=\"http:\/\/fraynelson.com\/calendario.php\">A\u00f1ade otros aniversarios de personas o parejas<\/a>]<\/span><\/p>\n<\/div>\n<\/td>\n<\/tr>\n<tr bgcolor=\"#ffffcc\">\n<td colspan=\"2\" valign=\"bottom\"><img loading=\"lazy\" decoding=\"async\" src=\"http:\/\/fraynelson.com\/banco_imagenes\/transparente.gif\" alt=\"\" width=\"8\" height=\"8\" \/><a class=\"linksmenu\" href=\"http:\/\/fraynelson.com\/sistema\/boletin\/mactboletin3.php#a\"><span style=\"color: #000066; font-family: Arial,Helvetica,sans-serif; font-size: xx-small;\"><strong>[arriba]<\/strong><\/span><\/a><\/td>\n<\/tr>\n<\/tbody>\n<\/table>\n<table border=\"0\" width=\"100%\" cellspacing=\"0\" cellpadding=\"0\" bgcolor=\"#ffcd88\">\n<tbody>\n<tr>\n<td valign=\"center\" width=\"55%\"><a id=\"3i\" name=\"3i\"><\/a><\/p>\n<div align=\"left\"><a id=\"3i\" name=\"3i\"><\/a><img loading=\"lazy\" decoding=\"async\" src=\"http:\/\/fraynelson.com\/banco_imagenes\/arrow.gif\" alt=\"\" width=\"16\" height=\"15\" \/><\/div>\n<\/td>\n<td>\n<div align=\"right\"><span class=\"titulo1\"><span style=\"color: #590b00; font-family: Arial,Helvetica,sans-serif; font-size: medium;\"><strong>Fallecieron en un d\u00eda como hoy&#8230;<\/strong><\/span><\/span><\/div>\n<\/td>\n<\/tr>\n<tr>\n<td colspan=\"2\" valign=\"bottom\" bgcolor=\"#ffffcc\"><img loading=\"lazy\" decoding=\"async\" src=\"http:\/\/fraynelson.com\/banco_imagenes\/transparente.gif\" alt=\"\" width=\"8\" height=\"8\" \/><\/td>\n<\/tr>\n<tr>\n<td colspan=\"2\" valign=\"top\" bgcolor=\"#ffffcc\">\n<div align=\"left\">\n<p><span style=\"color: #000000; font-family: Arial,Helvetica,sans-serif; font-size: small;\">[<a href=\"http:\/\/fraynelson.com\/calendario.php\">A\u00f1ade el nombre de personas fallecidas por las que quieres que oremos<\/a>]<\/span><\/p>\n<\/div>\n<\/td>\n<\/tr>\n<tr bgcolor=\"#ffffcc\">\n<td colspan=\"2\" valign=\"bottom\"><img loading=\"lazy\" decoding=\"async\" src=\"http:\/\/fraynelson.com\/banco_imagenes\/transparente.gif\" alt=\"\" width=\"8\" height=\"8\" \/><a class=\"linksmenu\" href=\"http:\/\/fraynelson.com\/sistema\/boletin\/mactboletin3.php#a\"><span style=\"color: #000066; font-family: Arial,Helvetica,sans-serif; font-size: xx-small;\"><strong>[arriba]<\/strong><\/span><\/a><\/td>\n<\/tr>\n<\/tbody>\n<\/table>\n<table border=\"0\" width=\"100%\" cellspacing=\"0\" cellpadding=\"0\" bgcolor=\"#ffcd88\">\n<tbody>\n<tr>\n<td valign=\"center\" width=\"55%\"><a id=\"4\" name=\"4\"><\/a><\/p>\n<div align=\"left\"><a id=\"4\" name=\"4\"><\/a><img loading=\"lazy\" decoding=\"async\" src=\"http:\/\/fraynelson.com\/banco_imagenes\/arrow.gif\" alt=\"\" width=\"16\" height=\"15\" \/><\/div>\n<\/td>\n<td>\n<div align=\"right\"><span class=\"titulo1\"><span style=\"color: #590b00; font-family: Arial,Helvetica,sans-serif; font-size: medium;\"><strong>Enlace recomendado para este d\u00eda<\/strong><\/span><\/span><\/div>\n<\/td>\n<\/tr>\n<tr>\n<td colspan=\"2\" valign=\"bottom\" bgcolor=\"#ffffcc\"><img loading=\"lazy\" decoding=\"async\" src=\"http:\/\/fraynelson.com\/banco_imagenes\/transparente.gif\" alt=\"\" width=\"8\" height=\"8\" \/><\/td>\n<\/tr>\n<tr>\n<td colspan=\"2\" valign=\"top\" bgcolor=\"#ffffcc\">\n<div align=\"center\">\n<p><span style=\"color: #000000; font-family: Arial,Helvetica,sans-serif; font-size: xx-small;\"><b>Bibliotecas digitales en espa\u00f1ol<\/b><\/span><\/p>\n<p><center><span style=\"color: #000000; font-family: Arial,Helvetica,sans-serif; font-size: xx-small;\"><span style=\"color: #000000; font-family: Arial,Helvetica,sans-serif; font-size: xx-small;\"><a href=\"https:\/\/www.evernote.com\/shard\/s254\/sh\/2d4c02d4-0c9d-42be-88b6-f2013b4b739b\/9c90d5cee730f63d2edd3eba8b753c1d\" target=\"_blank\"><img decoding=\"async\" src=\"http:\/\/fraynelson.com\/banco_imagenes\/recomendados\/20150903.jpg\" alt=\"\" width=\"320\" border=\"0\" \/><\/a><\/span><\/span><\/p>\n<div align=\"left\">\n<p><em>&#8220;Conoce algunas de las bibliotecas digitales de acceso gratuito que cuentan con acervo en espa\u00f1ol, adem\u00e1s de algunos registros interactivos muy interesantes&#8230;&#8221; Haz click <a href=\"https:\/\/www.evernote.com\/shard\/s254\/sh\/2d4c02d4-0c9d-42be-88b6-f2013b4b739b\/9c90d5cee730f63d2edd3eba8b753c1d\" target=\"_blank\">AQU\u00cd<\/a>.<\/em><\/p>\n<\/div>\n<p><\/center><\/div>\n<\/td>\n<\/tr>\n<tr bgcolor=\"#ffffcc\">\n<td colspan=\"2\" valign=\"bottom\"><img loading=\"lazy\" decoding=\"async\" src=\"http:\/\/fraynelson.com\/banco_imagenes\/transparente.gif\" alt=\"\" width=\"8\" height=\"8\" \/><a class=\"linksmenu\" href=\"http:\/\/fraynelson.com\/sistema\/boletin\/mactboletin3.php#a\"><span style=\"color: #000066; font-family: Arial,Helvetica,sans-serif; font-size: xx-small;\"><strong>[arriba]<\/strong><\/span><\/a><\/td>\n<\/tr>\n<\/tbody>\n<\/table>\n<table border=\"0\" width=\"100%\" cellspacing=\"0\" cellpadding=\"0\" bgcolor=\"#ffcd88\">\n<tbody>\n<tr>\n<td valign=\"center\" width=\"55%\"><a id=\"5\" name=\"5\"><\/a><\/p>\n<div align=\"left\"><a id=\"5\" name=\"5\"><\/a><img loading=\"lazy\" decoding=\"async\" src=\"http:\/\/fraynelson.com\/banco_imagenes\/arrow.gif\" alt=\"\" width=\"16\" height=\"15\" \/><\/div>\n<\/td>\n<td>\n<div align=\"right\"><span class=\"titulo1\"><span style=\"color: #590b00; font-family: Arial,Helvetica,sans-serif; font-size: medium;\"><strong>Un poco de <span style=\"color: red;\"><em>Humor&#8230;<\/em><\/span><\/strong><\/span><\/span><\/div>\n<\/td>\n<\/tr>\n<tr>\n<td colspan=\"2\" valign=\"bottom\" bgcolor=\"#ffffcc\"><img loading=\"lazy\" decoding=\"async\" src=\"http:\/\/fraynelson.com\/banco_imagenes\/transparente.gif\" alt=\"\" width=\"8\" height=\"8\" \/><\/td>\n<\/tr>\n<tr>\n<td colspan=\"2\" valign=\"top\" bgcolor=\"#ffffcc\">\n<div align=\"center\">\n<p><span style=\"color: #000000; font-family: Arial,Helvetica,sans-serif; font-size: xx-small;\"><b>Asunto de relevancia<\/b><\/span><\/p>\n<div align=\"left\">\n<p><span style=\"color: #000000; font-family: Arial,Helvetica,sans-serif; font-size: xx-small;\">911, por favor manden una ambulancia, se cay\u00f3 mi abuelo.<br \/>\n&#8211; \u00bfCu\u00e1l es su estado?<br \/>\n&#8211; Viudo, pero eso qu\u00e9 importa, manden una ambulancia.<\/span><\/p>\n<\/div>\n<\/div>\n<\/td>\n<\/tr>\n<tr bgcolor=\"#ffffcc\">\n<td colspan=\"2\" valign=\"bottom\"><img loading=\"lazy\" decoding=\"async\" src=\"http:\/\/fraynelson.com\/banco_imagenes\/transparente.gif\" alt=\"\" width=\"8\" height=\"8\" \/><a class=\"linksmenu\" href=\"http:\/\/fraynelson.com\/sistema\/boletin\/mactboletin3.php#a\"><span style=\"color: #000066; font-family: Arial,Helvetica,sans-serif; font-size: xx-small;\"><strong>[arriba]<\/strong><\/span><\/a><\/td>\n<\/tr>\n<\/tbody>\n<\/table>\n<hr \/>\n<hr \/>\n<p><center><\/p>\n<h2>Palabra de Dios<br \/>\npara alimentar tu d\u00eda<\/h2>\n<p><\/center>Para esta fecha hay <b>2 posibles celebraciones lit\u00fargicas<\/b>,<br \/>\naqu\u00ed numeradas como esquemas.<\/p>\n<hr \/>\n<hr \/>\n<table border=\"0\" width=\"100%\" cellspacing=\"0\" cellpadding=\"0\" bgcolor=\"#ffcd88\">\n<tbody>\n<tr>\n<td colspan=\"2\" valign=\"top\" bgcolor=\"#ffffff\">\n<div align=\"center\">\n<p><span style=\"color: #000000; font-family: Arial,Helvetica,sans-serif; font-size: small;\"><b>Esquema 1:<\/b> Tiempo Ordinario, A\u00f1o Impar,<br \/>\nSemana No. 22, Jueves<\/span><\/p>\n<\/div>\n<\/td>\n<\/tr>\n<\/tbody>\n<\/table>\n<hr \/>\n<table border=\"0\" width=\"100%\" cellspacing=\"0\" cellpadding=\"0\" bgcolor=\"#ffcd88\">\n<tbody>\n<tr>\n<td valign=\"center\" width=\"55%\"><a id=\"6\" name=\"6\"><\/a><\/p>\n<div align=\"left\"><a id=\"6\" name=\"6\"><\/a><img loading=\"lazy\" decoding=\"async\" src=\"http:\/\/fraynelson.com\/banco_imagenes\/arrow.gif\" alt=\"\" width=\"16\" height=\"15\" \/><\/div>\n<\/td>\n<td>\n<div align=\"right\"><span class=\"titulo1\"><span style=\"color: #590b00; font-family: Arial,Helvetica,sans-serif; font-size: medium;\"><strong>Lecturas de la S. Biblia<\/strong><\/span><\/span><\/div>\n<\/td>\n<\/tr>\n<tr>\n<td colspan=\"2\" valign=\"bottom\" bgcolor=\"#ffffcc\"><img loading=\"lazy\" decoding=\"async\" src=\"http:\/\/fraynelson.com\/banco_imagenes\/transparente.gif\" alt=\"\" width=\"8\" height=\"8\" \/><\/td>\n<\/tr>\n<tr>\n<td colspan=\"2\" valign=\"top\" bgcolor=\"#ffffcc\">\n<div align=\"justify\">\n<p><span style=\"color: #000000; font-family: Arial,Helvetica,sans-serif; font-size: small;\"><b>Temas de las lecturas: <\/b>Nos ha sacado del dominio de las tinieblas, y nos ha trasladado al reino de su Hijo querido * El Se\u00f1or da a conocer su victoria. * Dej\u00e1ndolo todo, lo siguieron<\/span><\/p>\n<p><span style=\"color: #000000; font-family: Arial,Helvetica,sans-serif; font-size: small;\"><b>Textos para este d\u00eda: <\/b><\/span><\/p>\n<p><span style=\"color: #000000; font-family: Arial,Helvetica,sans-serif; font-size: small;\"><b>Colosenses 1,9-14<\/b>: <\/span><\/p>\n<p><span style=\"color: #000000; font-family: Arial,Helvetica,sans-serif; font-size: small;\">Hermanos: Desde que nos enteramos de vuestra conducta, no dejamos de rezar a Dios por vosotros y de pedir que consig\u00e1is un conocimiento perfecto de su voluntad, con toda sabidur\u00eda e inteligencia espiritual. De esta manera, vuestra conducta ser\u00e1 digna del Se\u00f1or, agrad\u00e1ndole en todo; fructificar\u00e9is en toda clase de obras buenas y aumentar\u00e1 vuestro conocimiento de Dios. El poder de su gloria os dar\u00e1 fuerza para soportar todo con paciencia y magnanimidad, con alegr\u00eda, dando gracias al Padre, que os ha hecho capaces de compartir la herencia del pueblo santo en la luz. \u00c9l nos ha sacado del dominio de las tinieblas, y nos ha trasladado al reino de su Hijo querido, por cuya sangre hemos recibido la redenci\u00f3n, el perd\u00f3n de los pecados.<\/span><\/p>\n<p><span style=\"color: #000000; font-family: Arial,Helvetica,sans-serif; font-size: small;\"><b>Salmo 97<\/b>: <\/span><\/p>\n<p><span style=\"color: #000000; font-family: Arial,Helvetica,sans-serif; font-size: small;\">El Se\u00f1or da a conocer su victoria, \/ revela a las naciones su justicia: \/ se acord\u00f3 de su misericordia y de su fidelidad \/ en favor de la casa de Israel. R. <\/span><\/p>\n<p><span style=\"color: #000000; font-family: Arial,Helvetica,sans-serif; font-size: small;\">Los confines de la tierra han contemplado \/ la victoria de nuestro Dios. \/ Aclama al Se\u00f1or, tierra entera; \/ gritad, vitoread, tocad. R. <\/span><\/p>\n<p><span style=\"color: #000000; font-family: Arial,Helvetica,sans-serif; font-size: small;\">Tocad la c\u00edtara para el Se\u00f1or, \/ suenen los instrumentos: \/ con clarines y al son de trompetas, \/ aclamad al Rey y Se\u00f1os. R.<\/span><\/p>\n<p><span style=\"color: #000000; font-family: Arial,Helvetica,sans-serif; font-size: small;\"><b>Lucas 5,1-11<\/b>: <\/span><\/p>\n<p><span style=\"color: #000000; font-family: Arial,Helvetica,sans-serif; font-size: small;\">En aquel tiempo, la gente se agolpaba alrededor de Jes\u00fas para o\u00edr la palabra de Dios, estando \u00e9l a orillas del lago de Genesaret. Vio dos barcas que estaban junto a la orilla; los pescadores hab\u00edan desembarcado y estaban lavando las redes. Subi\u00f3 a una de las barcas, la de Sim\u00f3n, y le pidi\u00f3 que la apartara un poco de tierra. Desde la barca, sentado, ense\u00f1aba a la gente. <\/span><\/p>\n<p><span style=\"color: #000000; font-family: Arial,Helvetica,sans-serif; font-size: small;\">Cuando acab\u00f3 de hablar, dijo a Sim\u00f3n: &#8220;Rema mar adentro, y echad las redes para pescar.&#8221; Sim\u00f3n contest\u00f3: &#8220;Maestro, nos hemos pasado la noche bregando y no hemos cogido nada; pero, por tu palabra, echar\u00e9 las redes.&#8221; Y, puestos a la obra, hicieron una redada de peces tan grande que reventaba la red. Hicieron se\u00f1as a los socios de la otra barca, para que vinieran a echarles una mano. Se acercaron ellos y llenaron las dos barcas, que casi se hund\u00edan. Al ver esto, Sim\u00f3n Pedro se arroj\u00f3 a los pies de Jes\u00fas diciendo: &#8220;Ap\u00e1rtate de m\u00ed, Se\u00f1or, que soy un pecador.&#8221; Y es que el asombro se hab\u00eda apoderado de \u00e9l y de los que estaban con \u00e9l, al ver la redada de peces que hab\u00edan cogido; y lo mismo les pasaba a Santiago y Juan, hijos de Zebedeo, que eran compa\u00f1eros de Sim\u00f3n. Jes\u00fas dijo a Sim\u00f3n: &#8220;No temas; desde ahora ser\u00e1s pescador de hombres.&#8221; Ellos sacaron las barcas a tierra y, dej\u00e1ndolo todo, lo siguieron.<\/span><\/p>\n<\/div>\n<\/td>\n<\/tr>\n<tr bgcolor=\"#ffffcc\">\n<td colspan=\"2\" valign=\"bottom\"><img loading=\"lazy\" decoding=\"async\" src=\"http:\/\/fraynelson.com\/banco_imagenes\/transparente.gif\" alt=\"\" width=\"8\" height=\"8\" \/><a class=\"linksmenu\" href=\"http:\/\/fraynelson.com\/sistema\/boletin\/mactboletin3.php#a\"><span style=\"color: #000066; font-family: Arial,Helvetica,sans-serif; font-size: xx-small;\"><strong>[arriba]<\/strong><\/span><\/a><\/td>\n<\/tr>\n<\/tbody>\n<\/table>\n<table border=\"0\" width=\"100%\" cellspacing=\"0\" cellpadding=\"0\" bgcolor=\"#ffcd88\">\n<tbody>\n<tr>\n<td valign=\"center\" width=\"55%\"><a id=\"7\" name=\"7\"><\/a><\/p>\n<div align=\"left\"><a id=\"7\" name=\"7\"><\/a><img loading=\"lazy\" decoding=\"async\" src=\"http:\/\/fraynelson.com\/banco_imagenes\/arrow.gif\" alt=\"\" width=\"16\" height=\"15\" \/><\/div>\n<\/td>\n<td>\n<div align=\"right\"><span class=\"titulo1\"><span style=\"color: #590b00; font-family: Arial,Helvetica,sans-serif; font-size: medium;\"><strong>Homil\u00edas para escuchar<\/strong><\/span><\/span><\/div>\n<\/td>\n<\/tr>\n<tr>\n<td colspan=\"2\" valign=\"bottom\" bgcolor=\"#ffffcc\"><img loading=\"lazy\" decoding=\"async\" src=\"http:\/\/fraynelson.com\/banco_imagenes\/transparente.gif\" alt=\"\" width=\"8\" height=\"8\" \/><\/td>\n<\/tr>\n<tr>\n<td colspan=\"2\" valign=\"top\" bgcolor=\"#ffffcc\">\n<div align=\"center\">\n<table border=\"2\" width=\"80%\" cellspacing=\"2\" cellpadding=\"2\">\n<tbody>\n<tr>\n<th valign=\"center\" bgcolor=\"#ffcc99\">\n<h4>Versi\u00f3n<\/h4>\n<\/th>\n<th valign=\"center\" bgcolor=\"#ffcc99\">\n<h4>Fecha<\/h4>\n<\/th>\n<th valign=\"center\" bgcolor=\"#ffcc99\">\n<h4>Escuchar<\/h4>\n<\/th>\n<th valign=\"center\" bgcolor=\"#ffcc99\">\n<h4>M\u00e1s&#8230;<\/h4>\n<\/th>\n<\/tr>\n<tr>\n<td bgcolor=\"#FFFFBD\">\n<p align=\"center\">1<\/p>\n<\/td>\n<td bgcolor=\"#FFFFBD\">2003\/09\/04<\/td>\n<td bgcolor=\"#FFFFBD\"><a href=\"http:\/\/fraynelson.com\/homilias.php?year=2015&amp;mon=09&amp;mday=03#1i224001amp3\"><img decoding=\"async\" title=\"Haz click para escuchar o grabar una versi\u00f3n en MP3\" src=\"http:\/\/fraynelson.com\/banco_imagenes\/mp3_icon.gif\" alt=\"Haz click para escuchar o grabar una versi\u00f3n en MP3\" border=\"0\" \/><\/a><br \/>\n<span style=\"color: brown;\"><i>\u00bfQu\u00e9 es el poder de la gloria de Dios?<\/i><\/span><br \/>\n<b><\/b><\/td>\n<td bgcolor=\"#FFFFBD\">\n<p align=\"center\"><a href=\"http:\/\/fraynelson.com\/wiki\/index.php?title=i224001a\"><img decoding=\"async\" title=\"Click normal para ir a la transcripci\u00f3n\" src=\"http:\/\/fraynelson.com\/banco_imagenes\/text_icon.gif\" alt=\"Click normal para ir a la transcripci\u00f3n\" border=\"0\" \/><\/a><\/p>\n<\/td>\n<\/tr>\n<tr>\n<td bgcolor=\"#FFFFBD\">\n<p align=\"center\">2<\/p>\n<\/td>\n<td bgcolor=\"#FFFFBD\">2009\/09\/03<\/td>\n<td bgcolor=\"#FFFFBD\"><a href=\"http:\/\/fraynelson.com\/homilias.php?year=2015&amp;mon=09&amp;mday=03#2i224002amp3\"><img decoding=\"async\" title=\"Haz click para escuchar o grabar una versi\u00f3n en MP3\" src=\"http:\/\/fraynelson.com\/banco_imagenes\/mp3_icon.gif\" alt=\"Haz click para escuchar o grabar una versi\u00f3n en MP3\" border=\"0\" \/><\/a><br \/>\n<i><\/i><br \/>\n<b><\/b><\/td>\n<td bgcolor=\"#FFFFBD\">\n<p align=\"center\"><a href=\"http:\/\/fraynelson.com\/wiki\/index.php?title=i224002a\"><img decoding=\"async\" title=\"Click normal para ir a la transcripci\u00f3n\" src=\"http:\/\/fraynelson.com\/banco_imagenes\/text_icon.gif\" alt=\"Click normal para ir a la transcripci\u00f3n\" border=\"0\" \/><\/a><\/p>\n<\/td>\n<\/tr>\n<tr>\n<td bgcolor=\"#FFFFBD\">\n<p align=\"center\">3<\/p>\n<\/td>\n<td bgcolor=\"#FFFFBD\">2011\/09\/01<\/td>\n<td bgcolor=\"#FFFFBD\"><a href=\"http:\/\/fraynelson.com\/homilias.php?year=2015&amp;mon=09&amp;mday=03#3i224003amp3\"><img decoding=\"async\" title=\"Haz click para escuchar o grabar una versi\u00f3n en MP3\" src=\"http:\/\/fraynelson.com\/banco_imagenes\/mp3_icon.gif\" alt=\"Haz click para escuchar o grabar una versi\u00f3n en MP3\" border=\"0\" \/><\/a><br \/>\n<span style=\"color: brown;\"><i>Cuando Cristo nos env\u00eda &#8220;mar adentro&#8221; sabemos que dependemos, no de nuestra experiencia o nuestras t\u00e9cnicas, sino \u00fanicamente de su divina palabra, que no falla.<\/i><\/span><br \/>\n<b><\/b><\/td>\n<td bgcolor=\"#FFFFBD\">\n<p align=\"center\"><a href=\"http:\/\/fraynelson.com\/wiki\/index.php?title=i224003a\"><img decoding=\"async\" title=\"Click normal para ir a la transcripci\u00f3n\" src=\"http:\/\/fraynelson.com\/banco_imagenes\/text_icon.gif\" alt=\"Click normal para ir a la transcripci\u00f3n\" border=\"0\" \/><\/a><\/p>\n<\/td>\n<\/tr>\n<tr>\n<td bgcolor=\"#FFFFBD\">\n<p align=\"center\">4<\/p>\n<\/td>\n<td bgcolor=\"#FFFFBD\">2013\/09\/05<\/td>\n<td bgcolor=\"#FFFFBD\"><a href=\"http:\/\/fraynelson.com\/homilias.php?year=2015&amp;mon=09&amp;mday=03#4i224004amp3\"><img decoding=\"async\" title=\"Haz click para escuchar o grabar una versi\u00f3n en MP3\" src=\"http:\/\/fraynelson.com\/banco_imagenes\/mp3_icon.gif\" alt=\"Haz click para escuchar o grabar una versi\u00f3n en MP3\" border=\"0\" \/><\/a><br \/>\n<span style=\"color: brown;\"><i>Cristo no viene como parche de la vida sino como Se\u00f1or de la existencia.<\/i><\/span><br \/>\n<b><\/b><\/td>\n<td bgcolor=\"#FFFFBD\">\n<p align=\"center\"><a href=\"http:\/\/fraynelson.com\/wiki\/index.php?title=i224004a\"><img decoding=\"async\" title=\"Click normal para ir a la transcripci\u00f3n\" src=\"http:\/\/fraynelson.com\/banco_imagenes\/text_icon.gif\" alt=\"Click normal para ir a la transcripci\u00f3n\" border=\"0\" \/><\/a><\/p>\n<\/td>\n<\/tr>\n<tr>\n<td bgcolor=\"#FFFFBD\">\n<p align=\"center\">5<\/p>\n<\/td>\n<td bgcolor=\"#FFFFBD\">2015\/09\/03<\/td>\n<td bgcolor=\"#FFFFBD\"><a href=\"http:\/\/fraynelson.com\/homilias.php?year=2015&amp;mon=09&amp;mday=03#5i224005amp3\"><img decoding=\"async\" title=\"Haz click para escuchar o grabar una versi\u00f3n en MP3\" src=\"http:\/\/fraynelson.com\/banco_imagenes\/mp3_icon.gif\" alt=\"Haz click para escuchar o grabar una versi\u00f3n en MP3\" border=\"0\" \/><\/a><br \/>\n<span style=\"color: brown;\"><i>Jes\u00fas est\u00e1 vivo dentro de ti, te ama, te gu\u00eda y te hace l\u00edder; para que conduzcas y lleves plenitud de vida tambi\u00e9n a tus hermanos.<\/i><\/span><br \/>\n<b><\/b><\/td>\n<td bgcolor=\"#FFFFBD\">\n<p align=\"center\"><a href=\"http:\/\/fraynelson.com\/wiki\/index.php?title=i224005a\"><img decoding=\"async\" title=\"Click normal para ir a la transcripci\u00f3n\" src=\"http:\/\/fraynelson.com\/banco_imagenes\/text_icon.gif\" alt=\"Click normal para ir a la transcripci\u00f3n\" border=\"0\" \/><\/a><\/p>\n<\/td>\n<\/tr>\n<\/tbody>\n<\/table>\n<\/div>\n<\/td>\n<\/tr>\n<tr bgcolor=\"#fffff0\">\n<td colspan=\"2\">\n<p align=\"center\"><span style=\"color: #000000; font-family: Arial,Helvetica,sans-serif; font-size: small;\">M\u00e1s informaci\u00f3n sobre este d\u00eda <a href=\"http:\/\/fraynelson.com\/homilias.php?year=2015&amp;mon=09&amp;mday=03\">aqu\u00ed<\/a><\/span><\/p>\n<\/td>\n<\/tr>\n<tr bgcolor=\"#ffffcc\">\n<td colspan=\"2\" valign=\"bottom\"><img loading=\"lazy\" decoding=\"async\" src=\"http:\/\/fraynelson.com\/banco_imagenes\/transparente.gif\" alt=\"\" width=\"8\" height=\"8\" \/><a class=\"linksmenu\" href=\"http:\/\/fraynelson.com\/sistema\/boletin\/mactboletin3.php#a\"><span style=\"color: #000066; font-family: Arial,Helvetica,sans-serif; font-size: xx-small;\"><strong>[arriba]<\/strong><\/span><\/a><\/td>\n<\/tr>\n<\/tbody>\n<\/table>\n<table border=\"0\" width=\"100%\" cellspacing=\"0\" cellpadding=\"0\" bgcolor=\"#ffcd88\">\n<tbody>\n<tr>\n<td valign=\"center\" width=\"55%\">\n<div align=\"left\"><img loading=\"lazy\" decoding=\"async\" src=\"http:\/\/fraynelson.com\/banco_imagenes\/arrow.gif\" alt=\"\" width=\"16\" height=\"15\" \/><\/div>\n<\/td>\n<td>\n<div align=\"right\"><span class=\"titulo1\"><span style=\"color: #590b00; font-family: Arial,Helvetica,sans-serif; font-size: medium;\"><strong>Homil\u00eda para leer<\/strong><\/span><\/span><\/div>\n<\/td>\n<\/tr>\n<tr>\n<td colspan=\"2\" valign=\"bottom\" bgcolor=\"#ffffcc\"><img loading=\"lazy\" decoding=\"async\" src=\"http:\/\/fraynelson.com\/banco_imagenes\/transparente.gif\" alt=\"\" width=\"8\" height=\"8\" \/><\/td>\n<\/tr>\n<tr>\n<td colspan=\"2\" valign=\"top\" bgcolor=\"#ffffcc\">\n<div align=\"justify\">\n<p><span style=\"color: #000000; font-family: Arial,Helvetica,sans-serif; font-size: small;\"><b>Temas de las lecturas: <\/b>Nos ha sacado del dominio de las tinieblas, y nos ha trasladado al reino de su Hijo querido * El Se\u00f1or da a conocer su victoria. * Dej\u00e1ndolo todo, lo siguieron<\/span><\/p>\n<h4><span style=\"color: #000000; font-family: Arial,Helvetica,sans-serif; font-size: small;\">1. Hacia la plenitud<\/span><\/h4>\n<p>1.1 Uno de los aspectos m\u00e1s interesantes de la primera lectura del d\u00eda de hoy es el llamado hacia la plenitud. Creer es un ejercicio, un dinamismo. La vida cristiana no puede resumirse en &#8220;tener&#8221; fe, como quien posee algo que ha quedado bajo su poder. M\u00e1s bien, ser cristiano, en la \u00f3ptica de Pablo es quedar bajo el poder de la fe, es decir, entrar en un proceso que ha tenido su comienzo maravilloso cuando nos abrimos a la propuesta del amor divino pero que debe perfeccionar ese comienzo hasta &#8220;llegar a conocer con plenitud su voluntad&#8221;, como hemos escuchado hoy.<\/p>\n<p>1.2 El tema de la &#8220;sabidur\u00eda espiritual&#8221; lo hab\u00eda tocado antes el ap\u00f3stol, en el contexto pol\u00e9mico de las Cartas a los Corintios, especialmente la primera de ellas, en el cap\u00edtulo segundo. Es f\u00e1cil, en efecto, caer en el error de convertir el cristianismo en un sistema de ideas, una especie de filosof\u00eda, y por ello Pablo entiende que no podemos agarrar la esencia, la nuez del cristianismo, si no es por gracia. Ser cristiano no es, o por lo menos no se limita a ser, un coleccionista de ideas que encajan bien unas en otras. Pablo ora por los colosenses, y por nosotros, porque sabe que s\u00f3lo en la gracia y por la gracia podemos llegar a descubrir la verdadera sabidur\u00eda, esa que nos MUEVE a agradar al mismo Dios de quien la recibimos.<\/p>\n<h4>2. Encuentro de dos poderes<\/h4>\n<p>2.1 Es importante descubrir este aspecto din\u00e1mico de la fe y del conocimiento espiritual entre otras cosas porque vivir en clave cristiana conlleva presenciar el crudo enfrentamiento de dos poderes. As\u00ed lo podemos entender de la misma primera lectura del d\u00eda de hoy.<\/p>\n<p>2.2 Pablo nos habla del &#8220;dominio&#8221; de las tinieblas, ciertamente vencido por el &#8220;Reino&#8221; del Hijo querido. Es preciso que comprendamos que el mal tiene poder, aunque siempre es m\u00e1s importante que afirmemos que ese poder es menor y est\u00e1 finalmente subordinado al poder y la sabidur\u00eda del Dios Alt\u00edsimo.<\/p>\n<p>2.3 Entender que el mal tiene poder nos lleva a obrar con seriedad en relaci\u00f3n con nosotros mismos y con nuestras propias tentaciones. Adem\u00e1s, nos hace comprensivos y compasivos con respecto a nuestros hermanos, pues no es por capricho que una persona se da\u00f1a a s\u00ed misma a trav\u00e9s de sus pecados. O dicho de otro modo: la primera v\u00edctima del mal es el malvado mismo. Teniendo esto presente seremos m\u00e1s sabios y ponderados al abordar los problemas y deficiencias de los dem\u00e1s y de nosotros mismos.<\/p>\n<h4>3. Vencido en su terreno<\/h4>\n<p>3.1 Amo particularmente el texto del evangelio de hoy. Porque es un texto de llamado, desde luego, pero m\u00e1s a\u00fan por el modo como Cristo completa el llamado que ya hab\u00eda hecho a sus primeros disc\u00edpulos.<\/p>\n<p>3.2 Cristo ya era conocido por Pedro. Para Pedro, Cristo era tal vez un profeta, tal vez el mejor y m\u00e1s grande maestro y predicador que \u00e9l hubiera conocido, pero&#8230; hasta ah\u00ed. Es decir: Pedro ten\u00eda su terreno, el de la pesca, y Cristo ten\u00eda el suyo, el de la predicaci\u00f3n y los milagros. Eran dos terrenos diferentes y Pedro quiz\u00e1 se sent\u00eda c\u00f3modo con esa frontera que estaba t\u00e1cita pero muy clara. En el evangelio de hoy, por el contrario, vemos a Cristo pasar la frontera. Para atraer a Pedro hacia su terreno, Cristo &#8220;invade&#8221; el terreno de Pedro. Hoy vemos a Cristo pescando peces para que ma\u00f1ana Pedro pueda pescar hombres.<\/p>\n<p>3.3 Y ciertamente Cristo no lo hizo mal como pescador de peces en el lago de Genesaret. \u00a1Las redes casi se romp\u00edan, las barcas casi se hund\u00edan bajo el peso de la pesca m\u00e1s grande que se hubiera visto en aquel lugar! Semejante abundancia mostr\u00f3 varias cosas a Pedro y a nosotros. Primera, dejemos la idea de los terrenos separados. Eso de que &#8220;esta parte la hago yo y la otra parte la hace Dios&#8221; no vale para el verdadero disc\u00edpulo. La comuni\u00f3n con el Se\u00f1or implica que estamos todos en la siembra y en la siega, en la echada de la red y en su recogida. Segunda ense\u00f1anza: el Se\u00f1or multiplica nuestros esfuerzos y confirma con su bendici\u00f3n nuestro trabajo. Y tercera: \u00e9l, cuando nos llama, no anula lo que hemos sido, sino que lo plenifica, lo eleva. Como dec\u00edan los antiguos escol\u00e1sticos, &#8220;la gracia no destruye sino que perfecciona la naturaleza&#8221;.<\/p>\n<\/div>\n<\/td>\n<\/tr>\n<tr bgcolor=\"#ffffcc\">\n<td colspan=\"2\" valign=\"bottom\"><img loading=\"lazy\" decoding=\"async\" src=\"http:\/\/fraynelson.com\/banco_imagenes\/transparente.gif\" alt=\"\" width=\"8\" height=\"8\" \/><a class=\"linksmenu\" href=\"http:\/\/fraynelson.com\/sistema\/boletin\/mactboletin3.php#a\"><span style=\"color: #000066; font-family: Arial,Helvetica,sans-serif; font-size: xx-small;\"><strong>[arriba]<\/strong><\/span><\/a><\/td>\n<\/tr>\n<\/tbody>\n<\/table>\n<hr \/>\n<table border=\"0\" width=\"100%\" cellspacing=\"0\" cellpadding=\"0\" bgcolor=\"#ffcd88\">\n<tbody>\n<tr>\n<td colspan=\"2\" valign=\"top\" bgcolor=\"#ffffff\">\n<div align=\"center\">\n<p><span style=\"color: #000000; font-family: Arial,Helvetica,sans-serif; font-size: small;\"><b>Esquema 2:<\/b> Septiembre 3<br \/>\nMemoria de San Gregorio Magno, Papa <\/span><\/p>\n<\/div>\n<\/td>\n<\/tr>\n<\/tbody>\n<\/table>\n<hr \/>\n<table border=\"0\" width=\"100%\" cellspacing=\"0\" cellpadding=\"0\" bgcolor=\"#ffcd88\">\n<tbody>\n<tr>\n<td valign=\"center\" width=\"55%\"><a id=\"6\" name=\"6\"><\/a><\/p>\n<div align=\"left\"><a id=\"6\" name=\"6\"><\/a><img loading=\"lazy\" decoding=\"async\" src=\"http:\/\/fraynelson.com\/banco_imagenes\/arrow.gif\" alt=\"\" width=\"16\" height=\"15\" \/><\/div>\n<\/td>\n<td>\n<div align=\"right\"><span class=\"titulo1\"><span style=\"color: #590b00; font-family: Arial,Helvetica,sans-serif; font-size: medium;\"><strong>Lecturas de la S. Biblia<\/strong><\/span><\/span><\/div>\n<\/td>\n<\/tr>\n<tr>\n<td colspan=\"2\" valign=\"bottom\" bgcolor=\"#ffffcc\"><img loading=\"lazy\" decoding=\"async\" src=\"http:\/\/fraynelson.com\/banco_imagenes\/transparente.gif\" alt=\"\" width=\"8\" height=\"8\" \/><\/td>\n<\/tr>\n<tr>\n<td colspan=\"2\" valign=\"top\" bgcolor=\"#ffffcc\">\n<div align=\"justify\">\n<p><span style=\"color: #000000; font-family: Arial,Helvetica,sans-serif; font-size: small;\"><b>Temas de las lecturas: <\/b>Predicamos que Cristo es Se\u00f1or, y nosotros siervos de ustedes por Jes\u00fas * Reyes de la tierra, cantad a Dios. * Yo les transmito el Reino, como me lo transmiti\u00f3 mi Padre a m\u00ed<\/span><\/p>\n<p><span style=\"color: #000000; font-family: Arial,Helvetica,sans-serif; font-size: small;\"><b>Textos para este d\u00eda: <\/b><\/span><\/p>\n<p><span style=\"color: #000000; font-family: Arial,Helvetica,sans-serif; font-size: small;\"><b>Corintios 4, 1-2. 5-7<\/b>: <\/span><\/p>\n<p><span style=\"color: #000000; font-family: Arial,Helvetica,sans-serif; font-size: small;\">Hermanos: Encargados de este servicio, por la misericordia de Dios, no nos acobardamos; al contrario, hemos renunciado a la clandestinidad y vergonzante, dej\u00e1ndonos de intrigas y no adulterando la palabra de Dios; en vez de eso, mostrando nuestra sinceridad, nos recomendamos delante de Dios a la conciencia de todo hombre. Porque no nos predicamos a nosotros, predicamos que Cristo es Se\u00f1or, y nosotros, siervos de ustedes por Jes\u00fas. <\/span><\/p>\n<p><span style=\"color: #000000; font-family: Arial,Helvetica,sans-serif; font-size: small;\">El Dios que dijo: <\/span><\/p>\n<p><span style=\"color: #000000; font-family: Arial,Helvetica,sans-serif; font-size: small;\">\u00abBrille la luz del seno de la tiniebla\u00bb, ha brillado en nuestros corazones, para que nosotros iluminemos, dando a conocer la gloria de Dios, reflejada en Cristo. Este tesoro lo llevamos en vasijas de barro, para que se vea que una fuerza tan extraordinaria es de Dios y no proviene de nosotros.<\/span><\/p>\n<p><span style=\"color: #000000; font-family: Arial,Helvetica,sans-serif; font-size: small;\"><b>Salmo 67<\/b>: <\/span><\/p>\n<p><span style=\"color: #000000; font-family: Arial,Helvetica,sans-serif; font-size: small;\">Derramaste en tu heredad, oh Dios, una lluvia copiosa, \/ aliviaste la tierra extenuada; \/ y tu reba\u00f1o habit\u00f3 en la tierra \/ que tu bondad, oh Dios, prepar\u00f3 para los pobres. R. <\/span><\/p>\n<p><span style=\"color: #000000; font-family: Arial,Helvetica,sans-serif; font-size: small;\">Bendito el Se\u00f1or cada d\u00eda, \/ Dios lleva nuestras cargas, es nuestra salvaci\u00f3n. \/ Nuestro Dios es un Dios que salva, \/ el Se\u00f1or Dios nos hace escapar de la muerte. R.<\/span><\/p>\n<p><span style=\"color: #000000; font-family: Arial,Helvetica,sans-serif; font-size: small;\"><b>Lucas 22, 24-30<\/b>: <\/span><\/p>\n<p><span style=\"color: #000000; font-family: Arial,Helvetica,sans-serif; font-size: small;\">En aquel tiempo, los disc\u00edpulos se pusieron a disputar sobre qui\u00e9n de ellos deb\u00eda ser tenido como el primero. Jes\u00fas les dijo: <\/span><\/p>\n<p><span style=\"color: #000000; font-family: Arial,Helvetica,sans-serif; font-size: small;\">\u00abLos reyes de los gentiles los dominan y los que ejercen la autoridad se hacen llamar bienhechores. Ustedes no hagan as\u00ed, sino que el primero entre ustedes p\u00f3rtese como el menor, y el que gobierne, como el que sirve. Porque \u00bfqui\u00e9n es m\u00e1s, el que est\u00e1 en la mesa o el que sirve? \u00bfVerdad que el que est\u00e1 en la mesa? Pues yo estoy en medio de ustedes como el que sirve. <\/span><\/p>\n<p><span style=\"color: #000000; font-family: Arial,Helvetica,sans-serif; font-size: small;\">Ustedes son los que han perseverado conmigo en mis pruebas, y yo les transmito el Reino, como me lo transmiti\u00f3 mi Padre a m\u00ed: comer\u00e1n y beber\u00e1n a mi mesa en mi Reino, y se sentar\u00e1n en tronos para regir a las doce tribus de Israel\u00bb.<\/span><\/p>\n<\/div>\n<\/td>\n<\/tr>\n<tr bgcolor=\"#ffffcc\">\n<td colspan=\"2\" valign=\"bottom\"><img loading=\"lazy\" decoding=\"async\" src=\"http:\/\/fraynelson.com\/banco_imagenes\/transparente.gif\" alt=\"\" width=\"8\" height=\"8\" \/><a class=\"linksmenu\" href=\"http:\/\/fraynelson.com\/sistema\/boletin\/mactboletin3.php#a\"><span style=\"color: #000066; font-family: Arial,Helvetica,sans-serif; font-size: xx-small;\"><strong>[arriba]<\/strong><\/span><\/a><\/td>\n<\/tr>\n<\/tbody>\n<\/table>\n<table border=\"0\" width=\"100%\" cellspacing=\"0\" cellpadding=\"0\" bgcolor=\"#ffcd88\">\n<tbody>\n<tr>\n<td valign=\"center\" width=\"55%\"><a id=\"7\" name=\"7\"><\/a><\/p>\n<div align=\"left\"><a id=\"7\" name=\"7\"><\/a><img loading=\"lazy\" decoding=\"async\" src=\"http:\/\/fraynelson.com\/banco_imagenes\/arrow.gif\" alt=\"\" width=\"16\" height=\"15\" \/><\/div>\n<\/td>\n<td>\n<div align=\"right\"><span class=\"titulo1\"><span style=\"color: #590b00; font-family: Arial,Helvetica,sans-serif; font-size: medium;\"><strong>Homil\u00edas para escuchar<\/strong><\/span><\/span><\/div>\n<\/td>\n<\/tr>\n<tr>\n<td colspan=\"2\" valign=\"bottom\" bgcolor=\"#ffffcc\"><img loading=\"lazy\" decoding=\"async\" src=\"http:\/\/fraynelson.com\/banco_imagenes\/transparente.gif\" alt=\"\" width=\"8\" height=\"8\" \/><\/td>\n<\/tr>\n<tr>\n<td colspan=\"2\" valign=\"top\" bgcolor=\"#ffffcc\">\n<div align=\"center\">\n<table border=\"2\" width=\"80%\" cellspacing=\"2\" cellpadding=\"2\">\n<tbody>\n<tr>\n<th valign=\"center\" bgcolor=\"#ffcc99\">\n<h4>Versi\u00f3n<\/h4>\n<\/th>\n<th valign=\"center\" bgcolor=\"#ffcc99\">\n<h4>Fecha<\/h4>\n<\/th>\n<th valign=\"center\" bgcolor=\"#ffcc99\">\n<h4>Escuchar<\/h4>\n<\/th>\n<th valign=\"center\" bgcolor=\"#ffcc99\">\n<h4>M\u00e1s&#8230;<\/h4>\n<\/th>\n<\/tr>\n<tr>\n<td bgcolor=\"#FFFFBD\">\n<p align=\"center\">1<\/p>\n<\/td>\n<td bgcolor=\"#FFFFBD\">2001\/09\/03<\/td>\n<td bgcolor=\"#FFFFBD\"><a href=\"http:\/\/fraynelson.com\/homilias.php?year=2015&amp;mon=09&amp;mday=03#1sgrm001amp3\"><img decoding=\"async\" title=\"Haz click para escuchar o grabar una versi\u00f3n en MP3\" src=\"http:\/\/fraynelson.com\/banco_imagenes\/mp3_icon.gif\" alt=\"Haz click para escuchar o grabar una versi\u00f3n en MP3\" border=\"0\" \/><\/a><br \/>\n<span style=\"color: brown;\"><i>En medio de la violencia y de la barbarie Dios cultiva la santidad.<\/i><\/span><br \/>\n<b><\/b><\/td>\n<td bgcolor=\"#FFFFBD\">\n<p align=\"center\"><a href=\"http:\/\/fraynelson.com\/wiki\/index.php?title=sgrm001a\"><img decoding=\"async\" title=\"Click normal para ir a la transcripci\u00f3n\" src=\"http:\/\/fraynelson.com\/banco_imagenes\/text_icon.gif\" alt=\"Click normal para ir a la transcripci\u00f3n\" border=\"0\" \/><\/a><\/p>\n<\/td>\n<\/tr>\n<tr>\n<td bgcolor=\"#FFFFBD\">\n<p align=\"center\">2<\/p>\n<\/td>\n<td bgcolor=\"#FFFFBD\">2013\/09\/03<\/td>\n<td bgcolor=\"#FFFFBD\"><a href=\"http:\/\/fraynelson.com\/homilias.php?year=2015&amp;mon=09&amp;mday=03#2sgrm002amp3\"><img decoding=\"async\" title=\"Haz click para escuchar o grabar una versi\u00f3n en MP3\" src=\"http:\/\/fraynelson.com\/banco_imagenes\/mp3_icon.gif\" alt=\"Haz click para escuchar o grabar una versi\u00f3n en MP3\" border=\"0\" \/><\/a><br \/>\n<span style=\"color: brown;\"><i>Una comparaci\u00f3n entre su etapa de servicio civil y su posterior llamado al servicio pastoral.<\/i><\/span><br \/>\n<b><\/b><\/td>\n<td bgcolor=\"#FFFFBD\">\n<p align=\"center\"><a href=\"http:\/\/fraynelson.com\/wiki\/index.php?title=sgrm002a\"><img decoding=\"async\" title=\"Click normal para ir a la transcripci\u00f3n\" src=\"http:\/\/fraynelson.com\/banco_imagenes\/text_icon.gif\" alt=\"Click normal para ir a la transcripci\u00f3n\" border=\"0\" \/><\/a><\/p>\n<\/td>\n<\/tr>\n<\/tbody>\n<\/table>\n<\/div>\n<\/td>\n<\/tr>\n<tr bgcolor=\"#fffff0\">\n<td colspan=\"2\">\n<p align=\"center\"><span style=\"color: #000000; font-family: Arial,Helvetica,sans-serif; font-size: small;\">M\u00e1s informaci\u00f3n sobre este d\u00eda <a href=\"http:\/\/fraynelson.com\/homilias.php?year=2015&amp;mon=09&amp;mday=03\">aqu\u00ed<\/a><\/span><\/p>\n<\/td>\n<\/tr>\n<tr bgcolor=\"#ffffcc\">\n<td colspan=\"2\" valign=\"bottom\"><img loading=\"lazy\" decoding=\"async\" src=\"http:\/\/fraynelson.com\/banco_imagenes\/transparente.gif\" alt=\"\" width=\"8\" height=\"8\" \/><a class=\"linksmenu\" href=\"http:\/\/fraynelson.com\/sistema\/boletin\/mactboletin3.php#a\"><span style=\"color: #000066; font-family: Arial,Helvetica,sans-serif; font-size: xx-small;\"><strong>[arriba]<\/strong><\/span><\/a><\/td>\n<\/tr>\n<\/tbody>\n<\/table>\n<table border=\"0\" width=\"100%\" cellspacing=\"0\" cellpadding=\"0\" bgcolor=\"#ffcd88\">\n<tbody>\n<tr>\n<td valign=\"center\" width=\"55%\">\n<div align=\"left\"><img loading=\"lazy\" decoding=\"async\" src=\"http:\/\/fraynelson.com\/banco_imagenes\/arrow.gif\" alt=\"\" width=\"16\" height=\"15\" \/><\/div>\n<\/td>\n<td>\n<div align=\"right\"><span class=\"titulo1\"><span style=\"color: #590b00; font-family: Arial,Helvetica,sans-serif; font-size: medium;\"><strong>Homil\u00eda para leer<\/strong><\/span><\/span><\/div>\n<\/td>\n<\/tr>\n<tr>\n<td colspan=\"2\" valign=\"bottom\" bgcolor=\"#ffffcc\"><img loading=\"lazy\" decoding=\"async\" src=\"http:\/\/fraynelson.com\/banco_imagenes\/transparente.gif\" alt=\"\" width=\"8\" height=\"8\" \/><\/td>\n<\/tr>\n<tr>\n<td colspan=\"2\" valign=\"top\" bgcolor=\"#ffffcc\">\n<div align=\"justify\">\n<p><span style=\"color: #000000; font-family: Arial,Helvetica,sans-serif; font-size: small;\"><b>Temas de las lecturas: <\/b>Predicamos que Cristo es Se\u00f1or, y nosotros siervos de ustedes por Jes\u00fas * Reyes de la tierra, cantad a Dios. * Yo les transmito el Reino, como me lo transmiti\u00f3 mi Padre a m\u00ed<\/span><\/p>\n<h4><span style=\"color: #000000; font-family: Arial,Helvetica,sans-serif; font-size: small;\">1. El Pastor que no dej\u00f3 de ser Oveja<\/span><\/h4>\n<p>1.1 &#8220;Magno&#8221; significa, por supuesto, &#8220;grande.&#8221; Pero hay que aclarar de inmediato el car\u00e1cter peculiar de la grandeza de Gregorio, que no dej\u00f3 de ser disc\u00edpulo por el hecho de ser maestro de otros, ni dej\u00f3 de ser monje por el hecho de ser obispo de tantos, ni dej\u00f3 de ser oveja por el hecho de ser pastor.<\/p>\n<p>1.2 En Gregorio destaca la conciencia de la propia indigencia, es decir, su certeza de ser tan necesitado de salvaci\u00f3n, de cuidado y de misericordia como cualquier otro ser humano.<\/p>\n<p>1.3 Esta conciencia de s\u00ed lo lleva a una de las virtudes m\u00e1s dif\u00edciles de alcanzar: la genuina humildad, que no es negaci\u00f3n de lo que uno tiene o ha recibido sino m\u00e1s bien el conocimiento de la fuente del bien que hay en uno, que no es uno mismo, y del mal que hay en uno, y que ciertamente viene del propio consentimiento a la incitaci\u00f3n del mal.<\/p>\n<h4>2. Espiritualidad y evangelizaci\u00f3n<\/h4>\n<p>2.1 Hay a veces la idea de que la espiritualidad es una b\u00fasqueda en solitario, y que la evangelizaci\u00f3n es una tarea que en cambio requiere de muchas virtudes de tipo social. As\u00ed vistas las cosas, parece poco probable encontrar mucha profundidad en quien se entrega al apostolado, o encontrar mucha generosidad en quien se esfuerza por alcanzar la propia perfecci\u00f3n y est\u00e1 como absorbido por su propia empresa, aunque esta sea muy noble.<\/p>\n<p>2.2 Gregorio, sobre todo en su <i>Regla Pastoral<\/i>, en cambio se esforz\u00f3 en practicar y ense\u00f1ar algo distinto: tanto la perfecci\u00f3n espiritual como la perfecci\u00f3n apost\u00f3lica se hallan en la misma Persona y la misma Fuente, que es Jesucristo. Gregorio se esfuerza en mostrar a todos, pero en particular a los sacerdotes, la unidad de los dos mandamientos: el amor a Dios y el amor al pr\u00f3jimo. No son una alternativa para escoger sino un solo mandamiento para vivir.<\/p>\n<h4>3. La Vida Moral<\/h4>\n<p>3.1 La otra gran obra de Gregorio son sus <i>Moralia<\/i>, o ense\u00f1anzas de vida cristiana. De nuevo aqu\u00ed brilla un don singular: la vida cristiana no es pura praxis, no es un quehacer interminable de preceptos y reglas, pero tampoco es un sentimiento vago o una simple declaraci\u00f3n de buenos prop\u00f3sitos.<\/p>\n<p>3.2 Entre la amplitud del ideal y la concreci\u00f3n de la vida cotidiana, este santo pastor sabe mostrar lo noble de lo ordinario cuando se integra en la vida que fluye del Esp\u00edritu, y tambi\u00e9n lo pr\u00e1ctico y practicable del Evangelio cuando se toma en serio y se lleva su l\u00f3gica consecuencia.<\/p>\n<p>3.3 El impacto de los <i>Moralia<\/i> fue inmenso y har\u00edamos bien en conocer mejor esta obra del gran Papa del primer milenio. El vocabulario que \u00e9l acu\u00f1\u00f3 fue luego una base para la predicaci\u00f3n y la teolog\u00eda por muchos siglos, lo mismo que su modo elegante pero sobrio de expresar la belleza de la virtud y las desastrosas consecuencias de los vicios.<\/p>\n<\/div>\n<\/td>\n<\/tr>\n<tr bgcolor=\"#ffffcc\">\n<td colspan=\"2\" valign=\"bottom\"><img loading=\"lazy\" decoding=\"async\" src=\"http:\/\/fraynelson.com\/banco_imagenes\/transparente.gif\" alt=\"\" width=\"8\" height=\"8\" \/><a class=\"linksmenu\" href=\"http:\/\/fraynelson.com\/sistema\/boletin\/mactboletin3.php#a\"><span style=\"color: #000066; font-family: Arial,Helvetica,sans-serif; font-size: xx-small;\"><strong>[arriba]<\/strong><\/span><\/a><\/td>\n<\/tr>\n<\/tbody>\n<\/table>\n<\/td>\n<\/tr>\n<\/tbody>\n<\/table>\n<table border=\"0\" width=\"100%\" cellspacing=\"0\" cellpadding=\"0\" bgcolor=\"#ffcd88\">\n<tbody>\n<tr>\n<td valign=\"center\" width=\"55%\"><a id=\"8\" name=\"8\"><\/a><\/p>\n<div align=\"left\"><a id=\"8\" name=\"8\"><\/a><img loading=\"lazy\" decoding=\"async\" src=\"http:\/\/fraynelson.com\/banco_imagenes\/arrow.gif\" alt=\"\" width=\"16\" height=\"15\" \/><\/div>\n<\/td>\n<td>\n<div align=\"right\"><span class=\"titulo1\"><span style=\"color: #590b00; font-family: Arial,Helvetica,sans-serif; font-size: x-large;\"><strong><span style=\"color: red;\"><em>Video<\/em><\/span> recomendado para este dia<em>!<\/em><\/strong><\/span><\/span><\/div>\n<\/td>\n<\/tr>\n<tr>\n<td colspan=\"2\" valign=\"bottom\" bgcolor=\"#ffffcc\"><img loading=\"lazy\" decoding=\"async\" src=\"http:\/\/fraynelson.com\/banco_imagenes\/transparente.gif\" alt=\"\" width=\"8\" height=\"8\" \/><\/td>\n<\/tr>\n<tr>\n<td colspan=\"2\" valign=\"top\" bgcolor=\"#ffffcc\">\n<div align=\"center\">\n<p><span style=\"color: #000000; font-family: Arial,Helvetica,sans-serif; font-size: small;\"><strong><a href=\"http:\/\/www.youtube.com\/watch?v=HyuWNfhMqxA\"><img decoding=\"async\" src=\"http:\/\/fraynelson.com\/banco_imagenes\/videos\/20150903.jpg\" alt=\"\" border=\"0\" \/><\/a><\/p>\n<p>Cap\u00edtulo 08 \u00bfCu\u00e1les son las partes de la Biblia? M\u00e1s all\u00e1 de la divisi\u00f3n mayor entre Antiguo y Nuevo testamento, \u00bfqu\u00e9 podemos decir de c\u00f3mo se distribuyen o clasifican los libros de la Biblia?<\/strong><\/span><\/p>\n<\/div>\n<\/td>\n<\/tr>\n<tr bgcolor=\"#ffffcc\">\n<td colspan=\"2\" valign=\"bottom\"><img loading=\"lazy\" decoding=\"async\" src=\"http:\/\/fraynelson.com\/banco_imagenes\/transparente.gif\" alt=\"\" width=\"8\" height=\"8\" \/><a class=\"linksmenu\" href=\"http:\/\/fraynelson.com\/sistema\/boletin\/mactboletin3.php#a\"><span style=\"color: #000066; font-family: Arial,Helvetica,sans-serif; font-size: xx-small;\"><strong>[arriba]<\/strong><\/span><\/a><\/td>\n<\/tr>\n<\/tbody>\n<\/table>\n<table border=\"0\" width=\"100%\" cellspacing=\"0\" cellpadding=\"0\" bgcolor=\"#ffcd88\">\n<tbody>\n<tr>\n<td valign=\"center\" width=\"55%\"><a id=\"9\" name=\"9\"><\/a><\/p>\n<div align=\"left\"><a id=\"9\" name=\"9\"><\/a><img loading=\"lazy\" decoding=\"async\" src=\"http:\/\/fraynelson.com\/banco_imagenes\/arrow.gif\" alt=\"\" width=\"16\" height=\"15\" \/><\/div>\n<\/td>\n<td>\n<div align=\"right\"><span class=\"titulo1\"><span style=\"color: #590b00; font-family: Arial,Helvetica,sans-serif; font-size: medium;\"><strong>Informaci\u00f3n legal y de suscripci\u00f3n<\/strong><\/span><\/span><\/div>\n<\/td>\n<\/tr>\n<tr>\n<td colspan=\"2\" valign=\"bottom\" bgcolor=\"#ffffcc\"><img loading=\"lazy\" decoding=\"async\" src=\"http:\/\/fraynelson.com\/banco_imagenes\/transparente.gif\" alt=\"\" width=\"8\" height=\"8\" \/><\/td>\n<\/tr>\n<tr>\n<td colspan=\"2\" valign=\"top\" bgcolor=\"#ffffcc\">\n<div align=\"justify\">\n<div align=\"justify\">\n<p><span style=\"color: #000000; font-family: Arial,Helvetica,sans-serif; font-size: small;\"><strong>Para saber m\u00e1s&#8230;<\/strong><\/span><\/p>\n<\/div>\n<\/div>\n<ul>\n<li>Este bolet\u00edn es el veh\u00edculo de comunicaci\u00f3n diario de la p\u00e1gina <a href=\"http:\/\/fraynelson.com\">FRAYNELSON.COM<\/a>, Casa para tu Fe Cat\u00f3lica. <strong>Servimos con gozo a la evangelizaci\u00f3n<\/strong> dentro de nuestra Iglesia, en comuni\u00f3n con el Santo Padre.<\/li>\n<li>Todos nuestros servicios y todo lo que encuentres en FRAYNELSON.COM es gratuito y solamente recibimos donaciones. Es decir: nunca cobramos ni aceptamos dinero por publicidad ni tampoco pagamos servicios. Todos <strong>nuestros donantes y colaboradores permanentes son voluntarios<\/strong> que viven y trabajan en distintas partes del mundo.<\/li>\n<li>Es posible que hayas recibido este mensaje sin haberlo solicitado. Nuestra intenci\u00f3n no es fastidiar a nadie, y por eso es sencillo el proceso de darse de baja. Si nunca pediste recibir este bolet\u00edn, es posible que alg\u00fan pariente o amigo tuyo haya incluido tu nombre y direcci\u00f3n. Con respeto te invito a que consideres lo que ofrecemos antes de dejarnos, pero en cualquier caso eres libre de darte de baja cuando quieras.<\/li>\n<li><i>Si deseas incluir en este bolet\u00edn tu cumplea\u00f1os, o una fecha que es importante para ti o tu familia o tu grupo<\/i>, entra a <a href=\"http:\/\/fraynelson.com\/calendario.php\"><strong>nuestro calendario<\/strong><\/a>. Las entradas a este calendario tiene que ser aprobadas antes de ser publicadas. El prop\u00f3sito es favorecer la oraci\u00f3n y amistad entre todos. \ud83d\ude42<\/li>\n<li>\u00a1Por supuesto t\u00fa tambi\u00e9n <strong>puedes invitar a otras personas<\/strong>! Estamos convencidos que un poco de nuestro Alimento del Alma puede hacer una GRAN DIFERENCIA en muchas vidas. Puedes responder a este correo indic\u00e1ndonos a qui\u00e9n quieres que regalemos nuestro Alimento. Por supuesto, si sospechas que a alguien no le va a interesar, no le hagas ni nos hagas perder tiempo. Sin embargo, es un hecho que m\u00e1s y m\u00e1s gente est\u00e1 siendo bendecida con nuestros servicios.<\/li>\n<li>Los textos del <b>SANTO DEL D\u00cdA<\/b> son responsabilidad y cortes\u00eda de <a href=\"http:\/\/aciprensa.com\">Aciprensa<\/a> o de la <a href=\"http:\/\/www.archimadrid.es\/\">Archidi\u00f3cesis de Madrid<\/a>. Ten en cuenta, sin embargo, que la celebraci\u00f3n lit\u00fargica de un santo o santa en particular depende de factores locales, del tiempo lit\u00fargico, de si cae en domingo, y algunos otros. Los breves esquemas que ofrecemos son s\u00f3lo para edificaci\u00f3n espiritual. Los dem\u00e1s textos no b\u00edblicos son responsabilidad de sus autores o si no se indica, de <b>Fray Nelson Medina, O.P.<\/b> Estos pueden ser divulgados declarando la fuente. Tus aportes en <strong>oraci\u00f3n, tiempo, servicios, ideas o dinero<\/strong> son siempre bienvenidos. Puedes visitar nuestra <a href=\"http:\/\/fraynelson.com\/ayuda.html\">p\u00e1gina de ayuda<\/a>.<\/li>\n<\/ul>\n<\/td>\n<\/tr>\n<tr bgcolor=\"#ffffcc\">\n<td colspan=\"2\" valign=\"bottom\"><img loading=\"lazy\" decoding=\"async\" src=\"http:\/\/fraynelson.com\/banco_imagenes\/transparente.gif\" alt=\"\" width=\"8\" height=\"8\" \/><a class=\"linksmenu\" href=\"http:\/\/fraynelson.com\/sistema\/boletin\/mactboletin3.php#a\"><span style=\"color: #000066; font-family: Arial,Helvetica,sans-serif; font-size: xx-small;\"><strong>[arriba]<\/strong><\/span><\/a><\/td>\n<\/tr>\n<\/tbody>\n<\/table>\n<\/td>\n<\/tr>\n<\/tbody>\n<\/table>\n<\/div>\n<\/td>\n<\/tr>\n<\/tbody>\n<\/table>\n","protected":false},"excerpt":{"rendered":"<p>[ Ver en la WEB ] [ Suscribirse \/ Darse de baja ]<\/p>\n","protected":false},"author":1138,"featured_media":0,"comment_status":"closed","ping_status":"closed","sticky":false,"template":"","format":"standard","meta":{"footnotes":""},"categories":[919],"tags":[],"class_list":["post-38272","post","type-post","status-publish","format-standard","hentry","category-boletin"],"jetpack_featured_media_url":"","_links":{"self":[{"href":"https:\/\/fraynelson.com\/blog\/wp-json\/wp\/v2\/posts\/38272","targetHints":{"allow":["GET"]}}],"collection":[{"href":"https:\/\/fraynelson.com\/blog\/wp-json\/wp\/v2\/posts"}],"about":[{"href":"https:\/\/fraynelson.com\/blog\/wp-json\/wp\/v2\/types\/post"}],"author":[{"embeddable":true,"href":"https:\/\/fraynelson.com\/blog\/wp-json\/wp\/v2\/users\/1138"}],"replies":[{"embeddable":true,"href":"https:\/\/fraynelson.com\/blog\/wp-json\/wp\/v2\/comments?post=38272"}],"version-history":[{"count":1,"href":"https:\/\/fraynelson.com\/blog\/wp-json\/wp\/v2\/posts\/38272\/revisions"}],"predecessor-version":[{"id":38273,"href":"https:\/\/fraynelson.com\/blog\/wp-json\/wp\/v2\/posts\/38272\/revisions\/38273"}],"wp:attachment":[{"href":"https:\/\/fraynelson.com\/blog\/wp-json\/wp\/v2\/media?parent=38272"}],"wp:term":[{"taxonomy":"category","embeddable":true,"href":"https:\/\/fraynelson.com\/blog\/wp-json\/wp\/v2\/categories?post=38272"},{"taxonomy":"post_tag","embeddable":true,"href":"https:\/\/fraynelson.com\/blog\/wp-json\/wp\/v2\/tags?post=38272"}],"curies":[{"name":"wp","href":"https:\/\/api.w.org\/{rel}","templated":true}]}}