{"id":38105,"date":"2015-08-27T16:30:16","date_gmt":"2015-08-27T21:30:16","guid":{"rendered":"http:\/\/fraynelson.com\/blog\/?p=38105"},"modified":"2015-08-27T11:31:14","modified_gmt":"2015-08-27T16:31:14","slug":"formados-para-defender-la-dignidad-de-la-vida-humana","status":"publish","type":"post","link":"https:\/\/fraynelson.com\/blog\/2015\/08\/27\/formados-para-defender-la-dignidad-de-la-vida-humana\/","title":{"rendered":"Formados para defender la dignidad de la vida humana"},"content":{"rendered":"<p>[<em>Intervenci\u00f3n en video para el Primer Congreso por la Vida, de la Di\u00f3cesis de Engativ\u00e1, en Colombia<\/em>.]<\/p>\n<p><iframe loading=\"lazy\" title=\"Formados para defender la dignidad de la vida humana\" width=\"525\" height=\"295\" src=\"https:\/\/www.youtube.com\/embed\/4q4W1_R5wo8?feature=oembed\" frameborder=\"0\" allow=\"accelerometer; autoplay; clipboard-write; encrypted-media; gyroscope; picture-in-picture; web-share\" referrerpolicy=\"strict-origin-when-cross-origin\" allowfullscreen><\/iframe><\/p>\n<p>0. Introducci\u00f3n: la situaci\u00f3n, en cuanto a la dignidad de la vida humana, es de combate.<\/p>\n<p>1. Descubrir la dignidad de la persona humana y aprender a argumentar sobre su valor no requiere, estrictamente hablando, de la religi\u00f3n ni de la fe. De hecho, la presentaci\u00f3n apresurada de razones &#8220;religiosas&#8221; m\u00e1s bien produce burla y no ayuda  la causa de la defensa del ser humano.<\/p>\n<p>2. S\u00f3lo los hombres y mujeres de verdadera fe llevar\u00e1n este combate hasta el final. En efecto, el sabernos amados y sostenidos por Dios nos da recursos interiores que son indispensables en este combate. M\u00e1s que razones para debatir con otros, la fe nos da motivaci\u00f3n, claridad y fuerza interna para no dejar la lucha.<\/p>\n<p>3. Equipamiento de los que combaten por la vida humana:<\/p>\n<p>3.1 Armamento espiritual: como lo aconseja la Iglesia en la formaci\u00f3n cristiana: sacramentos, biblia, acompa\u00f1amiento y consejer\u00eda.<\/p>\n<p>3.2 Armamento intelectual: \u00a1hay que formarse! Aprender, leer, escuchar buenos testimonios y aprender qu\u00e9 razones son m\u00e1s iluminadoras y \u00fatiles.<\/p>\n<p>3.3 Armamento volitivo, es decir, de la voluntad: por una parte, cuidar nuestra afectividad; luego cultivar las virtudes, singularmente la fortaleza y la coherencia.<\/p>\n<div class=\"powerpress_player\" id=\"powerpress_player_8040\"><audio class=\"wp-audio-shortcode\" id=\"audio-38105-1\" preload=\"none\" style=\"width: 100%;\" controls=\"controls\"><source type=\"audio\/mpeg\" src=\"http:\/\/fraynelson.com\/conferencias\/familia\/Formados_para_defender_la_dignidad_de_la_vida_humana.mp3?_=1\" \/><a href=\"http:\/\/fraynelson.com\/conferencias\/familia\/Formados_para_defender_la_dignidad_de_la_vida_humana.mp3\">http:\/\/fraynelson.com\/conferencias\/familia\/Formados_para_defender_la_dignidad_de_la_vida_humana.mp3<\/a><\/audio><\/div>\n","protected":false},"excerpt":{"rendered":"<p>[Intervenci\u00f3n en video para el Primer Congreso por la Vida, de la Di\u00f3cesis de Engativ\u00e1, en Colombia.] 0. Introducci\u00f3n: la situaci\u00f3n, en cuanto a la dignidad de la vida humana, es de combate. 1. Descubrir la dignidad de la persona humana y aprender a argumentar sobre su valor no requiere, estrictamente hablando, de la religi\u00f3n &hellip; <\/p>\n<p class=\"link-more\"><a href=\"https:\/\/fraynelson.com\/blog\/2015\/08\/27\/formados-para-defender-la-dignidad-de-la-vida-humana\/\" class=\"more-link\">Continuar leyendo<span class=\"screen-reader-text\"> &#8220;Formados para defender la dignidad de la vida humana&#8221;<\/span><\/a><\/p>\n","protected":false},"author":1138,"featured_media":0,"comment_status":"closed","ping_status":"closed","sticky":false,"template":"","format":"standard","meta":{"footnotes":""},"categories":[559,291,558,739,302],"tags":[],"class_list":["post-38105","post","type-post","status-publish","format-standard","hentry","category-aborto","category-audio","category-defensa_de_la_vida","category-eutanasia","category-video"],"jetpack_featured_media_url":"","_links":{"self":[{"href":"https:\/\/fraynelson.com\/blog\/wp-json\/wp\/v2\/posts\/38105","targetHints":{"allow":["GET"]}}],"collection":[{"href":"https:\/\/fraynelson.com\/blog\/wp-json\/wp\/v2\/posts"}],"about":[{"href":"https:\/\/fraynelson.com\/blog\/wp-json\/wp\/v2\/types\/post"}],"author":[{"embeddable":true,"href":"https:\/\/fraynelson.com\/blog\/wp-json\/wp\/v2\/users\/1138"}],"replies":[{"embeddable":true,"href":"https:\/\/fraynelson.com\/blog\/wp-json\/wp\/v2\/comments?post=38105"}],"version-history":[{"count":2,"href":"https:\/\/fraynelson.com\/blog\/wp-json\/wp\/v2\/posts\/38105\/revisions"}],"predecessor-version":[{"id":38108,"href":"https:\/\/fraynelson.com\/blog\/wp-json\/wp\/v2\/posts\/38105\/revisions\/38108"}],"wp:attachment":[{"href":"https:\/\/fraynelson.com\/blog\/wp-json\/wp\/v2\/media?parent=38105"}],"wp:term":[{"taxonomy":"category","embeddable":true,"href":"https:\/\/fraynelson.com\/blog\/wp-json\/wp\/v2\/categories?post=38105"},{"taxonomy":"post_tag","embeddable":true,"href":"https:\/\/fraynelson.com\/blog\/wp-json\/wp\/v2\/tags?post=38105"}],"curies":[{"name":"wp","href":"https:\/\/api.w.org\/{rel}","templated":true}]}}