{"id":37317,"date":"2015-07-25T02:50:36","date_gmt":"2015-07-25T07:50:36","guid":{"rendered":"http:\/\/fraynelson.com\/blog\/?p=37317"},"modified":"2015-07-23T21:53:35","modified_gmt":"2015-07-24T02:53:35","slug":"laudes-visperas-para-la-semana-del-26-de-julio-al-01-de-agosto-de-2015","status":"publish","type":"post","link":"https:\/\/fraynelson.com\/blog\/2015\/07\/25\/laudes-visperas-para-la-semana-del-26-de-julio-al-01-de-agosto-de-2015\/","title":{"rendered":"Laudes &#038; V\u00edsperas para la semana del 26 de julio al 01 de agosto de 2015"},"content":{"rendered":"<p><a href=\"https:\/\/fraynelson.com\/blog\/wp-content\/uploads\/2014\/08\/citara.jpg\"><img loading=\"lazy\" decoding=\"async\" class=\"aligncenter size-medium wp-image-29583\" src=\"https:\/\/fraynelson.com\/blog\/wp-content\/uploads\/2014\/08\/citara-209x300.jpg\" alt=\"citara\" width=\"209\" height=\"300\" \/><\/a><\/p>\n<p><strong>Domingo 26 de julio de 2015<\/strong>: Domingo XVII del Tiempo Ordinario, ciclo B<\/p>\n<ul>\n<li><a href=\"http:\/\/fraynelson.com\/conferencias\/oracion\/bo17u.mp3\" target=\"_blank\">Primeras V\u00edsperas<\/a> (el s\u00e1bado 25 por la tarde)<\/li>\n<li><a href=\"http:\/\/fraynelson.com\/conferencias\/oracion\/bo17a.mp3\" target=\"_blank\">Laudes<\/a><\/li>\n<li><a href=\"http:\/\/fraynelson.com\/conferencias\/oracion\/bo17v.mp3\" target=\"_blank\">Segundas V\u00edsperas<\/a><\/li>\n<\/ul>\n<p><strong>Lunes 27<\/strong>:<\/p>\n<ul>\n<li><a href=\"http:\/\/fraynelson.com\/conferencias\/oracion\/s011a.mp3\" target=\"_blank\">Laudes<\/a><\/li>\n<li><a href=\"http:\/\/fraynelson.com\/conferencias\/oracion\/s011v.mp3\" target=\"_blank\">V\u00edsperas<\/a><\/li>\n<\/ul>\n<p><strong>Martes 28<\/strong>:<\/p>\n<ul>\n<li><a href=\"http:\/\/fraynelson.com\/conferencias\/oracion\/s012a.mp3\" target=\"_blank\">Laudes<\/a><\/li>\n<li><a href=\"http:\/\/fraynelson.com\/conferencias\/oracion\/s012v.mp3\" target=\"_blank\">V\u00edsperas<\/a><\/li>\n<\/ul>\n<p><strong>Mi\u00e9rcoles 29<\/strong>: Memoria de Santa Martha<\/p>\n<ul>\n<li><a href=\"http:\/\/fraynelson.com\/conferencias\/oracion\/smara_s013a.mp3\" target=\"_blank\">Laudes<\/a><\/li>\n<li><a href=\"http:\/\/fraynelson.com\/conferencias\/oracion\/smarv_s013v.mp3\" target=\"_blank\">V\u00edsperas<\/a><\/li>\n<\/ul>\n<p><strong>Jueves 30<\/strong>:<\/p>\n<ul>\n<li><a href=\"http:\/\/fraynelson.com\/conferencias\/oracion\/s014a.mp3\" target=\"_blank\">Laudes<\/a><\/li>\n<li><a href=\"http:\/\/fraynelson.com\/conferencias\/oracion\/s014v.mp3\" target=\"_blank\">V\u00edsperas<\/a><\/li>\n<\/ul>\n<p><strong>Viernes 31<\/strong>: Memoria de San Ignacio de Loyola, presb\u00edtero<\/p>\n<ul>\n<li><a href=\"http:\/\/fraynelson.com\/conferencias\/oracion\/sigla_s015a.mp3\" target=\"_blank\">Laudes<\/a><\/li>\n<li><a href=\"http:\/\/fraynelson.com\/conferencias\/oracion\/siglv_s015v.mp3\" target=\"_blank\">V\u00edsperas<\/a><\/li>\n<\/ul>\n<p><strong>S\u00e1bado 1 de agosto<\/strong>: Memoria de San Alfonso Mar\u00eda de Ligorio, obispo y doctor de la Iglesia<\/p>\n<ul>\n<li><a href=\"http:\/\/fraynelson.com\/conferencias\/oracion\/samla_s016a.mp3\" target=\"_blank\">Laudes<\/a><\/li>\n<\/ul>\n","protected":false},"excerpt":{"rendered":"<p>Domingo 26 de julio de 2015: Domingo XVII del Tiempo Ordinario, ciclo B Primeras V\u00edsperas (el s\u00e1bado 25 por la tarde) Laudes Segundas V\u00edsperas Lunes 27: Laudes V\u00edsperas Martes 28: Laudes V\u00edsperas Mi\u00e9rcoles 29: Memoria de Santa Martha Laudes V\u00edsperas Jueves 30: Laudes V\u00edsperas Viernes 31: Memoria de San Ignacio de Loyola, presb\u00edtero Laudes V\u00edsperas &hellip; <\/p>\n<p class=\"link-more\"><a href=\"https:\/\/fraynelson.com\/blog\/2015\/07\/25\/laudes-visperas-para-la-semana-del-26-de-julio-al-01-de-agosto-de-2015\/\" class=\"more-link\">Continuar leyendo<span class=\"screen-reader-text\"> &#8220;Laudes &#038; V\u00edsperas para la semana del 26 de julio al 01 de agosto de 2015&#8221;<\/span><\/a><\/p>\n","protected":false},"author":1138,"featured_media":0,"comment_status":"closed","ping_status":"closed","sticky":false,"template":"","format":"standard","meta":{"footnotes":""},"categories":[291,431],"tags":[],"class_list":["post-37317","post","type-post","status-publish","format-standard","hentry","category-audio","category-liturgia"],"jetpack_featured_media_url":"","_links":{"self":[{"href":"https:\/\/fraynelson.com\/blog\/wp-json\/wp\/v2\/posts\/37317","targetHints":{"allow":["GET"]}}],"collection":[{"href":"https:\/\/fraynelson.com\/blog\/wp-json\/wp\/v2\/posts"}],"about":[{"href":"https:\/\/fraynelson.com\/blog\/wp-json\/wp\/v2\/types\/post"}],"author":[{"embeddable":true,"href":"https:\/\/fraynelson.com\/blog\/wp-json\/wp\/v2\/users\/1138"}],"replies":[{"embeddable":true,"href":"https:\/\/fraynelson.com\/blog\/wp-json\/wp\/v2\/comments?post=37317"}],"version-history":[{"count":1,"href":"https:\/\/fraynelson.com\/blog\/wp-json\/wp\/v2\/posts\/37317\/revisions"}],"predecessor-version":[{"id":37318,"href":"https:\/\/fraynelson.com\/blog\/wp-json\/wp\/v2\/posts\/37317\/revisions\/37318"}],"wp:attachment":[{"href":"https:\/\/fraynelson.com\/blog\/wp-json\/wp\/v2\/media?parent=37317"}],"wp:term":[{"taxonomy":"category","embeddable":true,"href":"https:\/\/fraynelson.com\/blog\/wp-json\/wp\/v2\/categories?post=37317"},{"taxonomy":"post_tag","embeddable":true,"href":"https:\/\/fraynelson.com\/blog\/wp-json\/wp\/v2\/tags?post=37317"}],"curies":[{"name":"wp","href":"https:\/\/api.w.org\/{rel}","templated":true}]}}