{"id":37288,"date":"2015-07-23T01:19:22","date_gmt":"2015-07-23T06:19:22","guid":{"rendered":"http:\/\/fraynelson.com\/blog\/?p=37288"},"modified":"2015-07-22T22:20:47","modified_gmt":"2015-07-23T03:20:47","slug":"nada-es-demasiado-pequeno-para-un-alma-grande","status":"publish","type":"post","link":"https:\/\/fraynelson.com\/blog\/2015\/07\/23\/nada-es-demasiado-pequeno-para-un-alma-grande\/","title":{"rendered":"Nada es demasiado peque\u00f1o para un alma grande"},"content":{"rendered":"<p>Hac\u00eda fr\u00edo. Dos monjes piadosos, uno muy joven y otro muy mayor hac\u00edan su rato de oraci\u00f3n en el templo de la gran abad\u00eda. Por calentarse un poco, el monje mayor empieza a caminar  por el corredor central, que va al altar mayor.<\/p>\n<p>Hacia la mitad de la iglesia, el joven, con m\u00e1s calor\u00edas, permanece sentado por tiempos, y por tiempos se postra, de modo que puede sentir el paso \u00e1gil del mayor en sus recorridos hacia el altar y luego hacia la puerta, a ritmo sostenido.<\/p>\n<p>Llevado en parte por la piedad, el joven pregunt\u00f3:<\/p>\n<p>&#8211; Cuando vas hacia el altar, \u00bfqu\u00e9 pensamiento viene m\u00e1s a tu mente?<\/p>\n<p>&#8211; Que es el Se\u00f1or quien me est\u00e1 llamando, respondi\u00f3 el anciano monje.<\/p>\n<p>&#8211; Pero entonces, al alejarte de nuevo en tu recorrido, \u00bfsientes que te apartas de \u00e9l?<\/p>\n<p>&#8211; No. Siento que el mismo Se\u00f1or que me llama a amarle, luego me env\u00eda a amar a mis hermanos.<\/p>\n<p>El muchacho se qued\u00f3 admirado de c\u00f3mo a\u00fan en lo m\u00e1s peque\u00f1o puede haber grandes mensajes para las almas grandes.<\/p>\n","protected":false},"excerpt":{"rendered":"<p>Hac\u00eda fr\u00edo. Dos monjes piadosos, uno muy joven y otro muy mayor hac\u00edan su rato de oraci\u00f3n en el templo de la gran abad\u00eda. Por calentarse un poco, el monje mayor empieza a caminar por el corredor central, que va al altar mayor. Hacia la mitad de la iglesia, el joven, con m\u00e1s calor\u00edas, permanece &hellip; <\/p>\n<p class=\"link-more\"><a href=\"https:\/\/fraynelson.com\/blog\/2015\/07\/23\/nada-es-demasiado-pequeno-para-un-alma-grande\/\" class=\"more-link\">Continuar leyendo<span class=\"screen-reader-text\"> &#8220;Nada es demasiado peque\u00f1o para un alma grande&#8221;<\/span><\/a><\/p>\n","protected":false},"author":1138,"featured_media":0,"comment_status":"closed","ping_status":"closed","sticky":false,"template":"","format":"standard","meta":{"footnotes":""},"categories":[64],"tags":[],"class_list":["post-37288","post","type-post","status-publish","format-standard","hentry","category-relatos-edificantes"],"jetpack_featured_media_url":"","_links":{"self":[{"href":"https:\/\/fraynelson.com\/blog\/wp-json\/wp\/v2\/posts\/37288","targetHints":{"allow":["GET"]}}],"collection":[{"href":"https:\/\/fraynelson.com\/blog\/wp-json\/wp\/v2\/posts"}],"about":[{"href":"https:\/\/fraynelson.com\/blog\/wp-json\/wp\/v2\/types\/post"}],"author":[{"embeddable":true,"href":"https:\/\/fraynelson.com\/blog\/wp-json\/wp\/v2\/users\/1138"}],"replies":[{"embeddable":true,"href":"https:\/\/fraynelson.com\/blog\/wp-json\/wp\/v2\/comments?post=37288"}],"version-history":[{"count":1,"href":"https:\/\/fraynelson.com\/blog\/wp-json\/wp\/v2\/posts\/37288\/revisions"}],"predecessor-version":[{"id":37289,"href":"https:\/\/fraynelson.com\/blog\/wp-json\/wp\/v2\/posts\/37288\/revisions\/37289"}],"wp:attachment":[{"href":"https:\/\/fraynelson.com\/blog\/wp-json\/wp\/v2\/media?parent=37288"}],"wp:term":[{"taxonomy":"category","embeddable":true,"href":"https:\/\/fraynelson.com\/blog\/wp-json\/wp\/v2\/categories?post=37288"},{"taxonomy":"post_tag","embeddable":true,"href":"https:\/\/fraynelson.com\/blog\/wp-json\/wp\/v2\/tags?post=37288"}],"curies":[{"name":"wp","href":"https:\/\/api.w.org\/{rel}","templated":true}]}}