{"id":37186,"date":"2015-07-19T00:01:10","date_gmt":"2015-07-19T05:01:10","guid":{"rendered":"http:\/\/fraynelson.com\/blog\/?p=37186"},"modified":"2015-07-18T09:05:37","modified_gmt":"2015-07-18T14:05:37","slug":"laudes-20150719","status":"publish","type":"post","link":"https:\/\/fraynelson.com\/blog\/2015\/07\/19\/laudes-20150719\/","title":{"rendered":"LAUDES 20150719"},"content":{"rendered":"<p>#LaudesFrayNelson para el <strong>Domingo XVI del Tiempo Ordinario, ciclo B<\/strong><\/p>\n<p><a href=\"https:\/\/fraynelson.com\/blog\/wp-content\/uploads\/2015\/05\/praising.jpg\"><img loading=\"lazy\" decoding=\"async\" class=\"aligncenter size-medium wp-image-35870\" src=\"https:\/\/fraynelson.com\/blog\/wp-content\/uploads\/2015\/05\/praising-300x240.jpg\" alt=\"praising\" width=\"300\" height=\"240\" \/><\/a><\/p>\n<div class=\"powerpress_player\" id=\"powerpress_player_8856\"><audio class=\"wp-audio-shortcode\" id=\"audio-37186-1\" preload=\"none\" style=\"width: 100%;\" controls=\"controls\"><source type=\"audio\/mpeg\" src=\"http:\/\/fraynelson.com\/conferencias\/oracion\/bo16a.mp3?_=1\" \/><a href=\"http:\/\/fraynelson.com\/conferencias\/oracion\/bo16a.mp3\">http:\/\/fraynelson.com\/conferencias\/oracion\/bo16a.mp3<\/a><\/audio><\/div>\n<p>[REPRODUCCI\u00d3N PERMITIDA &#8211; Ay\u00fadanos a divulgar este camino de oraci\u00f3n en las redes sociales, blogs, emisoras de radio, y otros medios.]<\/p>\n","protected":false},"excerpt":{"rendered":"<p>#LaudesFrayNelson para el Domingo XVI del Tiempo Ordinario, ciclo B [REPRODUCCI\u00d3N PERMITIDA &#8211; Ay\u00fadanos a divulgar este camino de oraci\u00f3n en las redes sociales, blogs, emisoras de radio, y otros medios.]<\/p>\n","protected":false},"author":1138,"featured_media":0,"comment_status":"closed","ping_status":"closed","sticky":false,"template":"","format":"standard","meta":{"footnotes":""},"categories":[291,1096,413],"tags":[],"class_list":["post-37186","post","type-post","status-publish","format-standard","hentry","category-audio","category-laudes","category-oracion"],"jetpack_featured_media_url":"","_links":{"self":[{"href":"https:\/\/fraynelson.com\/blog\/wp-json\/wp\/v2\/posts\/37186","targetHints":{"allow":["GET"]}}],"collection":[{"href":"https:\/\/fraynelson.com\/blog\/wp-json\/wp\/v2\/posts"}],"about":[{"href":"https:\/\/fraynelson.com\/blog\/wp-json\/wp\/v2\/types\/post"}],"author":[{"embeddable":true,"href":"https:\/\/fraynelson.com\/blog\/wp-json\/wp\/v2\/users\/1138"}],"replies":[{"embeddable":true,"href":"https:\/\/fraynelson.com\/blog\/wp-json\/wp\/v2\/comments?post=37186"}],"version-history":[{"count":1,"href":"https:\/\/fraynelson.com\/blog\/wp-json\/wp\/v2\/posts\/37186\/revisions"}],"predecessor-version":[{"id":37200,"href":"https:\/\/fraynelson.com\/blog\/wp-json\/wp\/v2\/posts\/37186\/revisions\/37200"}],"wp:attachment":[{"href":"https:\/\/fraynelson.com\/blog\/wp-json\/wp\/v2\/media?parent=37186"}],"wp:term":[{"taxonomy":"category","embeddable":true,"href":"https:\/\/fraynelson.com\/blog\/wp-json\/wp\/v2\/categories?post=37186"},{"taxonomy":"post_tag","embeddable":true,"href":"https:\/\/fraynelson.com\/blog\/wp-json\/wp\/v2\/tags?post=37186"}],"curies":[{"name":"wp","href":"https:\/\/api.w.org\/{rel}","templated":true}]}}