{"id":37179,"date":"2015-07-18T08:50:29","date_gmt":"2015-07-18T13:50:29","guid":{"rendered":"http:\/\/fraynelson.com\/blog\/?p=37179"},"modified":"2015-07-18T08:53:10","modified_gmt":"2015-07-18T13:53:10","slug":"laudes-visperas-para-la-semana-del-19-al-25-de-julio-de-2015","status":"publish","type":"post","link":"https:\/\/fraynelson.com\/blog\/2015\/07\/18\/laudes-visperas-para-la-semana-del-19-al-25-de-julio-de-2015\/","title":{"rendered":"Laudes &#038; V\u00edsperas para la semana del 19 al 25 de julio de 2015"},"content":{"rendered":"<p><a href=\"https:\/\/fraynelson.com\/blog\/wp-content\/uploads\/2014\/08\/citara.jpg\"><img loading=\"lazy\" decoding=\"async\" class=\"aligncenter size-medium wp-image-29583\" src=\"https:\/\/fraynelson.com\/blog\/wp-content\/uploads\/2014\/08\/citara-209x300.jpg\" alt=\"citara\" width=\"209\" height=\"300\" \/><\/a><\/p>\n<p><strong>Domingo 19 de julio de 2015<\/strong>: Domingo XVI del Tiempo Ordinario, ciclo B<\/p>\n<ul>\n<li><a href=\"http:\/\/fraynelson.com\/conferencias\/oracion\/bo16u.mp3\" target=\"_blank\">Primeras V\u00edsperas<\/a> (el s\u00e1bado 18 por la tarde)<\/li>\n<li><a href=\"http:\/\/fraynelson.com\/conferencias\/oracion\/bo16a.mp3\" target=\"_blank\">Laudes<\/a><\/li>\n<li><a href=\"http:\/\/fraynelson.com\/conferencias\/oracion\/bo16v.mp3\" target=\"_blank\">Segundas V\u00edsperas<\/a><\/li>\n<\/ul>\n<p><strong>Lunes 20<\/strong>:<\/p>\n<ul>\n<li><a href=\"http:\/\/fraynelson.com\/conferencias\/oracion\/s041a.mp3\" target=\"_blank\">Laudes<\/a><\/li>\n<li><a href=\"http:\/\/fraynelson.com\/conferencias\/oracion\/s041v.mp3\" target=\"_blank\">V\u00edsperas<\/a><\/li>\n<\/ul>\n<p><strong>Martes 21<\/strong>:<\/p>\n<ul>\n<li><a href=\"http:\/\/fraynelson.com\/conferencias\/oracion\/s042a.mp3\" target=\"_blank\">Laudes<\/a><\/li>\n<li><a href=\"http:\/\/fraynelson.com\/conferencias\/oracion\/s042v.mp3\" target=\"_blank\">V\u00edsperas<\/a><\/li>\n<\/ul>\n<p><strong>Mi\u00e9rcoles 22<\/strong>: Memoria de Santa Mar\u00eda Magdalena<\/p>\n<ul>\n<li><a href=\"http:\/\/fraynelson.com\/conferencias\/oracion\/smaga.mp3\" target=\"_blank\">Laudes<\/a><\/li>\n<li><a href=\"http:\/\/fraynelson.com\/conferencias\/oracion\/smagv.mp3\" target=\"_blank\">V\u00edsperas<\/a><\/li>\n<\/ul>\n<p><strong>Jueves 23<\/strong>:<\/p>\n<ul>\n<li><a href=\"http:\/\/fraynelson.com\/conferencias\/oracion\/s044a.mp3\" target=\"_blank\">Laudes<\/a><\/li>\n<li><a href=\"http:\/\/fraynelson.com\/conferencias\/oracion\/s044v.mp3\" target=\"_blank\">V\u00edsperas<\/a><\/li>\n<\/ul>\n<p><strong>Viernes 24<\/strong>:<\/p>\n<ul>\n<li><a href=\"http:\/\/fraynelson.com\/conferencias\/oracion\/s045a.mp3\" target=\"_blank\">Laudes<\/a><\/li>\n<li><a href=\"http:\/\/fraynelson.com\/conferencias\/oracion\/s045v.mp3\" target=\"_blank\">V\u00edsperas<\/a><\/li>\n<\/ul>\n<p><strong>S\u00e1bado 25<\/strong>: Fiesta de Santiago, ap\u00f3stol<\/p>\n<ul>\n<li><a href=\"http:\/\/fraynelson.com\/conferencias\/oracion\/santa.mp3\" target=\"_blank\">Laudes<\/a><\/li>\n<\/ul>\n","protected":false},"excerpt":{"rendered":"<p>Domingo 19 de julio de 2015: Domingo XVI del Tiempo Ordinario, ciclo B Primeras V\u00edsperas (el s\u00e1bado 18 por la tarde) Laudes Segundas V\u00edsperas Lunes 20: Laudes V\u00edsperas Martes 21: Laudes V\u00edsperas Mi\u00e9rcoles 22: Memoria de Santa Mar\u00eda Magdalena Laudes V\u00edsperas Jueves 23: Laudes V\u00edsperas Viernes 24: Laudes V\u00edsperas S\u00e1bado 25: Fiesta de Santiago, ap\u00f3stol &hellip; <\/p>\n<p class=\"link-more\"><a href=\"https:\/\/fraynelson.com\/blog\/2015\/07\/18\/laudes-visperas-para-la-semana-del-19-al-25-de-julio-de-2015\/\" class=\"more-link\">Continuar leyendo<span class=\"screen-reader-text\"> &#8220;Laudes &#038; V\u00edsperas para la semana del 19 al 25 de julio de 2015&#8221;<\/span><\/a><\/p>\n","protected":false},"author":1138,"featured_media":0,"comment_status":"closed","ping_status":"closed","sticky":false,"template":"","format":"standard","meta":{"footnotes":""},"categories":[291,431],"tags":[],"class_list":["post-37179","post","type-post","status-publish","format-standard","hentry","category-audio","category-liturgia"],"jetpack_featured_media_url":"","_links":{"self":[{"href":"https:\/\/fraynelson.com\/blog\/wp-json\/wp\/v2\/posts\/37179","targetHints":{"allow":["GET"]}}],"collection":[{"href":"https:\/\/fraynelson.com\/blog\/wp-json\/wp\/v2\/posts"}],"about":[{"href":"https:\/\/fraynelson.com\/blog\/wp-json\/wp\/v2\/types\/post"}],"author":[{"embeddable":true,"href":"https:\/\/fraynelson.com\/blog\/wp-json\/wp\/v2\/users\/1138"}],"replies":[{"embeddable":true,"href":"https:\/\/fraynelson.com\/blog\/wp-json\/wp\/v2\/comments?post=37179"}],"version-history":[{"count":3,"href":"https:\/\/fraynelson.com\/blog\/wp-json\/wp\/v2\/posts\/37179\/revisions"}],"predecessor-version":[{"id":37184,"href":"https:\/\/fraynelson.com\/blog\/wp-json\/wp\/v2\/posts\/37179\/revisions\/37184"}],"wp:attachment":[{"href":"https:\/\/fraynelson.com\/blog\/wp-json\/wp\/v2\/media?parent=37179"}],"wp:term":[{"taxonomy":"category","embeddable":true,"href":"https:\/\/fraynelson.com\/blog\/wp-json\/wp\/v2\/categories?post=37179"},{"taxonomy":"post_tag","embeddable":true,"href":"https:\/\/fraynelson.com\/blog\/wp-json\/wp\/v2\/tags?post=37179"}],"curies":[{"name":"wp","href":"https:\/\/api.w.org\/{rel}","templated":true}]}}