{"id":36804,"date":"2015-07-02T16:37:05","date_gmt":"2015-07-02T21:37:05","guid":{"rendered":"http:\/\/fraynelson.com\/blog\/?p=36804"},"modified":"2015-07-02T14:56:19","modified_gmt":"2015-07-02T19:56:19","slug":"dimension-institucional-de-la-vida-religiosa-09-de-10-aspectos-dialecticos-desde-el-nt","status":"publish","type":"post","link":"https:\/\/fraynelson.com\/blog\/2015\/07\/02\/dimension-institucional-de-la-vida-religiosa-09-de-10-aspectos-dialecticos-desde-el-nt\/","title":{"rendered":"Dimensi\u00f3n Institucional de la Vida Religiosa, 09 de 10: Aspectos dial\u00e9cticos desde el NT"},"content":{"rendered":"<p>[<em>Retiro a la Provincia de Bogot\u00e1 de las Hermanas de la Presentaci\u00f3n. Junio de 2015<\/em>,]<\/p>\n<p><strong>Tema 09 de 10: Aspectos dial\u00e9cticos desde el NT<\/strong><\/p>\n<p><iframe loading=\"lazy\" title=\"Dimensi\u00f3n Institucional de la Vida Religiosa, 09 de 10: Aspectos dial\u00e9cticos desde el NT\" width=\"525\" height=\"295\" src=\"https:\/\/www.youtube.com\/embed\/C2nU9TgYvsc?feature=oembed\" frameborder=\"0\" allow=\"accelerometer; autoplay; clipboard-write; encrypted-media; gyroscope; picture-in-picture; web-share\" referrerpolicy=\"strict-origin-when-cross-origin\" allowfullscreen><\/iframe><\/p>\n<p>* Claramente el amor de Dios es abundante para todos y \u201cquiere que todos los hombres se salven y lleguen al conocimiento de la verdad\u201d (1 Timoteo) pero no somos iguales ni en nuestra constituci\u00f3n f\u00edsica, salud, dones, anhelos, capacidades, carismas o posibilidades. Ni la democracia con su l\u00f3gica de las mayor\u00edas ni menos el comunismo pueden retratar la obra que el Esp\u00edritu va construyendo en nosotros y a trav\u00e9s de nosotros. <\/p>\n<p>* Gobernar, desde la conciencia de lo que es la Iglesia, supone una conversi\u00f3n del coraz\u00f3n y del lenguaje. No deben re\u00f1ir el bien del individuo y el bien com\u00fan de la comunidad pero ello supone una mirada atenta a Dios Esp\u00edritu que da los dones a las personas y dirige a su plenitud las comunidades. \u00a1Necesitamos l\u00edderes, pastores y superiores enamorados de la voluntad divina! Obrando as\u00ed, el ejercicio de la autoridad en el Esp\u00edritu es a la vez un servicio de escucha a lo que el mismo Esp\u00edritu suscita como nuevas iniciativas en su pueblo. <\/p>\n<p>* Lo institucional, as\u00ed entendido, es una expresi\u00f3n del fruto que ya ha dado la obra del Esp\u00edritu en la comunidad, y al mismo tiempo, es un cauce abierto a nuevas obras, inspiraciones y perspectivas. El r\u00edo corre y el cauce es firme: se necesitan mutuamente, aunque siempre est\u00e1 claro que el cauce est\u00e1 en funci\u00f3n del r\u00edo. <\/p>\n<p>* Es importante recordar la par\u00e1bola del grano de mostaza o la imagen de la ciudad puesta en lo alto del monte: la Iglesia ha de ser grande, no para arrogancia sino para expresi\u00f3n de la grandeza de su Autor y la grandeza que pueden confiadamente encontrar quienes se acerquen a Ella. Tener como horizonte una Iglesia peque\u00f1a, escondida o acomplejada no es un servicio a quienes necesitan una referencia que les gu\u00ede y una casa grande y dotada que les pueda acoger en tiempo de necesidad. <\/p>\n<p>* As\u00ed que el gran desaf\u00edo es fortalecer la institucionalidad pero solamente como un camino para fortalecer la caridad y el servicio a todos, especialmente los m\u00e1s necesitados.<\/p>\n<div class=\"powerpress_player\" id=\"powerpress_player_6426\"><audio class=\"wp-audio-shortcode\" id=\"audio-36804-1\" preload=\"none\" style=\"width: 100%;\" controls=\"controls\"><source type=\"audio\/mpeg\" src=\"http:\/\/fraynelson.com\/conferencias\/vida_consagrada\/dimension_institucional_de_la_vc_09_de_10_aspectos_dialecticos_desde_el_NT.mp3?_=1\" \/><a href=\"http:\/\/fraynelson.com\/conferencias\/vida_consagrada\/dimension_institucional_de_la_vc_09_de_10_aspectos_dialecticos_desde_el_NT.mp3\">http:\/\/fraynelson.com\/conferencias\/vida_consagrada\/dimension_institucional_de_la_vc_09_de_10_aspectos_dialecticos_desde_el_NT.mp3<\/a><\/audio><\/div>\n","protected":false},"excerpt":{"rendered":"<p>[Retiro a la Provincia de Bogot\u00e1 de las Hermanas de la Presentaci\u00f3n. Junio de 2015,] Tema 09 de 10: Aspectos dial\u00e9cticos desde el NT * Claramente el amor de Dios es abundante para todos y \u201cquiere que todos los hombres se salven y lleguen al conocimiento de la verdad\u201d (1 Timoteo) pero no somos iguales &hellip; <\/p>\n<p class=\"link-more\"><a href=\"https:\/\/fraynelson.com\/blog\/2015\/07\/02\/dimension-institucional-de-la-vida-religiosa-09-de-10-aspectos-dialecticos-desde-el-nt\/\" class=\"more-link\">Continuar leyendo<span class=\"screen-reader-text\"> &#8220;Dimensi\u00f3n Institucional de la Vida Religiosa, 09 de 10: Aspectos dial\u00e9cticos desde el NT&#8221;<\/span><\/a><\/p>\n","protected":false},"author":1138,"featured_media":0,"comment_status":"closed","ping_status":"closed","sticky":false,"template":"","format":"standard","meta":{"footnotes":""},"categories":[291,1228,506,617],"tags":[],"class_list":["post-36804","post","type-post","status-publish","format-standard","hentry","category-audio","category-dimension-institucional-de-la-vida-religiosa","category-nuevo_testamento","category-vida_consagrada"],"jetpack_featured_media_url":"","_links":{"self":[{"href":"https:\/\/fraynelson.com\/blog\/wp-json\/wp\/v2\/posts\/36804","targetHints":{"allow":["GET"]}}],"collection":[{"href":"https:\/\/fraynelson.com\/blog\/wp-json\/wp\/v2\/posts"}],"about":[{"href":"https:\/\/fraynelson.com\/blog\/wp-json\/wp\/v2\/types\/post"}],"author":[{"embeddable":true,"href":"https:\/\/fraynelson.com\/blog\/wp-json\/wp\/v2\/users\/1138"}],"replies":[{"embeddable":true,"href":"https:\/\/fraynelson.com\/blog\/wp-json\/wp\/v2\/comments?post=36804"}],"version-history":[{"count":4,"href":"https:\/\/fraynelson.com\/blog\/wp-json\/wp\/v2\/posts\/36804\/revisions"}],"predecessor-version":[{"id":36814,"href":"https:\/\/fraynelson.com\/blog\/wp-json\/wp\/v2\/posts\/36804\/revisions\/36814"}],"wp:attachment":[{"href":"https:\/\/fraynelson.com\/blog\/wp-json\/wp\/v2\/media?parent=36804"}],"wp:term":[{"taxonomy":"category","embeddable":true,"href":"https:\/\/fraynelson.com\/blog\/wp-json\/wp\/v2\/categories?post=36804"},{"taxonomy":"post_tag","embeddable":true,"href":"https:\/\/fraynelson.com\/blog\/wp-json\/wp\/v2\/tags?post=36804"}],"curies":[{"name":"wp","href":"https:\/\/api.w.org\/{rel}","templated":true}]}}