{"id":368,"date":"2004-09-01T11:31:48","date_gmt":"2004-09-01T16:31:48","guid":{"rendered":"49938804"},"modified":"2005-09-13T09:18:30","modified_gmt":"2005-09-13T09:18:30","slug":"367","status":"publish","type":"post","link":"https:\/\/fraynelson.com\/blog\/2004\/09\/01\/367\/","title":{"rendered":"Una Experiencia de Fe y de Amor"},"content":{"rendered":"<p>En Ibagu\u00e9 me aguardaba otra sorpresa. Ciertamente el Se\u00f1or me quiere siempre disc\u00edpulo m\u00e1s que predicador o maestro. La sorpresa es ver el curso que va tomando la semilla de la gracia que hace cinco a\u00f1os plantaron Mar\u00eda Claudia y Mar\u00eda Margarita, dos amigas hermanadas por el deseo de la evangelizaci\u00f3n en serio y a gran escala.<\/p>\n<p><!--more--><\/p>\n<p>Mar\u00eda Claudia, haciendo caso omiso a las limitaciones que podr\u00eda imponerla su enfermedad, una especie de artritis irreversible, dirige semanalmente un programa de oraci\u00f3n y formaci\u00f3n cristiana en Radio Mar\u00eda de Bogot\u00e1. Se trata de una vigilia que cada jueves nos invita a unirnos a la Pasi\u00f3n Dolorosa y Redentora de Nuestro Se\u00f1or Jesucristo en esp\u00edritu de recogimiento y tambi\u00e9n en el deseo de aprender sobre la realidad del pecado y sobre la posibilidad de la conversi\u00f3n y reeducaci\u00f3n de la vida.<\/p>\n<p>Paralelamente, Mar\u00eda Margarita ha venido dirigiendo otras vigilias, esta vez mensuales, en alguna parroquia en Ibagu\u00e9. Tambi\u00e9n en este caso el prop\u00f3sito es de oraci\u00f3n y de reparaci\u00f3n por los pecados propios y del mundo entero. La iniciativa, que podr\u00eda parecer irrealizable o de dif\u00edcil permanencia, muy al contrario se ha ido consolidando, de manera que ya hay otras parroquias de la capital del Tolima que quieren tener esa misma experiencia de oraci\u00f3n y vida espiritual.<\/p>\n<p>Estas dos mujeres audaces han sido acompa\u00f1adas y apoyadas por varios sacerdotes, como los Padres de la Santa Cruz, pero por una raz\u00f3n que no comprendo totalmente, me han pedido que sea yo quien ayude a coordinar y madurar su proyecto de cara al futuro. A eso vine; \u00a1Dios me ayude!<\/p>\n","protected":false},"excerpt":{"rendered":"<p>En Ibagu\u00e9 me aguardaba otra sorpresa. Ciertamente el Se\u00f1or me quiere siempre disc\u00edpulo m\u00e1s que predicador o maestro. La sorpresa es ver el curso que va tomando la semilla de la gracia que hace cinco a\u00f1os plantaron Mar\u00eda Claudia y Mar\u00eda Margarita, dos amigas hermanadas por el deseo de la evangelizaci\u00f3n en serio y a &hellip; <\/p>\n<p class=\"link-more\"><a href=\"https:\/\/fraynelson.com\/blog\/2004\/09\/01\/367\/\" class=\"more-link\">Continuar leyendo<span class=\"screen-reader-text\"> &#8220;Una Experiencia de Fe y de Amor&#8221;<\/span><\/a><\/p>\n","protected":false},"author":1138,"featured_media":0,"comment_status":"open","ping_status":"open","sticky":false,"template":"","format":"standard","meta":{"footnotes":""},"categories":[3],"tags":[],"class_list":["post-368","post","type-post","status-publish","format-standard","hentry","category-noticias-personales"],"jetpack_featured_media_url":"","_links":{"self":[{"href":"https:\/\/fraynelson.com\/blog\/wp-json\/wp\/v2\/posts\/368","targetHints":{"allow":["GET"]}}],"collection":[{"href":"https:\/\/fraynelson.com\/blog\/wp-json\/wp\/v2\/posts"}],"about":[{"href":"https:\/\/fraynelson.com\/blog\/wp-json\/wp\/v2\/types\/post"}],"author":[{"embeddable":true,"href":"https:\/\/fraynelson.com\/blog\/wp-json\/wp\/v2\/users\/1138"}],"replies":[{"embeddable":true,"href":"https:\/\/fraynelson.com\/blog\/wp-json\/wp\/v2\/comments?post=368"}],"version-history":[{"count":0,"href":"https:\/\/fraynelson.com\/blog\/wp-json\/wp\/v2\/posts\/368\/revisions"}],"wp:attachment":[{"href":"https:\/\/fraynelson.com\/blog\/wp-json\/wp\/v2\/media?parent=368"}],"wp:term":[{"taxonomy":"category","embeddable":true,"href":"https:\/\/fraynelson.com\/blog\/wp-json\/wp\/v2\/categories?post=368"},{"taxonomy":"post_tag","embeddable":true,"href":"https:\/\/fraynelson.com\/blog\/wp-json\/wp\/v2\/tags?post=368"}],"curies":[{"name":"wp","href":"https:\/\/api.w.org\/{rel}","templated":true}]}}