{"id":3660,"date":"2009-09-29T03:59:58","date_gmt":"2009-09-29T08:59:58","guid":{"rendered":"http:\/\/fraynelson.com\/blog\/?p=3660"},"modified":"2009-09-29T11:12:45","modified_gmt":"2009-09-29T16:12:45","slug":"sep-29-san-miguel-san-rafael-y-san-gabriel","status":"publish","type":"post","link":"https:\/\/fraynelson.com\/blog\/2009\/09\/29\/sep-29-san-miguel-san-rafael-y-san-gabriel\/","title":{"rendered":"Sep. 29: San Miguel, San Rafael y San Gabriel"},"content":{"rendered":"<p>Homil\u00eda para la Fiesta de los Santo Arc\u00e1ngeles<br \/>\n[<em>Si est\u00e1s leyendo esto en <strong>Facebook<\/strong> y deseas escuchar la predicaci\u00f3n a la que aqu\u00ed se hace referencia, haz click en &#8220;Publicaci\u00f3n Original.&#8221;<\/em>]<br \/>\n<div class=\"powerpress_player\" id=\"powerpress_player_3270\"><audio class=\"wp-audio-shortcode\" id=\"audio-3660-1\" preload=\"none\" style=\"width: 100%;\" controls=\"controls\"><source type=\"audio\/mpeg\" src=\"http:\/\/fraynelson.com\/homilias_mp3\/sarc004a.mp3?_=1\" \/><a href=\"http:\/\/fraynelson.com\/homilias_mp3\/sarc004a.mp3\">http:\/\/fraynelson.com\/homilias_mp3\/sarc004a.mp3<\/a><\/audio><\/div><\/p>\n","protected":false},"excerpt":{"rendered":"<p>Homil\u00eda para la Fiesta de los Santo Arc\u00e1ngeles [Si est\u00e1s leyendo esto en Facebook y deseas escuchar la predicaci\u00f3n a la que aqu\u00ed se hace referencia, haz click en &#8220;Publicaci\u00f3n Original.&#8221;]<\/p>\n","protected":false},"author":1138,"featured_media":0,"comment_status":"open","ping_status":"open","sticky":false,"template":"","format":"standard","meta":{"footnotes":""},"categories":[291,307],"tags":[],"class_list":["post-3660","post","type-post","status-publish","format-standard","hentry","category-audio","category-homilias"],"jetpack_featured_media_url":"","_links":{"self":[{"href":"https:\/\/fraynelson.com\/blog\/wp-json\/wp\/v2\/posts\/3660","targetHints":{"allow":["GET"]}}],"collection":[{"href":"https:\/\/fraynelson.com\/blog\/wp-json\/wp\/v2\/posts"}],"about":[{"href":"https:\/\/fraynelson.com\/blog\/wp-json\/wp\/v2\/types\/post"}],"author":[{"embeddable":true,"href":"https:\/\/fraynelson.com\/blog\/wp-json\/wp\/v2\/users\/1138"}],"replies":[{"embeddable":true,"href":"https:\/\/fraynelson.com\/blog\/wp-json\/wp\/v2\/comments?post=3660"}],"version-history":[{"count":2,"href":"https:\/\/fraynelson.com\/blog\/wp-json\/wp\/v2\/posts\/3660\/revisions"}],"predecessor-version":[{"id":3675,"href":"https:\/\/fraynelson.com\/blog\/wp-json\/wp\/v2\/posts\/3660\/revisions\/3675"}],"wp:attachment":[{"href":"https:\/\/fraynelson.com\/blog\/wp-json\/wp\/v2\/media?parent=3660"}],"wp:term":[{"taxonomy":"category","embeddable":true,"href":"https:\/\/fraynelson.com\/blog\/wp-json\/wp\/v2\/categories?post=3660"},{"taxonomy":"post_tag","embeddable":true,"href":"https:\/\/fraynelson.com\/blog\/wp-json\/wp\/v2\/tags?post=3660"}],"curies":[{"name":"wp","href":"https:\/\/api.w.org\/{rel}","templated":true}]}}