{"id":36399,"date":"2015-06-14T05:31:07","date_gmt":"2015-06-14T10:31:07","guid":{"rendered":"http:\/\/fraynelson.com\/blog\/?p=36399"},"modified":"2015-06-13T12:31:42","modified_gmt":"2015-06-13T17:31:42","slug":"alimento-20150616","status":"publish","type":"post","link":"https:\/\/fraynelson.com\/blog\/2015\/06\/14\/alimento-20150616\/","title":{"rendered":"ALIMENTO 20150616"},"content":{"rendered":"<div align=\"center\">\n<p><b>[<\/b> <a href=\"https:\/\/fraynelson.com\/blog\/2015\/06\/14\/alimento-20150616\/\" target=\"_blank\">Ver en la WEB<\/a> <b>] [<\/b> <a href=\"http:\/\/fraynelson.com\/suscripciones.html\" target=\"_blank\">Suscribirse \/ Darse de baja<\/a> <b>]<\/b><\/p>\n<\/div>\n<p><!--more--><\/p>\n<table border=\"0\" width=\"80%\" cellspacing=\"2\" cellpadding=\"2\" align=\"center\" bgcolor=\"#ffffcc\">\n<tbody>\n<tr>\n<td>\n<div align=\"center\">\n<table border=\"0\" cellspacing=\"0\" cellpadding=\"0\" align=\"center\" bgcolor=\"#ffffff\">\n<tbody>\n<tr>\n<td colspan=\"2\" bgcolor=\"#ffffcc\">\n<div align=\"center\"><img decoding=\"async\" src=\"http:\/\/fraynelson.com\/banco_imagenes\/casita.jpg\" alt=\"\" height=\"115\" \/><\/div>\n<\/td>\n<\/tr>\n<tr>\n<td colspan=\"2\" bgcolor=\"#ffffff\" height=\"1\">\n<div align=\"center\"><span style=\"color: #ffffff; font-family: Arial,Helvetica,sans-serif; font-size: xx-small;\"><img decoding=\"async\" src=\"http:\/\/fraynelson.com\/_blnk.gif\" alt=\"\" height=\"1\" vspace=\"1\" \/><\/span><\/div>\n<\/td>\n<\/tr>\n<tr>\n<td colspan=\"2\" bgcolor=\"#ffffff\" height=\"1\">\n<div align=\"center\">\n<table border=\"0\" width=\"98%\" cellspacing=\"0\" cellpadding=\"0\" align=\"center\" bgcolor=\"#590b00\">\n<tbody>\n<tr>\n<td width=\"5\" height=\"45\"><\/td>\n<td>\n<div align=\"center\">\n<p><span class=\"resaltado\"><span style=\"color: #ffffcc; font-family: Arial,Helvetica,sans-serif; font-size: medium;\"><strong>Alimento del Alma<\/strong><\/span><strong><br \/>\n<span style=\"color: #ffffcc; font-family: Arial,Helvetica,sans-serif; font-size: small;\">Martes 16 de junio de 2015<\/span><\/strong><\/span><br \/>\n<span style=\"color: #ffffcc; font-family: Arial,Helvetica,sans-serif; font-size: xx-small;\"><span class=\"cierre\">Convento de Santo Domingo, Bogot\u00e1, COLOMBIA.<br \/>\nTel. +57 (1) 249-3385<\/span><\/span><\/p>\n<\/div>\n<\/td>\n<td bgcolor=\"#ffcc99\">\n<div align=\"center\"><span style=\"color: #590b00; font-family: Arial,Helvetica,sans-serif; font-size: small;\"><strong>No. 8521<\/strong><\/span><\/div>\n<\/td>\n<\/tr>\n<\/tbody>\n<\/table>\n<\/div>\n<\/td>\n<\/tr>\n<tr>\n<td colspan=\"2\">\n<table border=\"0\" cellspacing=\"2\" cellpadding=\"2\" align=\"center\">\n<tbody>\n<tr>\n<td valign=\"top\" bgcolor=\"#ffffdd\" height=\"2989\">\n<table border=\"0\" width=\"98%\" align=\"center\">\n<tbody>\n<tr>\n<td colspan=\"2\" bgcolor=\"#ffcc99\">\n<div align=\"center\"><span style=\"color: #590b00; font-family: Verdana,Arial,Helvetica,sans-serif; font-size: small;\"><strong>Cada d\u00eda tiene su gracia&#8230;<\/strong><\/span><\/div>\n<\/td>\n<\/tr>\n<tr bgcolor=\"#ffffff\">\n<td>\n<p align=\"center\"><a href=\"http:\/\/is.gd\/fraynelson20150616\" target=\"_blank\"><img decoding=\"async\" src=\"http:\/\/fraynelson.com\/banco_imagenes\/b_lagracia.png\" alt=\"\" border=\"0\" \/><\/a><\/p>\n<\/td>\n<\/tr>\n<tr>\n<td colspan=\"2\" bgcolor=\"#ffcc99\"><\/td>\n<\/tr>\n<\/tbody>\n<\/table>\n<p>&nbsp;<\/p>\n<p align=\"center\"><a href=\"http:\/\/www.vatican.va\" target=\"_blank\"><img decoding=\"async\" src=\"http:\/\/fraynelson.com\/banco_imagenes\/boletin_izq_016.jpg\" alt=\"\" border=\"0\" \/><\/a><\/p>\n<p>&nbsp;<\/p>\n<table border=\"0\" width=\"98%\" align=\"center\">\n<tbody>\n<tr>\n<td colspan=\"2\" bgcolor=\"#ffcc99\">\n<div align=\"center\"><span style=\"color: #590b00; font-family: Verdana,Arial,Helvetica,sans-serif; font-size: small;\"><strong>A\u00fan m\u00e1s contenido,<br \/>\nen FRAYNELSON.COM y FRAYNELSON.NET:<\/strong><\/span><\/div>\n<\/td>\n<\/tr>\n<tr bgcolor=\"#ffffff\">\n<td>\n<div align=\"center\"><span style=\"color: #590b00; font-size: large;\">\u2022<\/span><\/div>\n<\/td>\n<td><a href=\"http:\/\/fraynelson.com\"><span style=\"color: #000066; font-family: Arial,Helvetica,sans-serif; font-size: small;\"><strong>Inicio<\/strong><\/span><\/a><\/td>\n<\/tr>\n<tr bgcolor=\"#ffffff\">\n<td>\n<div align=\"center\"><span style=\"color: #590b00; font-size: large;\">\u2022<\/span><\/div>\n<\/td>\n<td><a href=\"http:\/\/fraynelson.net\"><span style=\"color: #000066; font-family: Arial,Helvetica,sans-serif; font-size: small;\"><strong>AMIGOS EN LA FE<\/strong><\/span><\/a><\/td>\n<\/tr>\n<tr bgcolor=\"#ffffff\">\n<td>\n<div align=\"center\"><span style=\"color: #590b00; font-size: large;\">\u2022<\/span><\/div>\n<\/td>\n<td><a href=\"http:\/\/fraynelson.com\/calendario.php\"><span style=\"color: #000066; font-family: Arial,Helvetica,sans-serif; font-size: small;\"><strong>Calendario<\/strong><\/span><\/a><\/td>\n<\/tr>\n<tr bgcolor=\"#ffffff\">\n<td>\n<div align=\"center\"><span style=\"color: #590b00; font-size: large;\">\u2022<\/span><\/div>\n<\/td>\n<td><a href=\"https:\/\/fraynelson.com\/blog\/categorias\/audio\"><span style=\"color: #000066; font-family: Arial,Helvetica,sans-serif; font-size: small;\"><strong>Predicaci\u00f3n de viva voz<\/strong><\/span><\/a><\/td>\n<\/tr>\n<tr bgcolor=\"#ffffff\">\n<td>\n<div align=\"center\"><span style=\"color: #590b00; font-size: large;\">\u2022<\/span><\/div>\n<\/td>\n<td><a href=\"http:\/\/fraynelson.com\/homilias.html\"><span style=\"color: #000066; font-family: Arial,Helvetica,sans-serif; font-size: small;\"><strong>Homil\u00edas<\/strong><\/span><\/a><\/td>\n<\/tr>\n<tr bgcolor=\"#ffffff\">\n<td>\n<div align=\"center\"><span style=\"color: #590b00; font-size: large;\">\u2022<\/span><\/div>\n<\/td>\n<td><a href=\"http:\/\/fraynelson.com\/preguntas.php\"><span style=\"color: #000066; font-family: Arial,Helvetica,sans-serif; font-size: small;\"><strong>Preguntas y Respuestas<\/strong><\/span><\/a><\/td>\n<\/tr>\n<tr bgcolor=\"#ffffff\">\n<td>\n<div align=\"center\"><span style=\"color: #590b00; font-size: large;\">\u2022<\/span><\/div>\n<\/td>\n<td><a href=\"http:\/\/fraynelson.com\/imprenta.html\"><span style=\"color: #000066; font-family: Arial,Helvetica,sans-serif; font-size: small;\"><strong>Imprenta (PDF)<\/strong><\/span><\/a><\/td>\n<\/tr>\n<tr bgcolor=\"#ffffff\">\n<td>\n<div align=\"center\"><span style=\"color: #590b00; font-size: large;\">\u2022<\/span><\/div>\n<\/td>\n<td><a href=\"http:\/\/fraynelson.com\/wiki\"><span style=\"color: #000066; font-family: Arial,Helvetica,sans-serif; font-size: small;\"><strong>Wiki (transcripciones)<\/strong><\/span><\/a><\/td>\n<\/tr>\n<tr bgcolor=\"#ffffff\">\n<td>\n<div align=\"center\"><span style=\"color: #590b00; font-size: large;\">\u2022<\/span><\/div>\n<\/td>\n<td><a href=\"https:\/\/fraynelson.com\/blog\"><span style=\"color: #000066; font-family: Arial,Helvetica,sans-serif; font-size: small;\"><strong>Diario (Weblog)<\/strong><\/span><\/a><\/td>\n<\/tr>\n<tr bgcolor=\"#ffffff\">\n<td>\n<div align=\"center\"><span style=\"color: #590b00; font-size: large;\">\u2022<\/span><\/div>\n<\/td>\n<td><a href=\"http:\/\/fraynelson.com\/comunidad\/\"><span style=\"color: #000066; font-family: Arial,Helvetica,sans-serif; font-size: small;\"><strong>Oraci\u00f3n Compartida<\/strong><\/span><\/a><\/td>\n<\/tr>\n<tr bgcolor=\"#ffffff\">\n<td>\n<div align=\"center\"><span style=\"color: #590b00; font-size: large;\">\u2022<\/span><\/div>\n<\/td>\n<td><a href=\"http:\/\/www.htmlgear.tripod.com\/guest\/control.guest?u=fraynelson0&amp;i=1&amp;a=view\"><span style=\"color: #000066; font-family: Arial,Helvetica,sans-serif; font-size: small;\"><strong>Testimonios<\/strong><\/span><\/a><\/td>\n<\/tr>\n<tr bgcolor=\"#ffffff\">\n<td>\n<div align=\"center\"><span style=\"color: #590b00; font-size: large;\">\u2022<\/span><\/div>\n<\/td>\n<td><a href=\"http:\/\/fraynelson.com\/ayuda.html\"><span style=\"color: #000066; font-family: Arial,Helvetica,sans-serif; font-size: small;\"><strong>C\u00f3mo ayudar<\/strong><\/span><\/a><\/td>\n<\/tr>\n<tr bgcolor=\"#ffffff\">\n<td colspan=\"2\" bgcolor=\"#ffcc99\"><\/td>\n<\/tr>\n<\/tbody>\n<\/table>\n<p>&nbsp;<\/p>\n<p align=\"center\"><a href=\"http:\/\/www.opcolombia.org\" target=\"_blank\"><img decoding=\"async\" src=\"http:\/\/fraynelson.com\/banco_imagenes\/boletin_izq_02.jpg\" alt=\"\" border=\"0\" \/><\/a><\/p>\n<p>&nbsp;<\/p>\n<table border=\"0\" width=\"98%\" align=\"center\">\n<tbody>\n<tr>\n<td colspan=\"2\" bgcolor=\"#ffcc99\">\n<div align=\"center\"><span style=\"color: #590b00; font-family: Verdana,Arial,Helvetica,sans-serif; font-size: small;\"><strong>\u00a1 PONTE AL D\u00cdA !<br \/>\nEstas son nuestras series:<\/strong><\/span><\/div>\n<\/td>\n<\/tr>\n<tr bgcolor=\"#ffffff\">\n<td>\n<div align=\"center\"><span style=\"color: #590b00; font-size: large;\">\u2022<\/span><\/div>\n<\/td>\n<td><a href=\"https:\/\/fraynelson.com\/blog\/categorias\/iglesia-catolica\/biblioteca-pontificia\/\"><span style=\"color: #000066; font-family: Arial,Helvetica,sans-serif; font-size: small;\"><strong>Biblioteca Pontificia<\/strong><\/span><\/a><\/td>\n<\/tr>\n<tr bgcolor=\"#ffffff\">\n<td>\n<div align=\"center\"><span style=\"color: #590b00; font-size: large;\">\u2022<\/span><\/div>\n<\/td>\n<td><a href=\"https:\/\/fraynelson.com\/blog\/categorias\/teologia-espiritual\/las-palabras-del-angel\/\"><span style=\"color: #000066; font-family: Arial,Helvetica,sans-serif; font-size: small;\"><strong>Las Palabras del Angel<\/strong><\/span><\/a><\/td>\n<\/tr>\n<tr bgcolor=\"#ffffff\">\n<td>\n<div align=\"center\"><span style=\"color: #590b00; font-size: large;\">\u2022<\/span><\/div>\n<\/td>\n<td><a href=\"https:\/\/fraynelson.com\/blog\/categorias\/teologia-espiritual\/conoce-tu-dios\/\"><span style=\"color: #000066; font-family: Arial,Helvetica,sans-serif; font-size: small;\"><strong>Conoce a tu Dios (P. Jaime Forero, q.e.p.d)<\/strong><\/span><\/a><\/td>\n<\/tr>\n<tr bgcolor=\"#ffffff\">\n<td>\n<div align=\"center\"><span style=\"color: #590b00; font-size: large;\">\u2022<\/span><\/div>\n<\/td>\n<td><a href=\"https:\/\/fraynelson.com\/blog\/?s=ejercicios+perdon\"><span style=\"color: #000066; font-family: Arial,Helvetica,sans-serif; font-size: small;\"><strong>Ejercicios para el Perd\u00f3n (P. Jaime Forero, q.e.p.d)<\/strong><\/span><\/a><\/td>\n<\/tr>\n<tr bgcolor=\"#ffffff\">\n<td>\n<div align=\"center\"><span style=\"color: #590b00; font-size: large;\">\u2022<\/span><\/div>\n<\/td>\n<td><a href=\"http:\/\/fraynelson.com\/preguntas.php\"><span style=\"color: #000066; font-family: Arial,Helvetica,sans-serif; font-size: small;\"><strong>Preguntas &amp; Respuestas<\/strong><\/span><\/a><\/td>\n<\/tr>\n<tr bgcolor=\"#ffffff\">\n<td>\n<div align=\"center\"><span style=\"color: #590b00; font-size: large;\">\u2022<\/span><\/div>\n<\/td>\n<td><a href=\"http:\/\/www.youtube.com\/view_play_list?p=7155E7B865615CCF&amp;hl=es\"><span style=\"color: #000066; font-family: Arial,Helvetica,sans-serif; font-size: small;\"><strong>Videos publicados en el Bolet\u00edn<\/strong><\/span><\/a><\/td>\n<\/tr>\n<tr bgcolor=\"#ffffff\">\n<td>\n<div align=\"center\"><span style=\"color: #590b00; font-size: large;\">\u2022<\/span><\/div>\n<\/td>\n<td><a href=\"http:\/\/www.youtube.com\/view_play_list?p=E680DA141F25BCF5&amp;hl=es\"><span style=\"color: #000066; font-family: Arial,Helvetica,sans-serif; font-size: small;\"><strong>Cantos publicados en el Bolet\u00edn<\/strong><\/span><\/a><\/td>\n<\/tr>\n<tr bgcolor=\"#ffffff\">\n<td>\n<div align=\"center\"><span style=\"color: #590b00; font-size: large;\">\u2022<\/span><\/div>\n<\/td>\n<td><a href=\"http:\/\/fraynelson.com\/ayuda.html\"><span style=\"color: #000066; font-family: Arial,Helvetica,sans-serif; font-size: small;\"><strong>C\u00f3mo ayudar<\/strong><\/span><\/a><\/td>\n<\/tr>\n<tr bgcolor=\"#ffffff\">\n<td colspan=\"2\" bgcolor=\"#ffcc99\"><\/td>\n<\/tr>\n<\/tbody>\n<\/table>\n<p>&nbsp;<\/p>\n<div align=\"center\">\n<p><span class=\"resaltado\"><span style=\"font-family: Arial,Helvetica,sans-serif; font-size: small;\"><strong>Inscribe tu e-mail en:<br \/>\n<span style=\"color: red;\"><a href=\"http:\/\/www.fraynelson.com\">www.fraynelson.com<\/a><\/span><\/strong><\/span><\/span><\/p>\n<p>&nbsp;<\/p>\n<p align=\"center\"><a href=\"http:\/\/fraynelson.com\/ayuda.html\"><img decoding=\"async\" src=\"http:\/\/fraynelson.com\/banco_imagenes\/boletin_izq_03.jpg\" alt=\"\" border=\"0\" \/><\/a><\/p>\n<p><span class=\"resaltado\"><span style=\"font-family: Arial,Helvetica,sans-serif; font-size: small;\"><strong>Una canci\u00f3n <em>gratis<\/em><br \/>\npara este d\u00eda:<br \/>\n<a href=\"http:\/\/fraynelson.com\/cantos\/0101_Dios.rm\"><span style=\"font-size: x-large;\">Dios<\/span><\/a><\/strong><\/span><\/span><\/p>\n<p>&nbsp;<\/p>\n<\/div>\n<\/td>\n<td valign=\"top\">\n<div align=\"center\">\n<table border=\"0\" width=\"100%\" cellspacing=\"2\" cellpadding=\"0\" bgcolor=\"#ffffff\">\n<tbody>\n<tr>\n<td>\n<div align=\"left\"><span class=\"titulo1\"><span style=\"color: #590b00; font-family: Arial,Helvetica,sans-serif; font-size: small;\"><strong><em>* Para el MARTES: Pensamientos de San Josemar\u00eda *<\/em><\/strong><\/span><\/span><\/div>\n<\/td>\n<\/tr>\n<\/tbody>\n<\/table>\n<\/div>\n<table border=\"0\" width=\"100%\" cellspacing=\"0\" cellpadding=\"0\" bgcolor=\"#ffcd88\">\n<tbody>\n<tr>\n<td valign=\"center\" width=\"55%\"><a id=\"1\" name=\"1\"><\/a><\/p>\n<div align=\"left\"><a id=\"1\" name=\"1\"><\/a><img loading=\"lazy\" decoding=\"async\" src=\"http:\/\/fraynelson.com\/banco_imagenes\/arrow.gif\" alt=\"\" width=\"16\" height=\"15\" \/><a name=\"1\"><\/a><\/div>\n<\/td>\n<td>\n<div align=\"right\"><span class=\"titulo1\"><span style=\"color: #590b00; font-family: Arial,Helvetica,sans-serif; font-size: x-large;\">Evangelizar a trav\u00e9s de la amistad<\/span><\/span><\/div>\n<\/td>\n<\/tr>\n<tr>\n<td colspan=\"2\" valign=\"bottom\" bgcolor=\"#ffffcc\"><img loading=\"lazy\" decoding=\"async\" src=\"http:\/\/fraynelson.com\/banco_imagenes\/transparente.gif\" alt=\"\" width=\"8\" height=\"8\" \/><\/td>\n<\/tr>\n<tr>\n<td colspan=\"2\" valign=\"top\" bgcolor=\"#ffffcc\">\n<div align=\"justify\">\n<p><span style=\"color: #000000; font-family: Arial,Helvetica,sans-serif; font-size: small;\">Cuando te hablo de &#8220;apostolado de amistad&#8221;, me refiero a amistad &#8220;personal&#8221;, sacrificada, sincera: de t\u00fa a t\u00fa, de coraz\u00f3n a coraz\u00f3n.<\/span><\/p>\n<p>En el apostolado de amistad y confidencia, el primer paso es la comprensi\u00f3n, el servicio,&#8230; y la santa intransigencia en la doctrina.<\/p>\n<p>Quienes han encontrado a Cristo no pueden cerrarse en su ambiente: \u00a1triste cosa ser\u00eda ese empeque\u00f1ecimiento! Han de abrirse en abanico para llegar a todas las almas. Cada uno ha de crear -y de ensanchar- un c\u00edrculo de amigos, sobre el que influya con su prestigio profesional, con su conducta, con su amistad, procurando que Cristo influya por medio de ese prestigio profesional, de esa conducta, de esa amistad.<\/p>\n<p><a href=\"https:\/\/fraynelson.com\/blog\/categorias\/personas\/san-josemaria-escriva\/\">M\u00e1s pensamientos de San Josemar\u00eda<\/a>.<\/p>\n<p><span style=\"color: #000000; font-family: Arial,Helvetica,sans-serif; font-size: small;\"><strong>Fr. Nelson M.<br \/>\namigos@fraynelson.com<\/strong><\/span><\/p>\n<\/div>\n<\/td>\n<\/tr>\n<tr bgcolor=\"#ffffcc\">\n<td colspan=\"2\" valign=\"bottom\"><img loading=\"lazy\" decoding=\"async\" src=\"http:\/\/fraynelson.com\/banco_imagenes\/transparente.gif\" alt=\"\" width=\"8\" height=\"8\" \/><a class=\"linksmenu\" href=\"http:\/\/fraynelson.com\/sistema\/boletin\/mactboletin3.php#a\"><span style=\"color: #000066; font-family: Arial,Helvetica,sans-serif; font-size: xx-small;\"><strong>[arriba]<\/strong><\/span><\/a><\/td>\n<\/tr>\n<\/tbody>\n<\/table>\n<table border=\"0\" width=\"100%\" cellspacing=\"0\" cellpadding=\"0\" bgcolor=\"#ffcd88\">\n<tbody>\n<tr>\n<td valign=\"center\" width=\"55%\"><a id=\"2\" name=\"2\"><\/a><\/p>\n<div align=\"left\"><a id=\"2\" name=\"2\"><\/a><img loading=\"lazy\" decoding=\"async\" src=\"http:\/\/fraynelson.com\/banco_imagenes\/arrow.gif\" alt=\"\" width=\"16\" height=\"15\" \/><\/div>\n<\/td>\n<td>\n<div align=\"right\"><span class=\"titulo1\"><span style=\"color: #590b00; font-family: Arial,Helvetica,sans-serif; font-size: medium;\"><strong>La Foto de Hoy<\/strong><\/span><\/span><\/div>\n<\/td>\n<\/tr>\n<tr>\n<td colspan=\"2\" valign=\"bottom\" bgcolor=\"#ffffcc\"><img loading=\"lazy\" decoding=\"async\" src=\"http:\/\/fraynelson.com\/banco_imagenes\/transparente.gif\" alt=\"\" width=\"8\" height=\"8\" \/><\/td>\n<\/tr>\n<tr>\n<td colspan=\"2\" valign=\"top\" bgcolor=\"#ffffcc\">\n<div align=\"center\">\n<p><span style=\"color: #000000; font-family: Arial,Helvetica,sans-serif; font-size: xx-small;\"><a href=\"http:\/\/fraynelson.com\/fotodeldia.php\"><img decoding=\"async\" src=\"http:\/\/fraynelson.com\/banco_imagenes\/diario\/20150616.jpg\" alt=\"\" width=\"320\" border=\"0\" \/><\/a><br \/>\n<em>M\u00e1s all\u00e1 de lo que parece imposible&#8230;<\/em><\/span><\/p>\n<\/div>\n<\/td>\n<\/tr>\n<tr bgcolor=\"#ffffcc\">\n<td colspan=\"2\" valign=\"bottom\"><img loading=\"lazy\" decoding=\"async\" src=\"http:\/\/fraynelson.com\/banco_imagenes\/transparente.gif\" alt=\"\" width=\"8\" height=\"8\" \/><a class=\"linksmenu\" href=\"http:\/\/fraynelson.com\/sistema\/boletin\/mactboletin3.php#a\"><span style=\"color: #000066; font-family: Arial,Helvetica,sans-serif; font-size: xx-small;\"><strong>[arriba]<\/strong><\/span><\/a><\/td>\n<\/tr>\n<\/tbody>\n<\/table>\n<table border=\"0\" width=\"100%\" cellspacing=\"0\" cellpadding=\"0\" bgcolor=\"#ffcd88\">\n<tbody>\n<tr>\n<td valign=\"center\" width=\"55%\"><a id=\"3a\" name=\"3a\"><\/a><\/p>\n<div align=\"left\"><a id=\"3a\" name=\"3a\"><\/a><img loading=\"lazy\" decoding=\"async\" src=\"http:\/\/fraynelson.com\/banco_imagenes\/arrow.gif\" alt=\"\" width=\"16\" height=\"15\" \/><\/div>\n<\/td>\n<td>\n<div align=\"right\"><span class=\"titulo1\"><span style=\"color: #590b00; font-family: Arial,Helvetica,sans-serif; font-size: medium;\"><strong>Santo del D\u00eda<\/strong><\/span><\/span><\/div>\n<\/td>\n<\/tr>\n<tr>\n<td colspan=\"2\" valign=\"bottom\" bgcolor=\"#ffffcc\"><img loading=\"lazy\" decoding=\"async\" src=\"http:\/\/fraynelson.com\/banco_imagenes\/transparente.gif\" alt=\"\" width=\"8\" height=\"8\" \/><\/td>\n<\/tr>\n<tr>\n<td colspan=\"2\" valign=\"top\" bgcolor=\"#ffffcc\">\n<div align=\"left\">\n<p><span style=\"color: #000000; font-family: Arial,Helvetica,sans-serif; font-size: small;\"><b>Juan Francisco de Regis, Confesor (1597-1640)<\/b>.- <\/span><\/p>\n<p><span style=\"color: #000000; font-family: Arial,Helvetica,sans-serif; font-size: small;\">La tensi\u00f3n entre los cat\u00f3licos y los calvinistas franceses, -los que recibieron el nombre de hugonotes-, alimentada por los intereses pol\u00edticos de la Casa de Valois y la Casa de Guisa, fue aumentando en Francia.<\/span><\/p>\n<p>Estallar\u00e1 la guerra civil en el siglo XVI y se prolongar\u00e1 durante el siglo XVII.<\/p>\n<p>En uno de los per\u00edodos de paz en que se despierta el fervor religioso con manifestaciones polarizadas en torno a la Eucarist\u00eda y a la Sant\u00edsima Virgen, en n\u00edtido clima de resurgimiento cat\u00f3lico, nace Juan Francisco, en Foncouverte, en el a\u00f1o 1597, de unos padres campesinos acomodados.<\/p>\n<p>Cuando naci\u00f3, ya hab\u00eda pasado la terrible Noche de san Bartolom\u00e9 de 1572, en la que miles de hugonotes fueron asesinados en Par\u00eds y en otros lugares de Francia, con Coligny, su jefe.<\/p>\n<p>Y faltaba un a\u00f1o para que el rey Enrique IV, ya convertido al catolicismo, promulgara el Edicto de Nantes, que proporcionar\u00eda a los hugonotes libertad religiosa casi completa.<\/p>\n<p>Juan Francisco decidi\u00f3 entrar en la Compa\u00f1\u00eda de Jes\u00fas. Estaba comenzando los estudios teol\u00f3gicos, cuando se declara en Touluose la terrible epidemia de peste del a\u00f1o 1628.<\/p>\n<p>Hay abundantes muertes entre enfermos y enfermeros, hasta el punto de fallecer 87 jesuitas en tres a\u00f1os.<\/p>\n<p>Como hacen falta brazos para la enorme labor de caridad que tiene ante los ojos, no cesa de pedir insistentemente su plaza entre los que cooperan en lo que pueden, para dar algo de remedio al mal.<\/p>\n<p>Se hace ordenar sacerdote, precisamente para ello, aunque su decisi\u00f3n conlleve dificultades para la profesi\u00f3n solemne.<\/p>\n<p>Este hombre es tan de Dios, que cuando la obediencia le manda desempe\u00f1ar su ministerio sacerdotal en la regi\u00f3n de Montpellier, se hace notar por su predicaci\u00f3n, a pesar de que su estilo no goza del cuidado y pulcritud que tienen los sermones y pl\u00e1ticas de otros predicadores.<\/p>\n<p>Tan es as\u00ed, que ante el \u00e9xito de la multitudinaria asistencia y las conversiones que consigue, grandes figuras de la elocuencia sagrada van a escucharle y salen perplejos del discurso que han o\u00eddo, por la fuerza que transmite a pesar de la pobreza de expresi\u00f3n.<\/p>\n<p>Alguien lleg\u00f3 a decir, que \u00abse cre\u00eda lo que predicaba\u00bb. De hecho, logr\u00f3 provocar celotipias entre los oradores de fama, hasta el punto de acusarle ante su padre provincial, declarando que deshonraba el ministerio de la predicaci\u00f3n por las inconveniencias y trivialidades que sal\u00edan de su boca.<\/p>\n<p>\u00bfPor qu\u00e9 el Santo suscita envidia entre los m\u00e1s capacitados que \u00e9l? \u00bfPor qu\u00e9 la envidia de los dem\u00e1s es casi consustancial al Santo?<\/p>\n<p>\u00bfC\u00f3mo es posible que se d\u00e9 tanta envidia, exactamente entre los eclesi\u00e1sticos? Son preguntas a las que no se consigue dar respuesta adecuada.<\/p>\n<p>Quiso ir al Canad\u00e1 a predicar la fe. Pretend\u00eda acudir con deseo de martirio. Hace gestiones, lo solicit\u00f3 a sus superiores que le prometieron mandarlo, pero aquello no fue posible.<\/p>\n<p>Su Canad\u00e1 result\u00f3 ser m\u00e1s al norte de Francia, en la regi\u00f3n del Vivarais, donde estuvo el resto de su vida.<\/p>\n<p>All\u00ed fue donde se pudo comprobar m\u00e1s palpablemente el talante de aquel religioso grandote y flaco, que con su sotana ra\u00edda y parcheada, buscaba a las almas.<\/p>\n<p>La regi\u00f3n era el reducto inexpugnable de los hugonotes, que hab\u00edan ido escap\u00e1ndose de las frecuentes persecuciones.<\/p>\n<p>La Di\u00f3cesis de Viviers se encontraba en un deplorable estado espiritual. La mayor parte de los puestos eclesi\u00e1sticos se hallaban en manos de los protestantes. S\u00f3lo veinte sacerdotes cat\u00f3licos ten\u00eda la Di\u00f3cesis, \u00a1y en qu\u00e9 estado!<\/p>\n<p>La ignorancia, la pobreza, el abandono y las costumbres nada ejemplares, hab\u00edan hecho presa en ellos. Le ocup\u00f3 la preocupaci\u00f3n de atenderles, lo que otra vez volvi\u00f3 a acarrearle inconvenientes.<\/p>\n<p>Algunos que no quer\u00edan salir de su \u00absituaci\u00f3n establecida\u00bb, le culparon ante el Obispo de rigorismo excesivo y de que su predicaci\u00f3n, -llena de s\u00e1tiras e invectivas-, creaba el desorden en las parroquias.<\/p>\n<p>La calumnia lleg\u00f3 hasta Roma, desde donde le recomiendan los jefes prudencia y le prohiben exuberancia en el celo. Creyeron m\u00e1s f\u00e1cilmente a los \u00abinstalados\u00bb que al Santo. \u00bfPor qu\u00e9 ser\u00e1 eso?<\/p>\n<p>Si los sacerdotes estaban as\u00ed, no es dif\u00edcil imaginar la situaci\u00f3n de la gente. A pie recorre, sube por los picos de la intrincada monta\u00f1a, camina por los senderos, predica en las iglesias, visita las casas, catequiza, convence y convierte.<\/p>\n<p>All\u00ed comienzan los lugare\u00f1os a llamarle \u00abel Santo\u00bb, y se llenan las iglesias m\u00e1s grandes de gente \u00e1vida de escucharle.<\/p>\n<p>Organiza la caridad. Funda casas para sacar de la prostituci\u00f3n a j\u00f3venes de vida descaminada. No le sobra tiempo. Pasa noches en oraci\u00f3n, y la labor de confesonario no se cuenta por horas, sino por ma\u00f1anas y tardes.<\/p>\n<p>As\u00ed le sorprendi\u00f3 la muerte cuando s\u00f3lo contaba \u00e9l 43 a\u00f1os de edad. Derrumb\u00e1ndose despu\u00e9s de una jornada de confesonario ante los presentes que a\u00fan esperaban su turno para recibir el perd\u00f3n, cinco d\u00edas despu\u00e9s march\u00f3 al Cielo. Era el a\u00f1o 1640.<\/p>\n<p>Y, \u00absi hay un Santo a quien pueda invocarse como Patr\u00f3n de las misiones rurales en tierras de Francia, \u00e9ste es San Juan Francisco de Regis\u00bb, lo dijo P\u00edo XII.<\/p>\n<\/div>\n<\/td>\n<\/tr>\n<tr bgcolor=\"#ffffcc\">\n<td colspan=\"2\" valign=\"bottom\"><img loading=\"lazy\" decoding=\"async\" src=\"http:\/\/fraynelson.com\/banco_imagenes\/transparente.gif\" alt=\"\" width=\"8\" height=\"8\" \/><a class=\"linksmenu\" href=\"http:\/\/fraynelson.com\/sistema\/boletin\/mactboletin3.php#a\"><span style=\"color: #000066; font-family: Arial,Helvetica,sans-serif; font-size: xx-small;\"><strong>[arriba]<\/strong><\/span><\/a><\/td>\n<\/tr>\n<\/tbody>\n<\/table>\n<table border=\"0\" width=\"100%\" cellspacing=\"0\" cellpadding=\"0\" bgcolor=\"#ffcd88\">\n<tbody>\n<tr>\n<td valign=\"center\" width=\"55%\"><a id=\"3b\" name=\"3b\"><\/a><\/p>\n<div align=\"left\"><a id=\"3b\" name=\"3b\"><\/a><img loading=\"lazy\" decoding=\"async\" src=\"http:\/\/fraynelson.com\/banco_imagenes\/arrow.gif\" alt=\"\" width=\"16\" height=\"15\" \/><\/div>\n<\/td>\n<td>\n<div align=\"right\"><span class=\"titulo1\"><span style=\"color: #590b00; font-family: Arial,Helvetica,sans-serif; font-size: medium;\"><strong>Cumplea\u00f1os<\/strong><\/span><\/span><\/div>\n<\/td>\n<\/tr>\n<tr>\n<td colspan=\"2\" valign=\"bottom\" bgcolor=\"#ffffcc\"><img loading=\"lazy\" decoding=\"async\" src=\"http:\/\/fraynelson.com\/banco_imagenes\/transparente.gif\" alt=\"\" width=\"8\" height=\"8\" \/><\/td>\n<\/tr>\n<tr>\n<td colspan=\"2\" valign=\"top\" bgcolor=\"#ffffcc\">\n<div align=\"left\">\n<p><span style=\"color: #000000; font-family: Arial,Helvetica,sans-serif; font-size: small;\"><img decoding=\"async\" src=\"http:\/\/fraynelson.com\/banco_imagenes\/cumple.gif\" alt=\"\" border=\"0\" \/> <b>Liliana Velandia<\/b>.- Bogot\u00e1, Colombia <\/span><\/p>\n<p><span style=\"color: #000000; font-family: Arial,Helvetica,sans-serif; font-size: small;\"><img decoding=\"async\" src=\"http:\/\/fraynelson.com\/banco_imagenes\/cumple.gif\" alt=\"\" border=\"0\" \/> <b>Iv\u00e1n Roberto Gait\u00e1n Torres<\/b>.- <\/span><\/p>\n<p><span style=\"color: #000000; font-family: Arial,Helvetica,sans-serif; font-size: small;\"><img decoding=\"async\" src=\"http:\/\/fraynelson.com\/banco_imagenes\/cumple.gif\" alt=\"\" border=\"0\" \/> <b>Ignacio Flandorffer <\/b>.- <\/span><\/p>\n<p><span style=\"color: #000000; font-family: Arial,Helvetica,sans-serif; font-size: small;\"><img decoding=\"async\" src=\"http:\/\/fraynelson.com\/banco_imagenes\/cumple.gif\" alt=\"\" border=\"0\" \/> <b>Fray Atanasio Fl\u00f3rez Molina, O.P.<\/b>.- Colombia<\/span><\/p>\n<p><span style=\"color: #000000; font-family: Arial,Helvetica,sans-serif; font-size: small;\"><img decoding=\"async\" src=\"http:\/\/fraynelson.com\/banco_imagenes\/cumple.gif\" alt=\"\" border=\"0\" \/> <b>Mar\u00eda Betania A\u00f1ez E.<\/b>.- Santa Cruz, Bolivia &#8211; Que el Se\u00f1or y la Virgen Mar\u00eda te bendigan, te den salud y protecci\u00f3n, mi hija querida.<\/span><\/p>\n<p><span style=\"color: #000000; font-family: Arial,Helvetica,sans-serif; font-size: small;\"><img decoding=\"async\" src=\"http:\/\/fraynelson.com\/banco_imagenes\/cumple.gif\" alt=\"\" border=\"0\" \/> <b>Leticia Sanche<\/b>.- D.F., M\u00e9xico &#8211; Gracias a Dios por un a\u00f1o m\u00e1s de existencia. Se\u00f1or, el tiempo que me quede por permancecer aqu\u00ed, te lo ofrezco s\u00f3lo a ti.<\/span><\/p>\n<p><span style=\"color: #000000; font-family: Arial,Helvetica,sans-serif; font-size: small;\"><img decoding=\"async\" src=\"http:\/\/fraynelson.com\/banco_imagenes\/cumple.gif\" alt=\"\" border=\"0\" \/> <b>Orlando J\u00f3se Malaver G.<\/b>.- Nueva Bolivia Estado Merida, Venezuela &#8211; La Sant\u00edsima Trinidad te Bendiga y te guarde por siempre. Te amo hijo. Felicitaciones en tu cumplea\u00f1os.<\/span><\/p>\n<p><span style=\"color: #000000; font-family: Arial,Helvetica,sans-serif; font-size: small;\"><img decoding=\"async\" src=\"http:\/\/fraynelson.com\/banco_imagenes\/cumple.gif\" alt=\"\" border=\"0\" \/> <b>Padre Jos\u00e9 Gregorio S\u00e1nchez Trivi\u00f1o<\/b>.- Ibagu\u00e9-Tolima, Colombia &#8211; Doy gracias al Dios de la vida por tu maravillosa existencia, especialmente por todo lo que me ha enriquecido tu amistad. Nazaret <\/span><\/p>\n<p><span style=\"color: #000000; font-family: Arial,Helvetica,sans-serif; font-size: small;\">[<a href=\"http:\/\/fraynelson.com\/calendario.php\">A\u00f1ade otro cumplea\u00f1os<\/a>]<\/span><\/p>\n<\/div>\n<\/td>\n<\/tr>\n<tr bgcolor=\"#ffffcc\">\n<td colspan=\"2\" valign=\"bottom\"><img loading=\"lazy\" decoding=\"async\" src=\"http:\/\/fraynelson.com\/banco_imagenes\/transparente.gif\" alt=\"\" width=\"8\" height=\"8\" \/><a class=\"linksmenu\" href=\"http:\/\/fraynelson.com\/sistema\/boletin\/mactboletin3.php#a\"><span style=\"color: #000066; font-family: Arial,Helvetica,sans-serif; font-size: xx-small;\"><strong>[arriba]<\/strong><\/span><\/a><\/td>\n<\/tr>\n<\/tbody>\n<\/table>\n<table border=\"0\" width=\"100%\" cellspacing=\"0\" cellpadding=\"0\" bgcolor=\"#ffcd88\">\n<tbody>\n<tr>\n<td valign=\"center\" width=\"55%\"><a id=\"3c\" name=\"3c\"><\/a><\/p>\n<div align=\"left\"><a id=\"3c\" name=\"3c\"><\/a><img loading=\"lazy\" decoding=\"async\" src=\"http:\/\/fraynelson.com\/banco_imagenes\/arrow.gif\" alt=\"\" width=\"16\" height=\"15\" \/><\/div>\n<\/td>\n<td>\n<div align=\"right\"><span class=\"titulo1\"><span style=\"color: #590b00; font-family: Arial,Helvetica,sans-serif; font-size: medium;\"><strong>Bautismos<\/strong><\/span><\/span><\/div>\n<\/td>\n<\/tr>\n<tr>\n<td colspan=\"2\" valign=\"bottom\" bgcolor=\"#ffffcc\"><img loading=\"lazy\" decoding=\"async\" src=\"http:\/\/fraynelson.com\/banco_imagenes\/transparente.gif\" alt=\"\" width=\"8\" height=\"8\" \/><\/td>\n<\/tr>\n<tr>\n<td colspan=\"2\" valign=\"top\" bgcolor=\"#ffffcc\">\n<div align=\"left\">\n<p><span style=\"color: #000000; font-family: Arial,Helvetica,sans-serif; font-size: small;\">[<a href=\"http:\/\/fraynelson.com\/calendario.php\">A\u00f1ade otro aniversario de bautismo<\/a>]<\/span><\/p>\n<\/div>\n<\/td>\n<\/tr>\n<tr bgcolor=\"#ffffcc\">\n<td colspan=\"2\" valign=\"bottom\"><img loading=\"lazy\" decoding=\"async\" src=\"http:\/\/fraynelson.com\/banco_imagenes\/transparente.gif\" alt=\"\" width=\"8\" height=\"8\" \/><a class=\"linksmenu\" href=\"http:\/\/fraynelson.com\/sistema\/boletin\/mactboletin3.php#a\"><span style=\"color: #000066; font-family: Arial,Helvetica,sans-serif; font-size: xx-small;\"><strong>[arriba]<\/strong><\/span><\/a><\/td>\n<\/tr>\n<\/tbody>\n<\/table>\n<table border=\"0\" width=\"100%\" cellspacing=\"0\" cellpadding=\"0\" bgcolor=\"#ffcd88\">\n<tbody>\n<tr>\n<td valign=\"center\" width=\"55%\"><a id=\"3d\" name=\"3d\"><\/a><\/p>\n<div align=\"left\"><a id=\"3d\" name=\"3d\"><\/a><img loading=\"lazy\" decoding=\"async\" src=\"http:\/\/fraynelson.com\/banco_imagenes\/arrow.gif\" alt=\"\" width=\"16\" height=\"15\" \/><\/div>\n<\/td>\n<td>\n<div align=\"right\"><span class=\"titulo1\"><span style=\"color: #590b00; font-family: Arial,Helvetica,sans-serif; font-size: medium;\"><strong>Aniversario de Ordenaci\u00f3n Sacerdotal<\/strong><\/span><\/span><\/div>\n<\/td>\n<\/tr>\n<tr>\n<td colspan=\"2\" valign=\"bottom\" bgcolor=\"#ffffcc\"><img loading=\"lazy\" decoding=\"async\" src=\"http:\/\/fraynelson.com\/banco_imagenes\/transparente.gif\" alt=\"\" width=\"8\" height=\"8\" \/><\/td>\n<\/tr>\n<tr>\n<td colspan=\"2\" valign=\"top\" bgcolor=\"#ffffcc\">\n<div align=\"left\">\n<p><span style=\"color: #000000; font-family: Arial,Helvetica,sans-serif; font-size: small;\"><img decoding=\"async\" src=\"http:\/\/fraynelson.com\/banco_imagenes\/orden.gif\" alt=\"\" border=\"0\" \/> <b>Luis Guillermo Mart\u00edn Guzm\u00e1n<\/b>.- Ordenaci\u00f3n Diaconal. Bogot\u00e1, Colombia (2002) <\/span><\/p>\n<p><span style=\"color: #000000; font-family: Arial,Helvetica,sans-serif; font-size: small;\">[<a href=\"http:\/\/fraynelson.com\/calendario.php\">A\u00f1ade otro aniversario de ordenaci\u00f3n<\/a>]<\/span><\/p>\n<\/div>\n<\/td>\n<\/tr>\n<tr bgcolor=\"#ffffcc\">\n<td colspan=\"2\" valign=\"bottom\"><img loading=\"lazy\" decoding=\"async\" src=\"http:\/\/fraynelson.com\/banco_imagenes\/transparente.gif\" alt=\"\" width=\"8\" height=\"8\" \/><a class=\"linksmenu\" href=\"http:\/\/fraynelson.com\/sistema\/boletin\/mactboletin3.php#a\"><span style=\"color: #000066; font-family: Arial,Helvetica,sans-serif; font-size: xx-small;\"><strong>[arriba]<\/strong><\/span><\/a><\/td>\n<\/tr>\n<\/tbody>\n<\/table>\n<table border=\"0\" width=\"100%\" cellspacing=\"0\" cellpadding=\"0\" bgcolor=\"#ffcd88\">\n<tbody>\n<tr>\n<td valign=\"center\" width=\"55%\"><a id=\"3e\" name=\"3e\"><\/a><\/p>\n<div align=\"left\"><a id=\"3e\" name=\"3e\"><\/a><img loading=\"lazy\" decoding=\"async\" src=\"http:\/\/fraynelson.com\/banco_imagenes\/arrow.gif\" alt=\"\" width=\"16\" height=\"15\" \/><\/div>\n<\/td>\n<td>\n<div align=\"right\"><span class=\"titulo1\"><span style=\"color: #590b00; font-family: Arial,Helvetica,sans-serif; font-size: medium;\"><strong>Aniversario de Matrimonio<\/strong><\/span><\/span><\/div>\n<\/td>\n<\/tr>\n<tr>\n<td colspan=\"2\" valign=\"bottom\" bgcolor=\"#ffffcc\"><img loading=\"lazy\" decoding=\"async\" src=\"http:\/\/fraynelson.com\/banco_imagenes\/transparente.gif\" alt=\"\" width=\"8\" height=\"8\" \/><\/td>\n<\/tr>\n<tr>\n<td colspan=\"2\" valign=\"top\" bgcolor=\"#ffffcc\">\n<div align=\"left\">\n<p><span style=\"color: #000000; font-family: Arial,Helvetica,sans-serif; font-size: small;\"><img decoding=\"async\" src=\"http:\/\/fraynelson.com\/banco_imagenes\/matri.gif\" alt=\"\" border=\"0\" \/> <b>Oscar y Claudia Moncada<\/b>.- Matagalpa, Nicaragua (1999) &#8211; Gracias Se\u00f1or por tu amor infinito con nosotros.<\/span><\/p>\n<p><span style=\"color: #000000; font-family: Arial,Helvetica,sans-serif; font-size: small;\"><img decoding=\"async\" src=\"http:\/\/fraynelson.com\/banco_imagenes\/matri.gif\" alt=\"\" border=\"0\" \/> <b>H\u00e9ctor y Tula Mar\u00eda<\/b>.- Madrid Winder, Georgia, Estados Unidos (1979) &#8211; Damos infinitas gracias al Se\u00f1or porque nos ha permitido estar juntos tantos a\u00f1os.<\/span><\/p>\n<p><span style=\"color: #000000; font-family: Arial,Helvetica,sans-serif; font-size: small;\">[<a href=\"http:\/\/fraynelson.com\/calendario.php\">A\u00f1ade otro aniversario de matrimonio<\/a>]<\/span><\/p>\n<\/div>\n<\/td>\n<\/tr>\n<tr bgcolor=\"#ffffcc\">\n<td colspan=\"2\" valign=\"bottom\"><img loading=\"lazy\" decoding=\"async\" src=\"http:\/\/fraynelson.com\/banco_imagenes\/transparente.gif\" alt=\"\" width=\"8\" height=\"8\" \/><a class=\"linksmenu\" href=\"http:\/\/fraynelson.com\/sistema\/boletin\/mactboletin3.php#a\"><span style=\"color: #000066; font-family: Arial,Helvetica,sans-serif; font-size: xx-small;\"><strong>[arriba]<\/strong><\/span><\/a><\/td>\n<\/tr>\n<\/tbody>\n<\/table>\n<table border=\"0\" width=\"100%\" cellspacing=\"0\" cellpadding=\"0\" bgcolor=\"#ffcd88\">\n<tbody>\n<tr>\n<td valign=\"center\" width=\"55%\"><a id=\"3f\" name=\"3f\"><\/a><\/p>\n<div align=\"left\"><a id=\"3f\" name=\"3f\"><\/a><img loading=\"lazy\" decoding=\"async\" src=\"http:\/\/fraynelson.com\/banco_imagenes\/arrow.gif\" alt=\"\" width=\"16\" height=\"15\" \/><\/div>\n<\/td>\n<td>\n<div align=\"right\"><span class=\"titulo1\"><span style=\"color: #590b00; font-family: Arial,Helvetica,sans-serif; font-size: medium;\"><strong>Grupos, Comunidades, Congregaciones&#8230;<\/strong><\/span><\/span><\/div>\n<\/td>\n<\/tr>\n<tr>\n<td colspan=\"2\" valign=\"bottom\" bgcolor=\"#ffffcc\"><img loading=\"lazy\" decoding=\"async\" src=\"http:\/\/fraynelson.com\/banco_imagenes\/transparente.gif\" alt=\"\" width=\"8\" height=\"8\" \/><\/td>\n<\/tr>\n<tr>\n<td colspan=\"2\" valign=\"top\" bgcolor=\"#ffffcc\">\n<div align=\"left\">\n<p><span style=\"color: #000000; font-family: Arial,Helvetica,sans-serif; font-size: small;\">[<a href=\"http:\/\/fraynelson.com\/calendario.php\">A\u00f1ade otro aniversario de un grupo<\/a>]<\/span><\/p>\n<\/div>\n<\/td>\n<\/tr>\n<tr bgcolor=\"#ffffcc\">\n<td colspan=\"2\" valign=\"bottom\"><img loading=\"lazy\" decoding=\"async\" src=\"http:\/\/fraynelson.com\/banco_imagenes\/transparente.gif\" alt=\"\" width=\"8\" height=\"8\" \/><a class=\"linksmenu\" href=\"http:\/\/fraynelson.com\/sistema\/boletin\/mactboletin3.php#a\"><span style=\"color: #000066; font-family: Arial,Helvetica,sans-serif; font-size: xx-small;\"><strong>[arriba]<\/strong><\/span><\/a><\/td>\n<\/tr>\n<\/tbody>\n<\/table>\n<table border=\"0\" width=\"100%\" cellspacing=\"0\" cellpadding=\"0\" bgcolor=\"#ffcd88\">\n<tbody>\n<tr>\n<td valign=\"center\" width=\"55%\"><a id=\"3g\" name=\"3g\"><\/a><\/p>\n<div align=\"left\"><a id=\"3g\" name=\"3g\"><\/a><img loading=\"lazy\" decoding=\"async\" src=\"http:\/\/fraynelson.com\/banco_imagenes\/arrow.gif\" alt=\"\" width=\"16\" height=\"15\" \/><\/div>\n<\/td>\n<td>\n<div align=\"right\"><span class=\"titulo1\"><span style=\"color: #590b00; font-family: Arial,Helvetica,sans-serif; font-size: medium;\"><strong>Evangelizaci\u00f3n Viva para hoy y los pr\u00f3ximos d\u00edas<\/strong><\/span><\/span><\/div>\n<\/td>\n<\/tr>\n<tr>\n<td colspan=\"2\" valign=\"bottom\" bgcolor=\"#ffffcc\"><img loading=\"lazy\" decoding=\"async\" src=\"http:\/\/fraynelson.com\/banco_imagenes\/transparente.gif\" alt=\"\" width=\"8\" height=\"8\" \/><\/td>\n<\/tr>\n<tr>\n<td colspan=\"2\" valign=\"top\" bgcolor=\"#ffffcc\">\n<div align=\"left\">\n<p><span style=\"color: #000000; font-family: Arial,Helvetica,sans-serif; font-size: small;\">[<a href=\"http:\/\/fraynelson.com\/calendario.php\">A\u00f1ade otro evento de evangelizaci\u00f3n<\/a>: Son bienvenidas fechas futuras, por ejemplo si deseas dar a conocer alg\u00fan congreso, concierto, retiro, o similares]<\/span><\/p>\n<\/div>\n<\/td>\n<\/tr>\n<tr bgcolor=\"#ffffcc\">\n<td colspan=\"2\" valign=\"bottom\"><img loading=\"lazy\" decoding=\"async\" src=\"http:\/\/fraynelson.com\/banco_imagenes\/transparente.gif\" alt=\"\" width=\"8\" height=\"8\" \/><a class=\"linksmenu\" href=\"http:\/\/fraynelson.com\/sistema\/boletin\/mactboletin3.php#a\"><span style=\"color: #000066; font-family: Arial,Helvetica,sans-serif; font-size: xx-small;\"><strong>[arriba]<\/strong><\/span><\/a><\/td>\n<\/tr>\n<\/tbody>\n<\/table>\n<table border=\"0\" width=\"100%\" cellspacing=\"0\" cellpadding=\"0\" bgcolor=\"#ffcd88\">\n<tbody>\n<tr>\n<td valign=\"center\" width=\"55%\"><a id=\"3h\" name=\"3h\"><\/a><\/p>\n<div align=\"left\"><a id=\"3h\" name=\"3h\"><\/a><img loading=\"lazy\" decoding=\"async\" src=\"http:\/\/fraynelson.com\/banco_imagenes\/arrow.gif\" alt=\"\" width=\"16\" height=\"15\" \/><\/div>\n<\/td>\n<td>\n<div align=\"right\"><span class=\"titulo1\"><span style=\"color: #590b00; font-family: Arial,Helvetica,sans-serif; font-size: medium;\"><strong>Otras fechas importantes para ti<\/strong><\/span><\/span><\/div>\n<\/td>\n<\/tr>\n<tr>\n<td colspan=\"2\" valign=\"bottom\" bgcolor=\"#ffffcc\"><img loading=\"lazy\" decoding=\"async\" src=\"http:\/\/fraynelson.com\/banco_imagenes\/transparente.gif\" alt=\"\" width=\"8\" height=\"8\" \/><\/td>\n<\/tr>\n<tr>\n<td colspan=\"2\" valign=\"top\" bgcolor=\"#ffffcc\">\n<div align=\"left\">\n<p><span style=\"color: #000000; font-family: Arial,Helvetica,sans-serif; font-size: small;\"><img decoding=\"async\" src=\"http:\/\/fraynelson.com\/banco_imagenes\/otros_aniversarios.gif\" alt=\"\" border=\"0\" \/> <b>Laura Liliana Castro Jim\u00e9nez <\/b>.- Bucaramanga, Colombia (2009) &#8211; Hoy en la fecha que se celebra la fiesta de la Virgen del Perpetuo Socorro me consagro al triunfo del Inmaculado Coraz\u00f3n de Mar\u00eda, por eso pido oraci\u00f3n y gracia concedidas por Mamita Mar\u00eda. <\/span><\/p>\n<p><span style=\"color: #000000; font-family: Arial,Helvetica,sans-serif; font-size: small;\">[<a href=\"http:\/\/fraynelson.com\/calendario.php\">A\u00f1ade otros aniversarios de personas o parejas<\/a>]<\/span><\/p>\n<\/div>\n<\/td>\n<\/tr>\n<tr bgcolor=\"#ffffcc\">\n<td colspan=\"2\" valign=\"bottom\"><img loading=\"lazy\" decoding=\"async\" src=\"http:\/\/fraynelson.com\/banco_imagenes\/transparente.gif\" alt=\"\" width=\"8\" height=\"8\" \/><a class=\"linksmenu\" href=\"http:\/\/fraynelson.com\/sistema\/boletin\/mactboletin3.php#a\"><span style=\"color: #000066; font-family: Arial,Helvetica,sans-serif; font-size: xx-small;\"><strong>[arriba]<\/strong><\/span><\/a><\/td>\n<\/tr>\n<\/tbody>\n<\/table>\n<table border=\"0\" width=\"100%\" cellspacing=\"0\" cellpadding=\"0\" bgcolor=\"#ffcd88\">\n<tbody>\n<tr>\n<td valign=\"center\" width=\"55%\"><a id=\"3i\" name=\"3i\"><\/a><\/p>\n<div align=\"left\"><a id=\"3i\" name=\"3i\"><\/a><img loading=\"lazy\" decoding=\"async\" src=\"http:\/\/fraynelson.com\/banco_imagenes\/arrow.gif\" alt=\"\" width=\"16\" height=\"15\" \/><\/div>\n<\/td>\n<td>\n<div align=\"right\"><span class=\"titulo1\"><span style=\"color: #590b00; font-family: Arial,Helvetica,sans-serif; font-size: medium;\"><strong>Fallecieron en un d\u00eda como hoy&#8230;<\/strong><\/span><\/span><\/div>\n<\/td>\n<\/tr>\n<tr>\n<td colspan=\"2\" valign=\"bottom\" bgcolor=\"#ffffcc\"><img loading=\"lazy\" decoding=\"async\" src=\"http:\/\/fraynelson.com\/banco_imagenes\/transparente.gif\" alt=\"\" width=\"8\" height=\"8\" \/><\/td>\n<\/tr>\n<tr>\n<td colspan=\"2\" valign=\"top\" bgcolor=\"#ffffcc\">\n<div align=\"left\">\n<p><span style=\"color: #000000; font-family: Arial,Helvetica,sans-serif; font-size: small;\"><img decoding=\"async\" src=\"http:\/\/fraynelson.com\/banco_imagenes\/difuntos.gif\" alt=\"\" border=\"0\" \/> <b>Jaime Enrique Cardoso S\u00e1nchez<\/b>.- Santa Marta, Colombia (2011) &#8211; Gracias Fray Nelson por esta oportunidad de que poder orar por el eterno descanso mi esposo fallecido y deseo que cada mes podamos orar por el descanso de su alma y que el Se\u00f1or lo tenga en la eternidad.<\/span><\/p>\n<p><span style=\"color: #000000; font-family: Arial,Helvetica,sans-serif; font-size: small;\">[<a href=\"http:\/\/fraynelson.com\/calendario.php\">A\u00f1ade el nombre de personas fallecidas por las que quieres que oremos<\/a>]<\/span><\/p>\n<\/div>\n<\/td>\n<\/tr>\n<tr bgcolor=\"#ffffcc\">\n<td colspan=\"2\" valign=\"bottom\"><img loading=\"lazy\" decoding=\"async\" src=\"http:\/\/fraynelson.com\/banco_imagenes\/transparente.gif\" alt=\"\" width=\"8\" height=\"8\" \/><a class=\"linksmenu\" href=\"http:\/\/fraynelson.com\/sistema\/boletin\/mactboletin3.php#a\"><span style=\"color: #000066; font-family: Arial,Helvetica,sans-serif; font-size: xx-small;\"><strong>[arriba]<\/strong><\/span><\/a><\/td>\n<\/tr>\n<\/tbody>\n<\/table>\n<table border=\"0\" width=\"100%\" cellspacing=\"0\" cellpadding=\"0\" bgcolor=\"#ffcd88\">\n<tbody>\n<tr>\n<td valign=\"center\" width=\"55%\"><a id=\"4\" name=\"4\"><\/a><\/p>\n<div align=\"left\"><a id=\"4\" name=\"4\"><\/a><img loading=\"lazy\" decoding=\"async\" src=\"http:\/\/fraynelson.com\/banco_imagenes\/arrow.gif\" alt=\"\" width=\"16\" height=\"15\" \/><\/div>\n<\/td>\n<td>\n<div align=\"right\"><span class=\"titulo1\"><span style=\"color: #590b00; font-family: Arial,Helvetica,sans-serif; font-size: medium;\"><strong>Enlace recomendado para este d\u00eda<\/strong><\/span><\/span><\/div>\n<\/td>\n<\/tr>\n<tr>\n<td colspan=\"2\" valign=\"bottom\" bgcolor=\"#ffffcc\"><img loading=\"lazy\" decoding=\"async\" src=\"http:\/\/fraynelson.com\/banco_imagenes\/transparente.gif\" alt=\"\" width=\"8\" height=\"8\" \/><\/td>\n<\/tr>\n<tr>\n<td colspan=\"2\" valign=\"top\" bgcolor=\"#ffffcc\">\n<div align=\"center\">\n<p><span style=\"color: #000000; font-family: Arial,Helvetica,sans-serif; font-size: xx-small;\"><b>Mujer m\u00e1s rica del mundo quiere esterilizar a los m\u00e1s pobres<\/b><\/span><\/p>\n<p><center><span style=\"color: #000000; font-family: Arial,Helvetica,sans-serif; font-size: xx-small;\"><span style=\"color: #000000; font-family: Arial,Helvetica,sans-serif; font-size: xx-small;\"><a href=\"https:\/\/www.evernote.com\/shard\/s254\/sh\/90d2aa76-8793-490d-ba57-22e09f8ff737\/b430c754bbcbeec8f3b0dc5b5b018d63\" target=\"_blank\"><img decoding=\"async\" src=\"http:\/\/fraynelson.com\/banco_imagenes\/recomendados\/20150616.jpg\" alt=\"\" width=\"320\" border=\"0\" \/><\/a><\/span><\/span><\/p>\n<div align=\"left\">\n<p><em>&#8221; \u201cEvitando que los pobres procreen , podemos crear una nueva clase de australianos inteligentes , trabajadores y bien pagados que forjar\u00e1n nuestro futuro econ\u00f3mico \u201d, se\u00f1al\u00f3 Gina Rinehart una multimillonaria heredera de un imperio minero&#8230;&#8221; Haz click <a href=\"https:\/\/www.evernote.com\/shard\/s254\/sh\/90d2aa76-8793-490d-ba57-22e09f8ff737\/b430c754bbcbeec8f3b0dc5b5b018d63\" target=\"_blank\">AQU\u00cd<\/a>.<\/em><\/p>\n<\/div>\n<p><\/center><\/div>\n<\/td>\n<\/tr>\n<tr bgcolor=\"#ffffcc\">\n<td colspan=\"2\" valign=\"bottom\"><img loading=\"lazy\" decoding=\"async\" src=\"http:\/\/fraynelson.com\/banco_imagenes\/transparente.gif\" alt=\"\" width=\"8\" height=\"8\" \/><a class=\"linksmenu\" href=\"http:\/\/fraynelson.com\/sistema\/boletin\/mactboletin3.php#a\"><span style=\"color: #000066; font-family: Arial,Helvetica,sans-serif; font-size: xx-small;\"><strong>[arriba]<\/strong><\/span><\/a><\/td>\n<\/tr>\n<\/tbody>\n<\/table>\n<table border=\"0\" width=\"100%\" cellspacing=\"0\" cellpadding=\"0\" bgcolor=\"#ffcd88\">\n<tbody>\n<tr>\n<td valign=\"center\" width=\"55%\"><a id=\"5\" name=\"5\"><\/a><\/p>\n<div align=\"left\"><a id=\"5\" name=\"5\"><\/a><img loading=\"lazy\" decoding=\"async\" src=\"http:\/\/fraynelson.com\/banco_imagenes\/arrow.gif\" alt=\"\" width=\"16\" height=\"15\" \/><\/div>\n<\/td>\n<td>\n<div align=\"right\"><span class=\"titulo1\"><span style=\"color: #590b00; font-family: Arial,Helvetica,sans-serif; font-size: medium;\"><strong>Un poco de <span style=\"color: red;\"><em>Humor&#8230;<\/em><\/span><\/strong><\/span><\/span><\/div>\n<\/td>\n<\/tr>\n<tr>\n<td colspan=\"2\" valign=\"bottom\" bgcolor=\"#ffffcc\"><img loading=\"lazy\" decoding=\"async\" src=\"http:\/\/fraynelson.com\/banco_imagenes\/transparente.gif\" alt=\"\" width=\"8\" height=\"8\" \/><\/td>\n<\/tr>\n<tr>\n<td colspan=\"2\" valign=\"top\" bgcolor=\"#ffffcc\">\n<div align=\"center\">\n<p><span style=\"color: #000000; font-family: Arial,Helvetica,sans-serif; font-size: xx-small;\"><b>La ciencia al rescate<\/b><\/span><\/p>\n<div align=\"left\">\n<p><span style=\"color: #000000; font-family: Arial,Helvetica,sans-serif; font-size: xx-small;\">Llega un se\u00f1or borracho a su casa a las cuatro de la ma\u00f1ana, entra muy despacio a su casa para no despertar a su esposa, y al subir las escaleras se encuentra con ella. La se\u00f1ora le pregunta:<br \/>\n&#8211; \u00bfDe d\u00f3nde vienes?<br \/>\nY el se\u00f1or responde:<br \/>\n&#8211; Seg\u00fan Darwin, del mono.<\/span><\/p>\n<\/div>\n<\/div>\n<\/td>\n<\/tr>\n<tr bgcolor=\"#ffffcc\">\n<td colspan=\"2\" valign=\"bottom\"><img loading=\"lazy\" decoding=\"async\" src=\"http:\/\/fraynelson.com\/banco_imagenes\/transparente.gif\" alt=\"\" width=\"8\" height=\"8\" \/><a class=\"linksmenu\" href=\"http:\/\/fraynelson.com\/sistema\/boletin\/mactboletin3.php#a\"><span style=\"color: #000066; font-family: Arial,Helvetica,sans-serif; font-size: xx-small;\"><strong>[arriba]<\/strong><\/span><\/a><\/td>\n<\/tr>\n<\/tbody>\n<\/table>\n<hr \/>\n<hr \/>\n<p><center><\/p>\n<h2>Palabra de Dios<br \/>\npara alimentar tu d\u00eda<\/h2>\n<p><\/center><\/p>\n<hr \/>\n<table border=\"0\" width=\"100%\" cellspacing=\"0\" cellpadding=\"0\" bgcolor=\"#ffcd88\">\n<tbody>\n<tr>\n<td colspan=\"2\" valign=\"top\" bgcolor=\"#ffffff\">\n<div align=\"center\">\n<p><span style=\"color: #000000; font-family: Arial,Helvetica,sans-serif; font-size: small;\">Tiempo Ordinario, A\u00f1o Impar,<br \/>\nSemana No. 11, Martes<\/span><\/p>\n<\/div>\n<\/td>\n<\/tr>\n<\/tbody>\n<\/table>\n<hr \/>\n<table border=\"0\" width=\"100%\" cellspacing=\"0\" cellpadding=\"0\" bgcolor=\"#ffcd88\">\n<tbody>\n<tr>\n<td valign=\"center\" width=\"55%\"><a id=\"6\" name=\"6\"><\/a><\/p>\n<div align=\"left\"><a id=\"6\" name=\"6\"><\/a><img loading=\"lazy\" decoding=\"async\" src=\"http:\/\/fraynelson.com\/banco_imagenes\/arrow.gif\" alt=\"\" width=\"16\" height=\"15\" \/><\/div>\n<\/td>\n<td>\n<div align=\"right\"><span class=\"titulo1\"><span style=\"color: #590b00; font-family: Arial,Helvetica,sans-serif; font-size: medium;\"><strong>Lecturas de la S. Biblia<\/strong><\/span><\/span><\/div>\n<\/td>\n<\/tr>\n<tr>\n<td colspan=\"2\" valign=\"bottom\" bgcolor=\"#ffffcc\"><img loading=\"lazy\" decoding=\"async\" src=\"http:\/\/fraynelson.com\/banco_imagenes\/transparente.gif\" alt=\"\" width=\"8\" height=\"8\" \/><\/td>\n<\/tr>\n<tr>\n<td colspan=\"2\" valign=\"top\" bgcolor=\"#ffffcc\">\n<div align=\"justify\">\n<p><span style=\"color: #000000; font-family: Arial,Helvetica,sans-serif; font-size: small;\"><b>Temas de las lecturas: <\/b>Cristo se hizo pobre por vosotros * Alaba, alma m\u00eda, al Se\u00f1or. * Amad a vuestros enemigos<\/span><\/p>\n<p><span style=\"color: #000000; font-family: Arial,Helvetica,sans-serif; font-size: small;\"><b>Textos para este d\u00eda: <\/b><\/span><\/p>\n<p><span style=\"color: #000000; font-family: Arial,Helvetica,sans-serif; font-size: small;\"><b>2 Corintios 8,1-9<\/b>: <\/span><\/p>\n<p><span style=\"color: #000000; font-family: Arial,Helvetica,sans-serif; font-size: small;\">Queremos que conozc\u00e1is, hermanos, la gracia que Dios ha dado a las Iglesias de Macedonia: En las pruebas y desgracias creci\u00f3 su alegr\u00eda; y su pobreza extrema se desbord\u00f3 en un derroche de generosidad. Con todas sus fuerzas y a\u00fan por encima de sus fuerzas, os lo aseguro, con toda espontaneidad e insistencia nos pidieron como un favor que aceptara su aportaci\u00f3n en la colecta a favor de los santos. Y dieron m\u00e1s de lo que esper\u00e1bamos: se dieron a s\u00ed mismos, primero al Se\u00f1or y luego, como Dios quer\u00eda, tambi\u00e9n a nosotros. <\/span><\/p>\n<p><span style=\"color: #000000; font-family: Arial,Helvetica,sans-serif; font-size: small;\">En vista de eso, como fue Tito quien empez\u00f3 la cosa, le hemos pedido que d\u00e9 el \u00faltimo toque entre vosotros a esta obra de caridad. Ya que sobresal\u00eds en todo: en la fe, en la palabra, en el conocimiento, en el empe\u00f1o y en el cari\u00f1o que nos ten\u00e9is; distingu\u00edos tambi\u00e9n ahora por vuestra generosidad. No es que os lo mande; os hablo del empe\u00f1o que ponen otros para comprobar si vuestro amor es genuino. Porque ya sab\u00e9is lo generoso que fue nuestro Se\u00f1or Jesucristo: siendo rico, se hizo pobre por vosotros, para enriqueceros con su pobreza.<\/span><\/p>\n<p><span style=\"color: #000000; font-family: Arial,Helvetica,sans-serif; font-size: small;\"><b>Salmo 145<\/b>: <\/span><\/p>\n<p><span style=\"color: #000000; font-family: Arial,Helvetica,sans-serif; font-size: small;\">Alabar\u00e9 al Se\u00f1or mientras viva, \/ ta\u00f1er\u00e9 para mi Dios mientras exista. R. <\/span><\/p>\n<p><span style=\"color: #000000; font-family: Arial,Helvetica,sans-serif; font-size: small;\">Dichoso a quien auxilia el Dios de Jacob, \/ el que espera en el Se\u00f1or, su Dios, \/ que hizo el cielo y la tierra, \/ el mar y cuanto hay en \u00e9l; \/ que mantiene su fidelidad perpetuamente. R. <\/span><\/p>\n<p><span style=\"color: #000000; font-family: Arial,Helvetica,sans-serif; font-size: small;\">Que hace justicia a los oprimidos, \/ que da pan a los hambrientos. El Se\u00f1or liberta a los cautivos. R. <\/span><\/p>\n<p><span style=\"color: #000000; font-family: Arial,Helvetica,sans-serif; font-size: small;\">El Se\u00f1or abre los ojos al ciego, \/ el Se\u00f1or endereza a los que ya se doblan, \/ el Se\u00f1or ama a los justos. \/ El Se\u00f1or guarda a los peregrinos. R.<\/span><\/p>\n<p><span style=\"color: #000000; font-family: Arial,Helvetica,sans-serif; font-size: small;\"><b>Mateo 5,43-48<\/b>: <\/span><\/p>\n<p><span style=\"color: #000000; font-family: Arial,Helvetica,sans-serif; font-size: small;\">En aquel tiempo, dijo Jes\u00fas a sus disc\u00edpulos: &#8220;Hab\u00e9is o\u00eddo que se dijo: &#8220;Amar\u00e1s a tu pr\u00f3jimo&#8221; y aborrecer\u00e1s a tu enemigo. Yo, en cambio, os digo: Amad a vuestros enemigos, y rezad por los que os persiguen. As\u00ed ser\u00e9is hijos de vuestro Padre que est\u00e1 en el cielo, que hace salir su sol sobre malos y buenos, y manda la lluvia a justos e injustos. Porque, si am\u00e1is a los os aman, \u00bfqu\u00e9 premio tendr\u00e9is? \u00bfNo hacen lo mismo tambi\u00e9n los publicanos? Y si salud\u00e1is s\u00f3lo a vuestros hermanos, \u00bfqu\u00e9 hac\u00e9is de extraordinario? \u00bfNo hacen lo mismo tambi\u00e9n los gentiles? Por tanto, sed perfectos, como vuestro Padre celestial es perfecto.&#8221;<\/span><\/p>\n<\/div>\n<\/td>\n<\/tr>\n<tr bgcolor=\"#ffffcc\">\n<td colspan=\"2\" valign=\"bottom\"><img loading=\"lazy\" decoding=\"async\" src=\"http:\/\/fraynelson.com\/banco_imagenes\/transparente.gif\" alt=\"\" width=\"8\" height=\"8\" \/><a class=\"linksmenu\" href=\"http:\/\/fraynelson.com\/sistema\/boletin\/mactboletin3.php#a\"><span style=\"color: #000066; font-family: Arial,Helvetica,sans-serif; font-size: xx-small;\"><strong>[arriba]<\/strong><\/span><\/a><\/td>\n<\/tr>\n<\/tbody>\n<\/table>\n<table border=\"0\" width=\"100%\" cellspacing=\"0\" cellpadding=\"0\" bgcolor=\"#ffcd88\">\n<tbody>\n<tr>\n<td valign=\"center\" width=\"55%\"><a id=\"7\" name=\"7\"><\/a><\/p>\n<div align=\"left\"><a id=\"7\" name=\"7\"><\/a><img loading=\"lazy\" decoding=\"async\" src=\"http:\/\/fraynelson.com\/banco_imagenes\/arrow.gif\" alt=\"\" width=\"16\" height=\"15\" \/><\/div>\n<\/td>\n<td>\n<div align=\"right\"><span class=\"titulo1\"><span style=\"color: #590b00; font-family: Arial,Helvetica,sans-serif; font-size: medium;\"><strong>Homil\u00edas para escuchar<\/strong><\/span><\/span><\/div>\n<\/td>\n<\/tr>\n<tr>\n<td colspan=\"2\" valign=\"bottom\" bgcolor=\"#ffffcc\"><img loading=\"lazy\" decoding=\"async\" src=\"http:\/\/fraynelson.com\/banco_imagenes\/transparente.gif\" alt=\"\" width=\"8\" height=\"8\" \/><\/td>\n<\/tr>\n<tr>\n<td colspan=\"2\" valign=\"top\" bgcolor=\"#ffffcc\">\n<div align=\"center\">\n<table border=\"2\" width=\"80%\" cellspacing=\"2\" cellpadding=\"2\">\n<tbody>\n<tr>\n<th valign=\"center\" bgcolor=\"#ffcc99\">\n<h4>Versi\u00f3n<\/h4>\n<\/th>\n<th valign=\"center\" bgcolor=\"#ffcc99\">\n<h4>Fecha<\/h4>\n<\/th>\n<th valign=\"center\" bgcolor=\"#ffcc99\">\n<h4>Escuchar<\/h4>\n<\/th>\n<th valign=\"center\" bgcolor=\"#ffcc99\">\n<h4>M\u00e1s&#8230;<\/h4>\n<\/th>\n<\/tr>\n<tr>\n<td bgcolor=\"#FFFFBD\">\n<p align=\"center\">1<\/p>\n<\/td>\n<td bgcolor=\"#FFFFBD\">1997\/06\/17<\/td>\n<td bgcolor=\"#FFFFBD\"><a href=\"http:\/\/fraynelson.com\/homilias.php?year=2015&amp;mon=06&amp;mday=16#1i112001amp3\"><img decoding=\"async\" title=\"Haz click para escuchar o grabar una versi\u00f3n en MP3\" src=\"http:\/\/fraynelson.com\/banco_imagenes\/mp3_icon.gif\" alt=\"Haz click para escuchar o grabar una versi\u00f3n en MP3\" border=\"0\" \/><\/a><br \/>\n<span style=\"color: brown;\"><i>El verdadero cristianismo est\u00e1 en perder algo en favor del hermano.<\/i><\/span><br \/>\n<b><\/b><\/td>\n<td bgcolor=\"#FFFFBD\">\n<p align=\"center\"><a href=\"http:\/\/fraynelson.com\/wiki\/index.php?title=i112001a\"><img decoding=\"async\" title=\"Click normal para ir a la transcripci\u00f3n\" src=\"http:\/\/fraynelson.com\/banco_imagenes\/text_icon.gif\" alt=\"Click normal para ir a la transcripci\u00f3n\" border=\"0\" \/><\/a><\/p>\n<\/td>\n<\/tr>\n<tr>\n<td bgcolor=\"#FFFFBD\">\n<p align=\"center\">2<\/p>\n<\/td>\n<td bgcolor=\"#FFFFBD\">1999\/06\/15<\/td>\n<td bgcolor=\"#FFFFBD\"><a href=\"http:\/\/fraynelson.com\/homilias.php?year=2015&amp;mon=06&amp;mday=16#2i112002amp3\"><img decoding=\"async\" title=\"Haz click para escuchar o grabar una versi\u00f3n en MP3\" src=\"http:\/\/fraynelson.com\/banco_imagenes\/mp3_icon.gif\" alt=\"Haz click para escuchar o grabar una versi\u00f3n en MP3\" border=\"0\" \/><\/a><br \/>\n<span style=\"color: brown;\"><i>Algunas reflexiones sobre la colecta de San Pablo.<\/i><\/span><br \/>\n<b><\/b><\/td>\n<td bgcolor=\"#FFFFBD\">\n<p align=\"center\"><a href=\"http:\/\/fraynelson.com\/wiki\/index.php?title=i112002a\"><img decoding=\"async\" title=\"Click normal para ir a la transcripci\u00f3n\" src=\"http:\/\/fraynelson.com\/banco_imagenes\/text_icon.gif\" alt=\"Click normal para ir a la transcripci\u00f3n\" border=\"0\" \/><\/a><\/p>\n<\/td>\n<\/tr>\n<tr>\n<td bgcolor=\"#FFFFBD\">\n<p align=\"center\">3<\/p>\n<\/td>\n<td bgcolor=\"#FFFFBD\">2001\/06\/19<\/td>\n<td bgcolor=\"#FFFFBD\"><a href=\"http:\/\/fraynelson.com\/homilias.php?year=2015&amp;mon=06&amp;mday=16#3i112003amp3\"><img decoding=\"async\" title=\"Haz click para escuchar o grabar una versi\u00f3n en MP3\" src=\"http:\/\/fraynelson.com\/banco_imagenes\/mp3_icon.gif\" alt=\"Haz click para escuchar o grabar una versi\u00f3n en MP3\" border=\"0\" \/><\/a><br \/>\n<span style=\"color: brown;\"><i>El amor necesita ser comparado y comprobado.<\/i><\/span><br \/>\n<b><\/b><\/td>\n<td bgcolor=\"#FFFFBD\">\n<p align=\"center\"><a href=\"http:\/\/fraynelson.com\/wiki\/index.php?title=i112003a\"><img decoding=\"async\" title=\"Click normal para ir a la transcripci\u00f3n\" src=\"http:\/\/fraynelson.com\/banco_imagenes\/text_icon.gif\" alt=\"Click normal para ir a la transcripci\u00f3n\" border=\"0\" \/><\/a><\/p>\n<\/td>\n<\/tr>\n<tr>\n<td bgcolor=\"#FFFFBD\">\n<p align=\"center\">4<\/p>\n<\/td>\n<td bgcolor=\"#FFFFBD\">2011\/06\/14<\/td>\n<td bgcolor=\"#FFFFBD\"><a href=\"http:\/\/fraynelson.com\/homilias.php?year=2015&amp;mon=06&amp;mday=16#4i112004amp3\"><img decoding=\"async\" title=\"Haz click para escuchar o grabar una versi\u00f3n en MP3\" src=\"http:\/\/fraynelson.com\/banco_imagenes\/mp3_icon.gif\" alt=\"Haz click para escuchar o grabar una versi\u00f3n en MP3\" border=\"0\" \/><\/a><br \/>\n<span style=\"color: brown;\"><i>Nuestra liturgia cat\u00f3lica celebra a Jesucristo. De modo intenso, el comienzo de su vida, en los tiempos de adviento y navidad, y luego su final en esta tierra, en cuaresma y pascua. El resto del a\u00f1o es el tiempo ordinario.<\/i><\/span><br \/>\n<b><\/b><\/td>\n<td bgcolor=\"#FFFFBD\">\n<p align=\"center\"><a href=\"http:\/\/fraynelson.com\/wiki\/index.php?title=i112004a\"><img decoding=\"async\" title=\"Click normal para ir a la transcripci\u00f3n\" src=\"http:\/\/fraynelson.com\/banco_imagenes\/text_icon.gif\" alt=\"Click normal para ir a la transcripci\u00f3n\" border=\"0\" \/><\/a><\/p>\n<\/td>\n<\/tr>\n<tr>\n<td bgcolor=\"#FFFFBD\">\n<p align=\"center\">5<\/p>\n<\/td>\n<td bgcolor=\"#FFFFBD\">2013\/06\/18<\/td>\n<td bgcolor=\"#FFFFBD\"><a href=\"http:\/\/fraynelson.com\/homilias.php?year=2015&amp;mon=06&amp;mday=16#5i112005amp3\"><img decoding=\"async\" title=\"Haz click para escuchar o grabar una versi\u00f3n en MP3\" src=\"http:\/\/fraynelson.com\/banco_imagenes\/mp3_icon.gif\" alt=\"Haz click para escuchar o grabar una versi\u00f3n en MP3\" border=\"0\" \/><\/a><br \/>\n<span style=\"color: brown;\"><i>El amor es mucho m\u00e1s que una transacci\u00f3n.<\/i><\/span><br \/>\n<b><\/b><\/td>\n<td bgcolor=\"#FFFFBD\">\n<p align=\"center\"><a href=\"http:\/\/fraynelson.com\/wiki\/index.php?title=i112005a\"><img decoding=\"async\" title=\"Click normal para ir a la transcripci\u00f3n\" src=\"http:\/\/fraynelson.com\/banco_imagenes\/text_icon.gif\" alt=\"Click normal para ir a la transcripci\u00f3n\" border=\"0\" \/><\/a><\/p>\n<\/td>\n<\/tr>\n<tr>\n<td bgcolor=\"#FFFFBD\">\n<p align=\"center\">6<\/p>\n<\/td>\n<td bgcolor=\"#FFFFBD\">2015\/06\/16<\/td>\n<td bgcolor=\"#FFFFBD\"><a href=\"http:\/\/fraynelson.com\/homilias.php?year=2015&amp;mon=06&amp;mday=16#6i112006amp3\"><img decoding=\"async\" title=\"Haz click para escuchar o grabar una versi\u00f3n en MP3\" src=\"http:\/\/fraynelson.com\/banco_imagenes\/mp3_icon.gif\" alt=\"Haz click para escuchar o grabar una versi\u00f3n en MP3\" border=\"0\" \/><\/a><br \/>\n<span style=\"color: brown;\"><i>San Pablo nos llama a responder a la generosidad divina, primero en la comunidad cristiana, y luego a trav\u00e9s de la misi\u00f3n.<\/i><\/span><br \/>\n<b><\/b><\/td>\n<td bgcolor=\"#FFFFBD\">\n<p align=\"center\"><a href=\"http:\/\/fraynelson.com\/wiki\/index.php?title=i112006a\"><img decoding=\"async\" title=\"Click normal para ir a la transcripci\u00f3n\" src=\"http:\/\/fraynelson.com\/banco_imagenes\/text_icon.gif\" alt=\"Click normal para ir a la transcripci\u00f3n\" border=\"0\" \/><\/a><\/p>\n<\/td>\n<\/tr>\n<\/tbody>\n<\/table>\n<\/div>\n<\/td>\n<\/tr>\n<tr bgcolor=\"#fffff0\">\n<td colspan=\"2\">\n<p align=\"center\"><span style=\"color: #000000; font-family: Arial,Helvetica,sans-serif; font-size: small;\">M\u00e1s informaci\u00f3n sobre este d\u00eda <a href=\"http:\/\/fraynelson.com\/homilias.php?year=2015&amp;mon=06&amp;mday=16\">aqu\u00ed<\/a><\/span><\/p>\n<\/td>\n<\/tr>\n<tr bgcolor=\"#ffffcc\">\n<td colspan=\"2\" valign=\"bottom\"><img loading=\"lazy\" decoding=\"async\" src=\"http:\/\/fraynelson.com\/banco_imagenes\/transparente.gif\" alt=\"\" width=\"8\" height=\"8\" \/><a class=\"linksmenu\" href=\"http:\/\/fraynelson.com\/sistema\/boletin\/mactboletin3.php#a\"><span style=\"color: #000066; font-family: Arial,Helvetica,sans-serif; font-size: xx-small;\"><strong>[arriba]<\/strong><\/span><\/a><\/td>\n<\/tr>\n<\/tbody>\n<\/table>\n<table border=\"0\" width=\"100%\" cellspacing=\"0\" cellpadding=\"0\" bgcolor=\"#ffcd88\">\n<tbody>\n<tr>\n<td valign=\"center\" width=\"55%\">\n<div align=\"left\"><img loading=\"lazy\" decoding=\"async\" src=\"http:\/\/fraynelson.com\/banco_imagenes\/arrow.gif\" alt=\"\" width=\"16\" height=\"15\" \/><\/div>\n<\/td>\n<td>\n<div align=\"right\"><span class=\"titulo1\"><span style=\"color: #590b00; font-family: Arial,Helvetica,sans-serif; font-size: medium;\"><strong>Homil\u00eda para leer<\/strong><\/span><\/span><\/div>\n<\/td>\n<\/tr>\n<tr>\n<td colspan=\"2\" valign=\"bottom\" bgcolor=\"#ffffcc\"><img loading=\"lazy\" decoding=\"async\" src=\"http:\/\/fraynelson.com\/banco_imagenes\/transparente.gif\" alt=\"\" width=\"8\" height=\"8\" \/><\/td>\n<\/tr>\n<tr>\n<td colspan=\"2\" valign=\"top\" bgcolor=\"#ffffcc\">\n<div align=\"justify\">\n<p><span style=\"color: #000000; font-family: Arial,Helvetica,sans-serif; font-size: small;\"><b>Temas de las lecturas: <\/b>Cristo se hizo pobre por vosotros * Alaba, alma m\u00eda, al Se\u00f1or. * Amad a vuestros enemigos<\/span><\/p>\n<h4><span style=\"color: #000000; font-family: Arial,Helvetica,sans-serif; font-size: small;\">1. Razones para una colecta<\/span><\/h4>\n<p>1.1 Uno de los varios objetivos que Pablo ten\u00eda en la que nosotros llamamos &#8220;Segunda Carta a los Corintios&#8221; es motivar a estos fieles cristianos a mostrar su solidaridad econ\u00f3mica a trav\u00e9s de un proyecto grande: una colecta para apoyar a los cristianos de Palestina.<\/p>\n<p>1.2 Pablo am\u00f3 mucho ese proyecto, seg\u00fan podemos entender de sus escritos, y ello seguramente se deb\u00eda a que ve\u00eda en \u00e9l algo m\u00e1s que una recolecci\u00f3n y distribuci\u00f3n de limosnas. La manera como hace propaganda a la idea y el espacio que le dedica en sus ep\u00edstolas indica que, aunque sus destinatarios no lo tuviesen quiz\u00e1 tan claro, \u00e9l s\u00ed sab\u00eda que no era asunto s\u00f3lo de dineros.<\/p>\n<p>1.3 Esta gran colecta era entre otras cosas un signo visible de unidad. Y esto, ya hermoso en s\u00ed mismo, se hac\u00eda m\u00e1s significativo por una circunstancia: se trataba de la unidad entre los convertidos del juda\u00edsmo y los convertidos del paganismo. Cuando uno ha conocido un poco los niveles descomunales de prejuicio y mutuo desprecio que durante siglos se hab\u00edan levantado entre jud\u00edos y paganos, no puede sino admirar el proyecto del ap\u00f3stol. Se trataba ni m\u00e1s ni menos que de aprender a dar signos claros de presencia solidaria y de apoyo generoso, all\u00ed donde antes s\u00f3lo hab\u00edan germinado el odio, la iron\u00eda y el resentimiento.<\/p>\n<p>1.4 Y es interesante tambi\u00e9n ver c\u00f3mo argumenta Pablo su petici\u00f3n. Ante todo, quiere que los fieles sean conscientes para descubrir el bien recibido. Sin humillarlos les recuerda los tesoros que han llegado a sus vidas por el ministerio del Evangelio, porque sabe que s\u00f3lo puede dar el que ha recibido.<\/p>\n<p>1.5 Toda esta escena de vida cristiana del siglo I es un manantial de ense\u00f1anzas aplicables a nuestra vida, dos mil a\u00f1os despu\u00e9s. En todo esto aprendemos que el amor debe dar se\u00f1ales, que las comunidades de creyentes deben apoyarse y que toda contribuci\u00f3n verdadera y generosa nace de descubrir cu\u00e1nto nos ha enriquecido el amor de Dios en Cristo Jes\u00fas.<\/p>\n<h4>2. Amar a los que no nos aman<\/h4>\n<p>2.1 Si uno medita en el misterio de la gracia pronto descubre dos cosas: que es deleitable recibirla pero parece imposible comunicarla. Quiero decir: es hermoso sentirse uno amado sin merecerlo pero es dif\u00edcil amar a alguien si creemos que no se lo merece.<\/p>\n<p>2.2 El evangelio de hoy en cierto modo nos enfrenta con esa paradoja de nuestro comportamiento: queremos gracia pero nos cuesta &#8220;ser&#8221; gracia.<\/p>\n<p>2.3 \u00c9ramos enemigos de Dios por nuestras rebeld\u00edas y pecados, pero no por ello Dios dej\u00f3 de amarnos ni de buscar nuestro bien. Ahora, que hemos sido amados y redimidos, viene la pregunta: \u00bfestamos dispuestos a amar y buscar el bien de los que se portan como enemigos nuestros? \u00bfVamos, s\u00ed o no, a manifestar de qu\u00e9 amor hemos nacido?<\/p>\n<\/div>\n<\/td>\n<\/tr>\n<tr bgcolor=\"#ffffcc\">\n<td colspan=\"2\" valign=\"bottom\"><img loading=\"lazy\" decoding=\"async\" src=\"http:\/\/fraynelson.com\/banco_imagenes\/transparente.gif\" alt=\"\" width=\"8\" height=\"8\" \/><a class=\"linksmenu\" href=\"http:\/\/fraynelson.com\/sistema\/boletin\/mactboletin3.php#a\"><span style=\"color: #000066; font-family: Arial,Helvetica,sans-serif; font-size: xx-small;\"><strong>[arriba]<\/strong><\/span><\/a><\/td>\n<\/tr>\n<\/tbody>\n<\/table>\n<\/td>\n<\/tr>\n<\/tbody>\n<\/table>\n<table border=\"0\" width=\"100%\" cellspacing=\"0\" cellpadding=\"0\" bgcolor=\"#ffcd88\">\n<tbody>\n<tr>\n<td valign=\"center\" width=\"55%\"><a id=\"8\" name=\"8\"><\/a><\/p>\n<div align=\"left\"><a id=\"8\" name=\"8\"><\/a><img loading=\"lazy\" decoding=\"async\" src=\"http:\/\/fraynelson.com\/banco_imagenes\/arrow.gif\" alt=\"\" width=\"16\" height=\"15\" \/><\/div>\n<\/td>\n<td>\n<div align=\"right\"><span class=\"titulo1\"><span style=\"color: #590b00; font-family: Arial,Helvetica,sans-serif; font-size: x-large;\"><strong><span style=\"color: red;\"><em>Video<\/em><\/span> recomendado para este dia<em>!<\/em><\/strong><\/span><\/span><\/div>\n<\/td>\n<\/tr>\n<tr>\n<td colspan=\"2\" valign=\"bottom\" bgcolor=\"#ffffcc\"><img loading=\"lazy\" decoding=\"async\" src=\"http:\/\/fraynelson.com\/banco_imagenes\/transparente.gif\" alt=\"\" width=\"8\" height=\"8\" \/><\/td>\n<\/tr>\n<tr>\n<td colspan=\"2\" valign=\"top\" bgcolor=\"#ffffcc\">\n<div align=\"center\">\n<p><span style=\"color: #000000; font-family: Arial,Helvetica,sans-serif; font-size: small;\"><strong><a href=\"http:\/\/www.youtube.com\/watch?v=YAv7vBbhAQw\"><img decoding=\"async\" src=\"http:\/\/fraynelson.com\/banco_imagenes\/videos\/20150616.jpg\" alt=\"\" border=\"0\" \/><\/a><\/p>\n<p>Tema 7 de 10: Matrimonio y Virginidad * No es casualidad que San Pablo hable de matrimonio y virginidad de modo intr\u00ednsecamente conectado, en el cap\u00edtulo 7 de Primera Corintios. Son dos realidades vinculadas por la teolog\u00eda antropol\u00f3gica, por al eclesiolog\u00eda y por la m\u00edstica.<\/strong><\/span><\/p>\n<\/div>\n<\/td>\n<\/tr>\n<tr bgcolor=\"#ffffcc\">\n<td colspan=\"2\" valign=\"bottom\"><img loading=\"lazy\" decoding=\"async\" src=\"http:\/\/fraynelson.com\/banco_imagenes\/transparente.gif\" alt=\"\" width=\"8\" height=\"8\" \/><a class=\"linksmenu\" href=\"http:\/\/fraynelson.com\/sistema\/boletin\/mactboletin3.php#a\"><span style=\"color: #000066; font-family: Arial,Helvetica,sans-serif; font-size: xx-small;\"><strong>[arriba]<\/strong><\/span><\/a><\/td>\n<\/tr>\n<\/tbody>\n<\/table>\n<table border=\"0\" width=\"100%\" cellspacing=\"0\" cellpadding=\"0\" bgcolor=\"#ffcd88\">\n<tbody>\n<tr>\n<td valign=\"center\" width=\"55%\"><a id=\"9\" name=\"9\"><\/a><\/p>\n<div align=\"left\"><a id=\"9\" name=\"9\"><\/a><img loading=\"lazy\" decoding=\"async\" src=\"http:\/\/fraynelson.com\/banco_imagenes\/arrow.gif\" alt=\"\" width=\"16\" height=\"15\" \/><\/div>\n<\/td>\n<td>\n<div align=\"right\"><span class=\"titulo1\"><span style=\"color: #590b00; font-family: Arial,Helvetica,sans-serif; font-size: medium;\"><strong>Informaci\u00f3n legal y de suscripci\u00f3n<\/strong><\/span><\/span><\/div>\n<\/td>\n<\/tr>\n<tr>\n<td colspan=\"2\" valign=\"bottom\" bgcolor=\"#ffffcc\"><img loading=\"lazy\" decoding=\"async\" src=\"http:\/\/fraynelson.com\/banco_imagenes\/transparente.gif\" alt=\"\" width=\"8\" height=\"8\" \/><\/td>\n<\/tr>\n<tr>\n<td colspan=\"2\" valign=\"top\" bgcolor=\"#ffffcc\">\n<div align=\"justify\">\n<div align=\"justify\">\n<p><span style=\"color: #000000; font-family: Arial,Helvetica,sans-serif; font-size: small;\"><strong>Para saber m\u00e1s&#8230;<\/strong><\/span><\/p>\n<\/div>\n<\/div>\n<ul>\n<li>Este bolet\u00edn es el veh\u00edculo de comunicaci\u00f3n diario de la p\u00e1gina <a href=\"http:\/\/fraynelson.com\">FRAYNELSON.COM<\/a>, Casa para tu Fe Cat\u00f3lica. <strong>Servimos con gozo a la evangelizaci\u00f3n<\/strong> dentro de nuestra Iglesia, en comuni\u00f3n con el Santo Padre.<\/li>\n<li>Todos nuestros servicios y todo lo que encuentres en FRAYNELSON.COM es gratuito y solamente recibimos donaciones. Es decir: nunca cobramos ni aceptamos dinero por publicidad ni tampoco pagamos servicios. Todos <strong>nuestros donantes y colaboradores permanentes son voluntarios<\/strong> que viven y trabajan en distintas partes del mundo.<\/li>\n<li>Es posible que hayas recibido este mensaje sin haberlo solicitado. Nuestra intenci\u00f3n no es fastidiar a nadie, y por eso es sencillo el proceso de darse de baja. Si nunca pediste recibir este bolet\u00edn, es posible que alg\u00fan pariente o amigo tuyo haya incluido tu nombre y direcci\u00f3n. Con respeto te invito a que consideres lo que ofrecemos antes de dejarnos, pero en cualquier caso eres libre de darte de baja cuando quieras.<\/li>\n<li><i>Si deseas incluir en este bolet\u00edn tu cumplea\u00f1os, o una fecha que es importante para ti o tu familia o tu grupo<\/i>, entra a <a href=\"http:\/\/fraynelson.com\/calendario.php\"><strong>nuestro calendario<\/strong><\/a>. Las entradas a este calendario tiene que ser aprobadas antes de ser publicadas. El prop\u00f3sito es favorecer la oraci\u00f3n y amistad entre todos. \ud83d\ude42<\/li>\n<li>\u00a1Por supuesto t\u00fa tambi\u00e9n <strong>puedes invitar a otras personas<\/strong>! Estamos convencidos que un poco de nuestro Alimento del Alma puede hacer una GRAN DIFERENCIA en muchas vidas. Puedes responder a este correo indic\u00e1ndonos a qui\u00e9n quieres que regalemos nuestro Alimento. Por supuesto, si sospechas que a alguien no le va a interesar, no le hagas ni nos hagas perder tiempo. Sin embargo, es un hecho que m\u00e1s y m\u00e1s gente est\u00e1 siendo bendecida con nuestros servicios.<\/li>\n<li>Los textos del <b>SANTO DEL D\u00cdA<\/b> son responsabilidad y cortes\u00eda de <a href=\"http:\/\/aciprensa.com\">Aciprensa<\/a> o de la <a href=\"http:\/\/www.archimadrid.es\/\">Archidi\u00f3cesis de Madrid<\/a>. Ten en cuenta, sin embargo, que la celebraci\u00f3n lit\u00fargica de un santo o santa en particular depende de factores locales, del tiempo lit\u00fargico, de si cae en domingo, y algunos otros. Los breves esquemas que ofrecemos son s\u00f3lo para edificaci\u00f3n espiritual. Los dem\u00e1s textos no b\u00edblicos son responsabilidad de sus autores o si no se indica, de <b>Fray Nelson Medina, O.P.<\/b> Estos pueden ser divulgados declarando la fuente. Tus aportes en <strong>oraci\u00f3n, tiempo, servicios, ideas o dinero<\/strong> son siempre bienvenidos. Puedes visitar nuestra <a href=\"http:\/\/fraynelson.com\/ayuda.html\">p\u00e1gina de ayuda<\/a>.<\/li>\n<\/ul>\n<\/td>\n<\/tr>\n<tr bgcolor=\"#ffffcc\">\n<td colspan=\"2\" valign=\"bottom\"><img loading=\"lazy\" decoding=\"async\" src=\"http:\/\/fraynelson.com\/banco_imagenes\/transparente.gif\" alt=\"\" width=\"8\" height=\"8\" \/><a class=\"linksmenu\" href=\"http:\/\/fraynelson.com\/sistema\/boletin\/mactboletin3.php#a\"><span style=\"color: #000066; font-family: Arial,Helvetica,sans-serif; font-size: xx-small;\"><strong>[arriba]<\/strong><\/span><\/a><\/td>\n<\/tr>\n<\/tbody>\n<\/table>\n<\/td>\n<\/tr>\n<\/tbody>\n<\/table>\n<\/div>\n<\/td>\n<\/tr>\n<\/tbody>\n<\/table>\n","protected":false},"excerpt":{"rendered":"<p>[ Ver en la WEB ] [ Suscribirse \/ Darse de baja ]<\/p>\n","protected":false},"author":1138,"featured_media":0,"comment_status":"closed","ping_status":"closed","sticky":false,"template":"","format":"standard","meta":{"footnotes":""},"categories":[919],"tags":[],"class_list":["post-36399","post","type-post","status-publish","format-standard","hentry","category-boletin"],"jetpack_featured_media_url":"","_links":{"self":[{"href":"https:\/\/fraynelson.com\/blog\/wp-json\/wp\/v2\/posts\/36399","targetHints":{"allow":["GET"]}}],"collection":[{"href":"https:\/\/fraynelson.com\/blog\/wp-json\/wp\/v2\/posts"}],"about":[{"href":"https:\/\/fraynelson.com\/blog\/wp-json\/wp\/v2\/types\/post"}],"author":[{"embeddable":true,"href":"https:\/\/fraynelson.com\/blog\/wp-json\/wp\/v2\/users\/1138"}],"replies":[{"embeddable":true,"href":"https:\/\/fraynelson.com\/blog\/wp-json\/wp\/v2\/comments?post=36399"}],"version-history":[{"count":1,"href":"https:\/\/fraynelson.com\/blog\/wp-json\/wp\/v2\/posts\/36399\/revisions"}],"predecessor-version":[{"id":36400,"href":"https:\/\/fraynelson.com\/blog\/wp-json\/wp\/v2\/posts\/36399\/revisions\/36400"}],"wp:attachment":[{"href":"https:\/\/fraynelson.com\/blog\/wp-json\/wp\/v2\/media?parent=36399"}],"wp:term":[{"taxonomy":"category","embeddable":true,"href":"https:\/\/fraynelson.com\/blog\/wp-json\/wp\/v2\/categories?post=36399"},{"taxonomy":"post_tag","embeddable":true,"href":"https:\/\/fraynelson.com\/blog\/wp-json\/wp\/v2\/tags?post=36399"}],"curies":[{"name":"wp","href":"https:\/\/api.w.org\/{rel}","templated":true}]}}