{"id":35484,"date":"2015-05-03T14:35:13","date_gmt":"2015-05-03T19:35:13","guid":{"rendered":"http:\/\/fraynelson.com\/blog\/?p=35484"},"modified":"2015-05-03T14:35:13","modified_gmt":"2015-05-03T19:35:13","slug":"empeno","status":"publish","type":"post","link":"https:\/\/fraynelson.com\/blog\/2015\/05\/03\/empeno\/","title":{"rendered":"Empe\u00f1o"},"content":{"rendered":"<p>\u00abNunc coepi!\u00bb -\u00a1ahora comienzo!: es el grito del alma enamorada que, en cada instante, tanto si ha sido fiel como si le ha faltado generosidad, renueva su deseo de servir -\u00a1de amar!- con lealtad enteriza a nuestro Dios.<\/p>\n<p>Recupera el tiempo que has perdido descansando sobre los laureles de la complacencia en ti mismo&#8230; Aprieta el paso en la piedad y en el trabajo: \u00a1te queda tanto por recorrer a\u00fan!; convive a gusto con todos, tambi\u00e9n con los que te molestan; y esfu\u00e9rzate para amar -\u00a1para servir!- a quienes antes despreciabas.<\/p>\n<p><a href=\"https:\/\/fraynelson.com\/blog\/categorias\/personas\/san-josemaria-escriva\/\">M\u00e1s pensamientos de San Josemar\u00eda<\/a>.<\/p>\n","protected":false},"excerpt":{"rendered":"<p>\u00abNunc coepi!\u00bb -\u00a1ahora comienzo!: es el grito del alma enamorada que, en cada instante, tanto si ha sido fiel como si le ha faltado generosidad, renueva su deseo de servir -\u00a1de amar!- con lealtad enteriza a nuestro Dios. Recupera el tiempo que has perdido descansando sobre los laureles de la complacencia en ti mismo&#8230; Aprieta &hellip; <\/p>\n<p class=\"link-more\"><a href=\"https:\/\/fraynelson.com\/blog\/2015\/05\/03\/empeno\/\" class=\"more-link\">Continuar leyendo<span class=\"screen-reader-text\"> &#8220;Empe\u00f1o&#8221;<\/span><\/a><\/p>\n","protected":false},"author":1138,"featured_media":0,"comment_status":"closed","ping_status":"closed","sticky":false,"template":"","format":"standard","meta":{"footnotes":""},"categories":[953,350],"tags":[],"class_list":["post-35484","post","type-post","status-publish","format-standard","hentry","category-camino-surco-forja","category-vida_nueva"],"jetpack_featured_media_url":"","_links":{"self":[{"href":"https:\/\/fraynelson.com\/blog\/wp-json\/wp\/v2\/posts\/35484","targetHints":{"allow":["GET"]}}],"collection":[{"href":"https:\/\/fraynelson.com\/blog\/wp-json\/wp\/v2\/posts"}],"about":[{"href":"https:\/\/fraynelson.com\/blog\/wp-json\/wp\/v2\/types\/post"}],"author":[{"embeddable":true,"href":"https:\/\/fraynelson.com\/blog\/wp-json\/wp\/v2\/users\/1138"}],"replies":[{"embeddable":true,"href":"https:\/\/fraynelson.com\/blog\/wp-json\/wp\/v2\/comments?post=35484"}],"version-history":[{"count":1,"href":"https:\/\/fraynelson.com\/blog\/wp-json\/wp\/v2\/posts\/35484\/revisions"}],"predecessor-version":[{"id":35485,"href":"https:\/\/fraynelson.com\/blog\/wp-json\/wp\/v2\/posts\/35484\/revisions\/35485"}],"wp:attachment":[{"href":"https:\/\/fraynelson.com\/blog\/wp-json\/wp\/v2\/media?parent=35484"}],"wp:term":[{"taxonomy":"category","embeddable":true,"href":"https:\/\/fraynelson.com\/blog\/wp-json\/wp\/v2\/categories?post=35484"},{"taxonomy":"post_tag","embeddable":true,"href":"https:\/\/fraynelson.com\/blog\/wp-json\/wp\/v2\/tags?post=35484"}],"curies":[{"name":"wp","href":"https:\/\/api.w.org\/{rel}","templated":true}]}}