{"id":3542,"date":"2009-07-24T01:24:00","date_gmt":"2009-07-24T06:24:00","guid":{"rendered":"http:\/\/fraynelson.com\/blog\/?p=3542"},"modified":"2009-10-11T15:58:55","modified_gmt":"2009-10-11T20:58:55","slug":"la-victoria-es-de-nuestro-dios-4-de-4","status":"publish","type":"post","link":"https:\/\/fraynelson.com\/blog\/2009\/07\/24\/la-victoria-es-de-nuestro-dios-4-de-4\/","title":{"rendered":"La Victoria es de nuestro Dios, 4 de 4"},"content":{"rendered":"<div class=\"powerpress_player\" id=\"powerpress_player_4935\"><audio class=\"wp-audio-shortcode\" id=\"audio-3542-1\" preload=\"none\" style=\"width: 100%;\" controls=\"controls\"><source type=\"audio\/mpeg\" src=\"http:\/\/fraynelson.com\/conferencias\/discipulos\/la_victoria_es_de_nuestro_Dios_04_escenarios_de_la_evangelizacion_2.mp3?_=1\" \/><a href=\"http:\/\/fraynelson.com\/conferencias\/discipulos\/la_victoria_es_de_nuestro_Dios_04_escenarios_de_la_evangelizacion_2.mp3\">http:\/\/fraynelson.com\/conferencias\/discipulos\/la_victoria_es_de_nuestro_Dios_04_escenarios_de_la_evangelizacion_2.mp3<\/a><\/audio><\/div>\n<p>En la <b>Asamblea Nacional de la Renovaci\u00f3n Carism\u00e1tica<\/b> vimos la necesidad de reconocer que las oportunidades de evangelizaci\u00f3n son bien diversas y que se dan distintos escenarios. Aqu\u00ed se habla de los otros seis casos: Vertical-Descendente (v\u00e9ase Efesios 6,1-9); Horizontal-Forzoso (v\u00e9ase Hechos 27,9-12.20-26); Horizontal-Voluntario (v\u00e9ase Lucas 24); Misi\u00f3n-Activa (Hechos 2,29-36); Misi\u00f3n-Pasiva (Hechos 2,37-41) y Encuentro Fortuito.<\/p>\n","protected":false},"excerpt":{"rendered":"<p>En la Asamblea Nacional de la Renovaci\u00f3n Carism\u00e1tica vimos la necesidad de reconocer que las oportunidades de evangelizaci\u00f3n son bien diversas y que se dan distintos escenarios. Aqu\u00ed se habla de los otros seis casos: Vertical-Descendente (v\u00e9ase Efesios 6,1-9); Horizontal-Forzoso (v\u00e9ase Hechos 27,9-12.20-26); Horizontal-Voluntario (v\u00e9ase Lucas 24); Misi\u00f3n-Activa (Hechos 2,29-36); Misi\u00f3n-Pasiva (Hechos 2,37-41) y Encuentro &hellip; <\/p>\n<p class=\"link-more\"><a href=\"https:\/\/fraynelson.com\/blog\/2009\/07\/24\/la-victoria-es-de-nuestro-dios-4-de-4\/\" class=\"more-link\">Continuar leyendo<span class=\"screen-reader-text\"> &#8220;La Victoria es de nuestro Dios, 4 de 4&#8221;<\/span><\/a><\/p>\n","protected":false},"author":1138,"featured_media":0,"comment_status":"open","ping_status":"open","sticky":false,"template":"","format":"standard","meta":{"footnotes":""},"categories":[564,291,334,611,607,362],"tags":[],"class_list":["post-3542","post","type-post","status-publish","format-standard","hentry","category-564","category-audio","category-evangelizacion","category-611","category-madrid","category-renovacion_carismatica"],"jetpack_featured_media_url":"","_links":{"self":[{"href":"https:\/\/fraynelson.com\/blog\/wp-json\/wp\/v2\/posts\/3542","targetHints":{"allow":["GET"]}}],"collection":[{"href":"https:\/\/fraynelson.com\/blog\/wp-json\/wp\/v2\/posts"}],"about":[{"href":"https:\/\/fraynelson.com\/blog\/wp-json\/wp\/v2\/types\/post"}],"author":[{"embeddable":true,"href":"https:\/\/fraynelson.com\/blog\/wp-json\/wp\/v2\/users\/1138"}],"replies":[{"embeddable":true,"href":"https:\/\/fraynelson.com\/blog\/wp-json\/wp\/v2\/comments?post=3542"}],"version-history":[{"count":0,"href":"https:\/\/fraynelson.com\/blog\/wp-json\/wp\/v2\/posts\/3542\/revisions"}],"wp:attachment":[{"href":"https:\/\/fraynelson.com\/blog\/wp-json\/wp\/v2\/media?parent=3542"}],"wp:term":[{"taxonomy":"category","embeddable":true,"href":"https:\/\/fraynelson.com\/blog\/wp-json\/wp\/v2\/categories?post=3542"},{"taxonomy":"post_tag","embeddable":true,"href":"https:\/\/fraynelson.com\/blog\/wp-json\/wp\/v2\/tags?post=3542"}],"curies":[{"name":"wp","href":"https:\/\/api.w.org\/{rel}","templated":true}]}}