{"id":35192,"date":"2015-04-20T14:00:18","date_gmt":"2015-04-20T19:00:18","guid":{"rendered":"http:\/\/fraynelson.com\/blog\/?p=35192"},"modified":"2015-04-16T21:52:54","modified_gmt":"2015-04-17T02:52:54","slug":"himnos-de-completas-lunes-no-se-angustia-el-que-camina","status":"publish","type":"post","link":"https:\/\/fraynelson.com\/blog\/2015\/04\/20\/himnos-de-completas-lunes-no-se-angustia-el-que-camina\/","title":{"rendered":"Himnos de Completas &#8211; Lunes &#8211; No se angustia el que camina"},"content":{"rendered":"<p><strong>Lunes &#8211; No se angustia el que camina<\/strong><\/p>\n<p>No se angustia el que camina<br \/>\nsi no llega hasta su estrella;<br \/>\nella le sirve de gu\u00eda:<br \/>\neso le basta y le alegra.<\/p>\n<p>Muy temprano en la ma\u00f1ana<br \/>\nemprendimos el camino,<br \/>\nllenos de fe en tu palabra,<br \/>\nSe\u00f1or nuestro Jesucristo.<\/p>\n<p>Y al final de la jornada,<br \/>\nlevantamos nuestras manos;<br \/>\nen ti busca la mirada<br \/>\nsu refugio y su descanso.<\/p>\n<p>El reposo de la noche,<br \/>\nque recibe nuestro d\u00eda,<br \/>\nnos recuerda sin reproche<br \/>\nque la vida se termina.<\/p>\n<p>M\u00e1s all\u00e1 de nuestros sue\u00f1os,<br \/>\ny despu\u00e9s de las estrellas,<br \/>\npor tu gracia al fin seremos<br \/>\nel reba\u00f1o de tu diestra.<\/p>\n<p>Am\u00e9n.<\/p>\n<div class=\"powerpress_player\" id=\"powerpress_player_1144\"><audio class=\"wp-audio-shortcode\" id=\"audio-35192-1\" preload=\"none\" style=\"width: 100%;\" controls=\"controls\"><source type=\"audio\/mpeg\" src=\"http:\/\/fraynelson.com\/conferencias\/oracion\/himnos\/completas\/comp001a.mp3?_=1\" \/><a href=\"http:\/\/fraynelson.com\/conferencias\/oracion\/himnos\/completas\/comp001a.mp3\">http:\/\/fraynelson.com\/conferencias\/oracion\/himnos\/completas\/comp001a.mp3<\/a><\/audio><\/div>\n","protected":false},"excerpt":{"rendered":"<p>Lunes &#8211; No se angustia el que camina No se angustia el que camina si no llega hasta su estrella; ella le sirve de gu\u00eda: eso le basta y le alegra. Muy temprano en la ma\u00f1ana emprendimos el camino, llenos de fe en tu palabra, Se\u00f1or nuestro Jesucristo. Y al final de la jornada, levantamos &hellip; <\/p>\n<p class=\"link-more\"><a href=\"https:\/\/fraynelson.com\/blog\/2015\/04\/20\/himnos-de-completas-lunes-no-se-angustia-el-que-camina\/\" class=\"more-link\">Continuar leyendo<span class=\"screen-reader-text\"> &#8220;Himnos de Completas &#8211; Lunes &#8211; No se angustia el que camina&#8221;<\/span><\/a><\/p>\n","protected":false},"author":1138,"featured_media":0,"comment_status":"closed","ping_status":"closed","sticky":false,"template":"","format":"standard","meta":{"footnotes":""},"categories":[291,1218],"tags":[],"class_list":["post-35192","post","type-post","status-publish","format-standard","hentry","category-audio","category-completas"],"jetpack_featured_media_url":"","_links":{"self":[{"href":"https:\/\/fraynelson.com\/blog\/wp-json\/wp\/v2\/posts\/35192","targetHints":{"allow":["GET"]}}],"collection":[{"href":"https:\/\/fraynelson.com\/blog\/wp-json\/wp\/v2\/posts"}],"about":[{"href":"https:\/\/fraynelson.com\/blog\/wp-json\/wp\/v2\/types\/post"}],"author":[{"embeddable":true,"href":"https:\/\/fraynelson.com\/blog\/wp-json\/wp\/v2\/users\/1138"}],"replies":[{"embeddable":true,"href":"https:\/\/fraynelson.com\/blog\/wp-json\/wp\/v2\/comments?post=35192"}],"version-history":[{"count":2,"href":"https:\/\/fraynelson.com\/blog\/wp-json\/wp\/v2\/posts\/35192\/revisions"}],"predecessor-version":[{"id":35208,"href":"https:\/\/fraynelson.com\/blog\/wp-json\/wp\/v2\/posts\/35192\/revisions\/35208"}],"wp:attachment":[{"href":"https:\/\/fraynelson.com\/blog\/wp-json\/wp\/v2\/media?parent=35192"}],"wp:term":[{"taxonomy":"category","embeddable":true,"href":"https:\/\/fraynelson.com\/blog\/wp-json\/wp\/v2\/categories?post=35192"},{"taxonomy":"post_tag","embeddable":true,"href":"https:\/\/fraynelson.com\/blog\/wp-json\/wp\/v2\/tags?post=35192"}],"curies":[{"name":"wp","href":"https:\/\/api.w.org\/{rel}","templated":true}]}}